{"id":10461,"date":"2021-12-12T16:12:00","date_gmt":"2021-12-12T15:12:00","guid":{"rendered":"https:\/\/www.gjh.de\/frog\/?p=10461"},"modified":"2022-07-11T15:22:11","modified_gmt":"2022-07-11T13:22:11","slug":"landesbeirat-dezember-2021-leitantrag-masken-rauf-nazis-raus","status":"publish","type":"post","link":"https:\/\/www.gjh.de\/frog\/landesbeirat-dezember-2021-leitantrag-masken-rauf-nazis-raus\/","title":{"rendered":"LaBei Dezember 2021: Leitantrag: Masken rauf, Nazis raus!"},"content":{"rendered":"\n<p>Deutschland hat ein Problem. Ein Problem mit Rechtsextremismus und v\u00f6lkischem Nationalismus. Und genau dieses Problem wird in den kommenden vier Jahren weiter wachsen. Auch bei dieser Bundestagswahl war eine rechtsextreme und rassistische Partei wieder so erfolgreich, dass sie in den Bundestag einziehen konnte. Deshalb wollen wir nochmal ein klares Zeichen setzen!<\/p>\n\n\n\n<p><strong>Kein Geld f\u00fcr Nazis!<\/strong><\/p>\n\n\n\n<p>Mit dem Wiedereinzug der AfD in den Bundestag hat die Partei laut geltenden Gesetzen und politischer Praxis einen Anspruch auf eine F\u00f6rderung einer parteinahen Stiftung. Der Desiderius Erasmus Stiftung stehen laut Recherchen bis zu 70 Millionen Euro pro Jahr zu. Das bedeutet Antisemitismus, Rassismus &amp; gruppenbezogene Menschenfeindlichkeit sowie v\u00f6lkischer Nationalismus wird nicht<\/p>\n\n\n\n<p>nur finanziert, sondern bekommt auch ein Gesicht. F\u00fcr uns als GR\u00dcNE JUGEND Hessen ist klar: Parteinahe Stiftungen sollten nur dann Geld erhalten, wenn sie sich an Demokratie, Menschenrechten und Humanit\u00e4t orientieren. Es braucht endlich ein Gesetz mit dem dies sichergestellt werden kann. Es d\u00fcrfen keine staatlichen Mittel und Ressourcen genutzt werden, um antisemitische, rassistische, nationalistische und menschenverachtende Positionen zu verbreiten!<\/p>\n\n\n\n<p><strong>Kein Fu\u00dfbreit dem Faschismus!<\/strong><\/p>\n\n\n\n<p>Parteien, die die Erfolge von sozialen Bewegungen, Politiker*innen und Gewerkschaften zunichtemachen und so unsere Freiheiten einschr\u00e4nken, m\u00fcssen jederzeit mit unserem und dem Widerstand aller Demokrat*innen rechnen. Wir wissen: Rechtsextreme Parteien werden nicht trotz, sondern wegen ihrer menschenverachtenden Positionen gew\u00e4hlt. Gleichzeitig w\u00e4ren sie nicht so erfolgreich ohne ein generelles gesellschaftliches Klima, in dem Rassismus und andere gruppenbezogene Menschenfeindlichkeiten immer noch weit verbreitet sind. Zudem tragen die demokratischen Parteien, die z.B. deren rechte und restriktive Positionen in der Asylpolitik \u00fcbernehmen, ihren Teil dazu bei.<\/p>\n\n\n\n<p>Die AfD ist eine jugendfeindliche Partei. Diese Schlussforderung ergibt sich aus dem Studium ihres 96-seitigen Grundsatzprogramms, in dem die \u201eJugend\u201c praktisch keine Erw\u00e4hnung findet. Hier behauptet die AfD nur, dass Jugendliche immer brutalere Verbrechen begehen w\u00fcrden. Das zeigt eindeutig, wie populistisch und realit\u00e4tsfern das Bild der Partei von der Jugend ist. Das kritisieren wir aufs Sch\u00e4rfste. Denn genau auf diese Weise wird Angst vor Jugendlichen geschaffen und gesch\u00fcrt.<\/p>\n\n\n\n<p>Die rechten Parteien nutzen, wie viele rechte Bewegungen, die Meinungsfreiheit in der liberalen Demokratie um, wenn sie an der Macht sind, genau diese Meinungsfreiheit abzuschaffen.<br>F\u00fcr uns gilt: keine Toleranz der Intoleranz!<\/p>\n\n\n\n<p><strong>Probleme angehen &#8211; Nazis blockieren<\/strong><\/p>\n\n\n\n<p>Die selbsternannte Alternative bietet keine L\u00f6sungen, sondern weist nur auf (h\u00e4ufig konstruierte) Probleme hin. Die demokratischen Parteien hingegen versuchen tagt\u00e4glich die richtigen Probleme zu l\u00f6sen und das Land zu gestalten. Wir engagieren uns, damit Alle unter guten Bedingungen leben k\u00f6nnen \u2013 gleichberechtigt und gemeinsam, ohne Armut und Ausgrenzung.<\/p>\n\n\n\n<p>F\u00fcr uns ist klar:<\/p>\n\n\n\n<ul class=\"wp-block-list\"><li>Egal ob in der Stadt oder auf dem Land &#8211; keine rechte Veranstaltung ohne<br>das antifaschistischer Gegenprotest organisiert wird<\/li><li>Wir fordern St\u00e4dte, Gemeinden und Privatleute auf, alle rechtlichen Mittel in der Vergabe von R\u00e4umlichkeiten zu pr\u00fcfen, damit die AfD und ihr verbundene Organisationen keine Veranstaltungen dort durchf\u00fchren k\u00f6nnen<\/li><li>Antifaschistische, antirassistische und demokratief\u00f6rdernde Initiativen m\u00fcssen wir unterst\u00fctzen &#8211; in Hessen und auf Bundesebene z.B. \u00fcber ein umfassendes Demokratief\u00f6rdergesetz<\/li><li>Es braucht eine gute und nachhaltige F\u00f6rderung von Pr\u00e4ventions-, Aussteiger- und Opferberatungsorganisationen<\/li><\/ul>\n\n\n\n<p>Wir sind vielf\u00e4ltig, demokratisch und antifaschistisch. Gemeinsam setzen wir ein<\/p>\n\n\n\n<p>deutliches Zeichen und sagen den rechten Parteien und ihren Verb\u00fcndeten: Auch in<\/p>\n\n\n\n<p>Hessen seid ihr nicht willkommen! Kein Fu\u00dfbreit dem Faschismus!<\/p>\n\n\n\n<p><strong>Querdenker*innen blockieren!<\/strong><\/p>\n\n\n\n<p>In den letzten Wochen hat sich die Corona-Pandemie weiter versch\u00e4rft. Nicht zuletzt durch die vielen Coronaleugner*innen, Querdenker*innen und lupenreinen Nazis, die bei Demonstrationen oder Veranstaltungen Abstands- und Hygieneregeln ignorieren und ihre menschenverachtenden Ideologien verbreiten. Auch dadurch sind die Impfzahlen noch immer zu niedrig, um die Pandemie zu brechen.<\/p>\n\n\n\n<p>F\u00fcr uns als GR\u00dcNE JUGEND Hessen ist deshalb klar: Wir brauchen eine entschiedenere Durchsetzung der Regeln und Strafen, f\u00fcr diejenigen, die diese Regeln wissentlich ignorieren. Wir wollen gemeinsam Menschenleben sch\u00fctzen. Und ganz besonders die Menschen, die sich aus gesundheitlichen Gr\u00fcnden nicht impfen lassen k\u00f6nnen. In diesem Zuge sprechen wir uns f\u00fcr die Einf\u00fchrung einer<\/p>\n\n\n\n<p>allgemeinen Impfpflicht aus und fordern die Pr\u00fcfung der Einf\u00fchrung dieser. Wir rufen zudem dazu auf, Veranstaltungen, soweit wie m\u00f6glich, online durchzuf\u00fchren oder mindestens konsequent auf 2G+ zu setzen.<\/p>\n\n\n\n<p><strong>Keine B\u00fchne den Querdenker*innen!<\/strong><\/p>\n\n\n\n<p>Die Querdenker*innen sind eine gro\u00dfe Gefahr f\u00fcr unsere Demokratie. Gerade in den letzten Tagen und Wochen hat sich die Szene noch einmal stark radikalisiert. In den Corona-Protesten werden immer wieder die aktuellen Verh\u00e4ltnisse mit der NS-Diktatur gleichgesetzt. Menschen im \u201eQuerdenken\u201c-Milieu beschreiben sich als \u201edie Juden von heute\u201c und laufen auf Demonstrationen mit an die \u201eJudensterne\u201c angelehnten \u201eUngeimpft\u201c-Sternen herum. Damit wird die Shoah und das totalit\u00e4re<\/p>\n\n\n\n<p>Regime der NSDAP verharmlost. Die best\u00e4ndige Relativierung der Verfolgung und des Leides von NS-Opfern durch diese Instrumentalisierung ist verst\u00f6rend und zutiefst absto\u00dfend und muss rechtlich angegangen werden. F\u00fcr uns ist klar: antisemitische und volksverhetzende \u00c4u\u00dferungen m\u00fcssen endlich richtig bestraft werden! Geschichtsrevisionistische Aussagen d\u00fcrfen wir nicht tolerieren!<\/p>\n\n\n\n<p><\/p>\n\n\n\n<p class=\"has-vivid-green-cyan-color has-text-color\"><em>Beschlossen am 12.12.2021 auf dem digitalen Landesbeirat.<\/em><\/p>\n","protected":false},"excerpt":{"rendered":"<p>Deutschland hat ein Problem. Ein Problem mit Rechtsextremismus und v\u00f6lkischem Nationalismus. Und genau dieses Problem wird in den kommenden vier Jahren weiter wachsen. Auch bei dieser Bundestagswahl war eine rechtsextreme und rassistische Partei wieder so erfolgreich, dass sie in den Bundestag einziehen konnte. Deshalb wollen wir nochmal ein klares Zeichen setzen! Kein Geld f\u00fcr Nazis! [&hellip;]<\/p>\n","protected":false},"author":1,"featured_media":0,"comment_status":"closed","ping_status":"closed","sticky":false,"template":"","format":"standard","meta":{"footnotes":""},"categories":[234,237],"tags":[],"class_list":["post-10461","post","type-post","status-publish","format-standard","hentry","category-beschluesse","category-buergerinnen-rechte-und-demokratie"],"yoast_head":"<!-- This site is optimized with the Yoast SEO plugin v27.4 - https:\/\/yoast.com\/product\/yoast-seo-wordpress\/ -->\n<title>LaBei Dezember 2021: Leitantrag: Masken rauf, Nazis raus! - GR\u00dcNE JUGEND Hessen<\/title>\n<meta name=\"robots\" content=\"index, follow, max-snippet:-1, max-image-preview:large, max-video-preview:-1\" \/>\n<link rel=\"canonical\" href=\"https:\/\/www.gjh.de\/frog\/landesbeirat-dezember-2021-leitantrag-masken-rauf-nazis-raus\/\" \/>\n<meta property=\"og:locale\" content=\"de_DE\" \/>\n<meta property=\"og:type\" content=\"article\" \/>\n<meta property=\"og:title\" content=\"LaBei Dezember 2021: Leitantrag: Masken rauf, Nazis raus! - GR\u00dcNE JUGEND Hessen\" \/>\n<meta property=\"og:description\" content=\"Deutschland hat ein Problem. Ein Problem mit Rechtsextremismus und v\u00f6lkischem Nationalismus. Und genau dieses Problem wird in den kommenden vier Jahren weiter wachsen. Auch bei dieser Bundestagswahl war eine rechtsextreme und rassistische Partei wieder so erfolgreich, dass sie in den Bundestag einziehen konnte. Deshalb wollen wir nochmal ein klares Zeichen setzen! Kein Geld f\u00fcr Nazis! [&hellip;]\" \/>\n<meta property=\"og:url\" content=\"https:\/\/www.gjh.de\/frog\/landesbeirat-dezember-2021-leitantrag-masken-rauf-nazis-raus\/\" \/>\n<meta property=\"og:site_name\" content=\"GR\u00dcNE JUGEND Hessen\" \/>\n<meta property=\"article:published_time\" content=\"2021-12-12T15:12:00+00:00\" \/>\n<meta property=\"article:modified_time\" content=\"2022-07-11T13:22:11+00:00\" \/>\n<meta name=\"author\" content=\"Gr\u00fcne Jugend Hessen\" \/>\n<meta name=\"twitter:card\" content=\"summary_large_image\" \/>\n<meta name=\"twitter:label1\" content=\"Verfasst von\" \/>\n\t<meta name=\"twitter:data1\" content=\"Gr\u00fcne Jugend Hessen\" \/>\n\t<meta name=\"twitter:label2\" content=\"Gesch\u00e4tzte Lesezeit\" \/>\n\t<meta name=\"twitter:data2\" content=\"4\u00a0Minuten\" \/>\n<script type=\"application\/ld+json\" class=\"yoast-schema-graph\">{\"@context\":\"https:\\\/\\\/schema.org\",\"@graph\":[{\"@type\":\"Article\",\"@id\":\"https:\\\/\\\/www.gjh.de\\\/frog\\\/landesbeirat-dezember-2021-leitantrag-masken-rauf-nazis-raus\\\/#article\",\"isPartOf\":{\"@id\":\"https:\\\/\\\/www.gjh.de\\\/frog\\\/landesbeirat-dezember-2021-leitantrag-masken-rauf-nazis-raus\\\/\"},\"author\":{\"name\":\"Gr\u00fcne Jugend Hessen\",\"@id\":\"https:\\\/\\\/www.gjh.de\\\/frog\\\/#\\\/schema\\\/person\\\/b8fa006520a86a3226e05402520d4f13\"},\"headline\":\"LaBei Dezember 2021: Leitantrag: Masken rauf, Nazis raus!\",\"datePublished\":\"2021-12-12T15:12:00+00:00\",\"dateModified\":\"2022-07-11T13:22:11+00:00\",\"mainEntityOfPage\":{\"@id\":\"https:\\\/\\\/www.gjh.de\\\/frog\\\/landesbeirat-dezember-2021-leitantrag-masken-rauf-nazis-raus\\\/\"},\"wordCount\":852,\"articleSection\":[\"Beschl\u00fcsse\",\"B\u00fcrger*innen-Rechte und Demokratie\"],\"inLanguage\":\"de\"},{\"@type\":\"WebPage\",\"@id\":\"https:\\\/\\\/www.gjh.de\\\/frog\\\/landesbeirat-dezember-2021-leitantrag-masken-rauf-nazis-raus\\\/\",\"url\":\"https:\\\/\\\/www.gjh.de\\\/frog\\\/landesbeirat-dezember-2021-leitantrag-masken-rauf-nazis-raus\\\/\",\"name\":\"LaBei Dezember 2021: Leitantrag: Masken rauf, Nazis raus! - GR\u00dcNE JUGEND Hessen\",\"isPartOf\":{\"@id\":\"https:\\\/\\\/www.gjh.de\\\/frog\\\/#website\"},\"datePublished\":\"2021-12-12T15:12:00+00:00\",\"dateModified\":\"2022-07-11T13:22:11+00:00\",\"author\":{\"@id\":\"https:\\\/\\\/www.gjh.de\\\/frog\\\/#\\\/schema\\\/person\\\/b8fa006520a86a3226e05402520d4f13\"},\"breadcrumb\":{\"@id\":\"https:\\\/\\\/www.gjh.de\\\/frog\\\/landesbeirat-dezember-2021-leitantrag-masken-rauf-nazis-raus\\\/#breadcrumb\"},\"inLanguage\":\"de\",\"potentialAction\":[{\"@type\":\"ReadAction\",\"target\":[\"https:\\\/\\\/www.gjh.de\\\/frog\\\/landesbeirat-dezember-2021-leitantrag-masken-rauf-nazis-raus\\\/\"]}]},{\"@type\":\"BreadcrumbList\",\"@id\":\"https:\\\/\\\/www.gjh.de\\\/frog\\\/landesbeirat-dezember-2021-leitantrag-masken-rauf-nazis-raus\\\/#breadcrumb\",\"itemListElement\":[{\"@type\":\"ListItem\",\"position\":1,\"name\":\"Startseite\",\"item\":\"https:\\\/\\\/www.gjh.de\\\/frog\\\/\"},{\"@type\":\"ListItem\",\"position\":2,\"name\":\"LaBei Dezember 2021: Leitantrag: Masken rauf, Nazis raus!\"}]},{\"@type\":\"WebSite\",\"@id\":\"https:\\\/\\\/www.gjh.de\\\/frog\\\/#website\",\"url\":\"https:\\\/\\\/www.gjh.de\\\/frog\\\/\",\"name\":\"GR\u00dcNE JUGEND Hessen\",\"description\":\"\",\"potentialAction\":[{\"@type\":\"SearchAction\",\"target\":{\"@type\":\"EntryPoint\",\"urlTemplate\":\"https:\\\/\\\/www.gjh.de\\\/frog\\\/?s={search_term_string}\"},\"query-input\":{\"@type\":\"PropertyValueSpecification\",\"valueRequired\":true,\"valueName\":\"search_term_string\"}}],\"inLanguage\":\"de\"},{\"@type\":\"Person\",\"@id\":\"https:\\\/\\\/www.gjh.de\\\/frog\\\/#\\\/schema\\\/person\\\/b8fa006520a86a3226e05402520d4f13\",\"name\":\"Gr\u00fcne Jugend Hessen\",\"image\":{\"@type\":\"ImageObject\",\"inLanguage\":\"de\",\"@id\":\"https:\\\/\\\/secure.gravatar.com\\\/avatar\\\/e938d46263c3d10a08350877687bfc15fd4ba70a3de2fa88ac7b3d8603f2ed56?s=96&d=mm&r=g\",\"url\":\"https:\\\/\\\/secure.gravatar.com\\\/avatar\\\/e938d46263c3d10a08350877687bfc15fd4ba70a3de2fa88ac7b3d8603f2ed56?s=96&d=mm&r=g\",\"contentUrl\":\"https:\\\/\\\/secure.gravatar.com\\\/avatar\\\/e938d46263c3d10a08350877687bfc15fd4ba70a3de2fa88ac7b3d8603f2ed56?s=96&d=mm&r=g\",\"caption\":\"Gr\u00fcne Jugend Hessen\"},\"sameAs\":[\"https:\\\/\\\/www.gjh.de\"],\"url\":\"https:\\\/\\\/www.gjh.de\\\/frog\\\/author\\\/admin\\\/\"}]}<\/script>\n<!-- \/ Yoast SEO plugin. -->","yoast_head_json":{"title":"LaBei Dezember 2021: Leitantrag: Masken rauf, Nazis raus! - GR\u00dcNE JUGEND Hessen","robots":{"index":"index","follow":"follow","max-snippet":"max-snippet:-1","max-image-preview":"max-image-preview:large","max-video-preview":"max-video-preview:-1"},"canonical":"https:\/\/www.gjh.de\/frog\/landesbeirat-dezember-2021-leitantrag-masken-rauf-nazis-raus\/","og_locale":"de_DE","og_type":"article","og_title":"LaBei Dezember 2021: Leitantrag: Masken rauf, Nazis raus! - GR\u00dcNE JUGEND Hessen","og_description":"Deutschland hat ein Problem. Ein Problem mit Rechtsextremismus und v\u00f6lkischem Nationalismus. Und genau dieses Problem wird in den kommenden vier Jahren weiter wachsen. Auch bei dieser Bundestagswahl war eine rechtsextreme und rassistische Partei wieder so erfolgreich, dass sie in den Bundestag einziehen konnte. Deshalb wollen wir nochmal ein klares Zeichen setzen! Kein Geld f\u00fcr Nazis! [&hellip;]","og_url":"https:\/\/www.gjh.de\/frog\/landesbeirat-dezember-2021-leitantrag-masken-rauf-nazis-raus\/","og_site_name":"GR\u00dcNE JUGEND Hessen","article_published_time":"2021-12-12T15:12:00+00:00","article_modified_time":"2022-07-11T13:22:11+00:00","author":"Gr\u00fcne Jugend Hessen","twitter_card":"summary_large_image","twitter_misc":{"Verfasst von":"Gr\u00fcne Jugend Hessen","Gesch\u00e4tzte Lesezeit":"4\u00a0Minuten"},"schema":{"@context":"https:\/\/schema.org","@graph":[{"@type":"Article","@id":"https:\/\/www.gjh.de\/frog\/landesbeirat-dezember-2021-leitantrag-masken-rauf-nazis-raus\/#article","isPartOf":{"@id":"https:\/\/www.gjh.de\/frog\/landesbeirat-dezember-2021-leitantrag-masken-rauf-nazis-raus\/"},"author":{"name":"Gr\u00fcne Jugend Hessen","@id":"https:\/\/www.gjh.de\/frog\/#\/schema\/person\/b8fa006520a86a3226e05402520d4f13"},"headline":"LaBei Dezember 2021: Leitantrag: Masken rauf, Nazis raus!","datePublished":"2021-12-12T15:12:00+00:00","dateModified":"2022-07-11T13:22:11+00:00","mainEntityOfPage":{"@id":"https:\/\/www.gjh.de\/frog\/landesbeirat-dezember-2021-leitantrag-masken-rauf-nazis-raus\/"},"wordCount":852,"articleSection":["Beschl\u00fcsse","B\u00fcrger*innen-Rechte und Demokratie"],"inLanguage":"de"},{"@type":"WebPage","@id":"https:\/\/www.gjh.de\/frog\/landesbeirat-dezember-2021-leitantrag-masken-rauf-nazis-raus\/","url":"https:\/\/www.gjh.de\/frog\/landesbeirat-dezember-2021-leitantrag-masken-rauf-nazis-raus\/","name":"LaBei Dezember 2021: Leitantrag: Masken rauf, Nazis raus! - GR\u00dcNE JUGEND Hessen","isPartOf":{"@id":"https:\/\/www.gjh.de\/frog\/#website"},"datePublished":"2021-12-12T15:12:00+00:00","dateModified":"2022-07-11T13:22:11+00:00","author":{"@id":"https:\/\/www.gjh.de\/frog\/#\/schema\/person\/b8fa006520a86a3226e05402520d4f13"},"breadcrumb":{"@id":"https:\/\/www.gjh.de\/frog\/landesbeirat-dezember-2021-leitantrag-masken-rauf-nazis-raus\/#breadcrumb"},"inLanguage":"de","potentialAction":[{"@type":"ReadAction","target":["https:\/\/www.gjh.de\/frog\/landesbeirat-dezember-2021-leitantrag-masken-rauf-nazis-raus\/"]}]},{"@type":"BreadcrumbList","@id":"https:\/\/www.gjh.de\/frog\/landesbeirat-dezember-2021-leitantrag-masken-rauf-nazis-raus\/#breadcrumb","itemListElement":[{"@type":"ListItem","position":1,"name":"Startseite","item":"https:\/\/www.gjh.de\/frog\/"},{"@type":"ListItem","position":2,"name":"LaBei Dezember 2021: Leitantrag: Masken rauf, Nazis raus!"}]},{"@type":"WebSite","@id":"https:\/\/www.gjh.de\/frog\/#website","url":"https:\/\/www.gjh.de\/frog\/","name":"GR\u00dcNE JUGEND Hessen","description":"","potentialAction":[{"@type":"SearchAction","target":{"@type":"EntryPoint","urlTemplate":"https:\/\/www.gjh.de\/frog\/?s={search_term_string}"},"query-input":{"@type":"PropertyValueSpecification","valueRequired":true,"valueName":"search_term_string"}}],"inLanguage":"de"},{"@type":"Person","@id":"https:\/\/www.gjh.de\/frog\/#\/schema\/person\/b8fa006520a86a3226e05402520d4f13","name":"Gr\u00fcne Jugend Hessen","image":{"@type":"ImageObject","inLanguage":"de","@id":"https:\/\/secure.gravatar.com\/avatar\/e938d46263c3d10a08350877687bfc15fd4ba70a3de2fa88ac7b3d8603f2ed56?s=96&d=mm&r=g","url":"https:\/\/secure.gravatar.com\/avatar\/e938d46263c3d10a08350877687bfc15fd4ba70a3de2fa88ac7b3d8603f2ed56?s=96&d=mm&r=g","contentUrl":"https:\/\/secure.gravatar.com\/avatar\/e938d46263c3d10a08350877687bfc15fd4ba70a3de2fa88ac7b3d8603f2ed56?s=96&d=mm&r=g","caption":"Gr\u00fcne Jugend Hessen"},"sameAs":["https:\/\/www.gjh.de"],"url":"https:\/\/www.gjh.de\/frog\/author\/admin\/"}]}},"_links":{"self":[{"href":"https:\/\/www.gjh.de\/frog\/wp-json\/wp\/v2\/posts\/10461","targetHints":{"allow":["GET"]}}],"collection":[{"href":"https:\/\/www.gjh.de\/frog\/wp-json\/wp\/v2\/posts"}],"about":[{"href":"https:\/\/www.gjh.de\/frog\/wp-json\/wp\/v2\/types\/post"}],"author":[{"embeddable":true,"href":"https:\/\/www.gjh.de\/frog\/wp-json\/wp\/v2\/users\/1"}],"replies":[{"embeddable":true,"href":"https:\/\/www.gjh.de\/frog\/wp-json\/wp\/v2\/comments?post=10461"}],"version-history":[{"count":3,"href":"https:\/\/www.gjh.de\/frog\/wp-json\/wp\/v2\/posts\/10461\/revisions"}],"predecessor-version":[{"id":10637,"href":"https:\/\/www.gjh.de\/frog\/wp-json\/wp\/v2\/posts\/10461\/revisions\/10637"}],"wp:attachment":[{"href":"https:\/\/www.gjh.de\/frog\/wp-json\/wp\/v2\/media?parent=10461"}],"wp:term":[{"taxonomy":"category","embeddable":true,"href":"https:\/\/www.gjh.de\/frog\/wp-json\/wp\/v2\/categories?post=10461"},{"taxonomy":"post_tag","embeddable":true,"href":"https:\/\/www.gjh.de\/frog\/wp-json\/wp\/v2\/tags?post=10461"}],"curies":[{"name":"wp","href":"https:\/\/api.w.org\/{rel}","templated":true}]}}