{"id":10635,"date":"2022-07-10T15:21:00","date_gmt":"2022-07-10T13:21:00","guid":{"rendered":"https:\/\/www.gjh.de\/frog\/?p=10635"},"modified":"2023-01-12T13:08:44","modified_gmt":"2023-01-12T12:08:44","slug":"labei-juli-2022-ableistische-strukturen-aufbrechen-barrierefreiheit-staerken","status":"publish","type":"post","link":"https:\/\/www.gjh.de\/frog\/labei-juli-2022-ableistische-strukturen-aufbrechen-barrierefreiheit-staerken\/","title":{"rendered":"LaBei Juli 2022: Ableistische Strukturen aufbrechen! Barrierefreiheit st\u00e4rken"},"content":{"rendered":"\n<p>Die GR\u00dcNE JUGEND Hessen begreift sich als inklusiver Verband, f\u00fcr uns hei\u00dft das auch: <strong>Ableistische Strukturen aufbrechen, Zeit f\u00fcr echte Inklusion!<\/strong><\/p>\n\n\n\n<p>Daf\u00fcr setzen wir uns f\u00fcr mehr Barrierefreiheit ein. Barrierefreiheit hei\u00dft f\u00fcr uns, dass alle Menschen bzw. hier konkret Menschen mit Behinderung, chronischen und\/oder psychischen Erkrankungen und Neurodivergente<a href=\"https:\/\/gjhlmv.antragsgruen.de\/labeijuli2022\/Ableistische-Strukturen-aufbrechen-Barrierefreiheit-starken-48597\/plainhtml#_ftn1\"><sup>[1]<\/sup><\/a> Personen ohne Beschwerden und ohne fremde Hilfe an unserer Verbandsarbeit teilhaben k\u00f6nnen, f\u00fcr Posten kandidieren und Ver\u00e4nderungen mitgestalten.<\/p>\n\n\n\n<p>Die GR\u00dcNE JUGEND Hessen beschlie\u00dft folgende Ma\u00dfnahmen f\u00fcr mehr Barrierefreiheit umzusetzen:<\/p>\n\n\n\n<p>Bei der <em>Kommunikation<\/em> auf Social Media und bei der Planung und Durchf\u00fchrung von Veranstaltung:<\/p>\n\n\n\n<ul class=\"wp-block-list\"><li>Einfache Sprache verwenden<\/li><li>Abk\u00fcrzungen vermeiden und bei Verwendung erkl\u00e4ren bzw. auf ein Glossar verweisen<\/li><li>Anglizismen<a href=\"https:\/\/gjhlmv.antragsgruen.de\/labeijuli2022\/Ableistische-Strukturen-aufbrechen-Barrierefreiheit-starken-48597\/plainhtml#_ftn2\"><sup>[2]<\/sup><\/a> vermeiden und bei Verwendung erkl\u00e4ren<\/li><li>Auf Dauer-Gro\u00dfschreibung oder -Fettschreibung verzichten<\/li><li>Das schafft Barrieren ab f\u00fcr Menschen, die Screenreader nutzen<\/li><li>Es wird eine serifenlose, klare Schrift gew\u00e4hlt. Au\u00dferdem wird auf hinreichende Kontraste, Schriftgr\u00f6\u00dfen und Farbwahl geachtet (z.B. Rot und Gr\u00fcn k\u00f6nnen eine Barriere f\u00fcr Menschen mit Rot-Gr\u00fcn Schw\u00e4che sein).<\/li><\/ul>\n\n\n\n<p>Bei <em>Social Media <\/em>h\u00e4lt der Landesbeirat der GR\u00dcNE JUGEND Hessen fest (\/rw), dass<\/p>\n\n\n\n<ul class=\"wp-block-list\"><li>S\u00e4mtliche Bilder auf allen Plattformen (Instagram, Telegram, Signal, usw.) und in Mails mit Bildbeschreibungen versehen werden<\/li><li>Diese Bildbeschreibungen alle relevanten Informationen enthalten<\/li><li>Videos Untertitel haben<\/li><li>Triggerwarnungen und Inhaltshinweise gesetzt werden<\/li><\/ul>\n\n\n\n<ul class=\"wp-block-list\"><li>Triggerwarnungen werden durch TW gekennzeichnet und bei konkreter Darstellung und Beschreibung von m\u00f6glicherweise retraumatisierenden<a href=\"https:\/\/gjhlmv.antragsgruen.de\/labeijuli2022\/Ableistische-Strukturen-aufbrechen-Barrierefreiheit-starken-48597\/plainhtml#_ftn3\"><sup>[3]<\/sup><\/a> Ereignissen verwendet wie z.B. Sexualisierte Gewalt, Rassismus, Ableismus usw.<\/li><li>Inhaltshinweise werden bei Nennung von m\u00f6glicherweise sensiblen Inhalten genannt. In Abgrenzung zu Triggerwarnungen geht es in dem behandelten Inhalt allgemein um sensible Inhalte.<\/li><li>Die Unterscheidung ist hier relevant, weil Triggerwarnungen nicht falsch verwendet werden d\u00fcrfen. Sonst k\u00f6nnen Betroffene sich nicht auf Triggerwarnungen verlassen. Zwar sind Triggerwarnungen oft unvollst\u00e4ndig, aber sie sind zumindest eine Unterst\u00fctzung.<\/li><li>Ironie soll durch \/Ironie und Redewendungen durch \/rw markiert werden<\/li><\/ul>\n\n\n\n<p>Bei <em>Veranstaltungen<\/em> (z.B. AK<a href=\"https:\/\/gjhlmv.antragsgruen.de\/labeijuli2022\/Ableistische-Strukturen-aufbrechen-Barrierefreiheit-starken-48597\/plainhtml#_ftn4\"><sup>[4]<\/sup><\/a>-Treffen, Vernetzungstreffen, Workshops, LMV<a href=\"https:\/\/gjhlmv.antragsgruen.de\/labeijuli2022\/Ableistische-Strukturen-aufbrechen-Barrierefreiheit-starken-48597\/plainhtml#_ftn5\"><sup>[5]<\/sup><\/a>, usw.):<\/p>\n\n\n\n<ul class=\"wp-block-list\"><li>soll auf ausreichend Pausenplanung geachtet werden<\/li><\/ul>\n\n\n\n<ul class=\"wp-block-list\"><li>Ein m\u00f6glicher Richtwert w\u00e4re eine kurze Pause (ca. 5 min.) nach 60 min einzulegen, dies gilt f\u00fcr Pr\u00e4senz, hybrid und online Veranstaltung<\/li><li>soll, wenn vorhanden, am Anfang der Veranstaltung auf einen Ruheraum hingewiesen werden. Es wird ganz klar gemacht, dass es in Ordnung ist den Veranstaltungsraum zu verlassen.<\/li><li>Das hilft Menschen mit Restless Leg Syndrom, neurodivergenten Menschen, usw.<\/li><\/ul>\n\n\n\n<ul class=\"wp-block-list\"><li>sollen die Teilnehmenden ein m\u00fcndliches und schriftliches Fazit am Ende von Workshops, Vortr\u00e4gen und Diskussionsrunden oder im Nachgang bekommen<\/li><li>sollen Referierende \u00fcber Barrierefreiheit informiert werden. Damit k\u00f6nnen sie sich auch entsprechend vorbereiten und ihre Workshops und Beitr\u00e4ge m\u00f6glichst barrierearm gestalten.<\/li><\/ul>\n\n\n\n<ul class=\"wp-block-list\"><li>Z.B. k\u00f6nnen Pr\u00e4sentationen und Materialien im Voraus an die Teilnehmenden zugesendet werden. So k\u00f6nnen Teilnehmende auch Bildbeschreibungen f\u00fcr relevante Grafiken erhalten.<\/li><\/ul>\n\n\n\n<ul class=\"wp-block-list\"><li>wird Referierenden die notwendige Technik zur Verf\u00fcgung gestellt.<\/li><li>Werden bei vorab gefilmten Gru\u00dfw\u00f6rtern und Videos Untertitel eingeblendet.<\/li><li>wird (z.B. durch das Pr\u00e4sidium) auf einen m\u00f6glichst ruhigen Hintergrund mit wenig Nebenger\u00e4uschen geachtet<\/li><li>Dies ist f\u00fcr Menschen mit H\u00f6rbehinderungen und auch bei chronischen Kopfschmerzen f\u00f6rderlich<\/li><li>werden Zeitgrenzen gesetzt (\u201eVeranstaltung endet sp\u00e4testens\u2026\u201c) und auch m\u00f6glichst eingehalten.<\/li><li>Dies ist besonders f\u00fcr neurodivergente Personen und Personen mit Assistenz relevant<\/li><li>sollen visuell dargebotene Informationen (Pr\u00e4sentationen, Antr\u00e4ge, usw.) im Vorhinein m\u00f6glichst zur Verf\u00fcgung stehen. Falls dies nicht m\u00f6glich ist, m\u00fcssen relevante Details akustisch dargeboten werden<\/li><li>Das ist wichtig f\u00fcr z.B. sehbehinderte Menschen<\/li><\/ul>\n\n\n\n<ul class=\"wp-block-list\"><li>werden Bildungsangebote, Workshops und LMV hybrid angeboten. Eine Teilnahme f\u00fcr alle soll sowohl in Pr\u00e4senz als auch Digital erm\u00f6glicht werden.<\/li><li>sollte darauf geachtet werden, dass die gew\u00e4hlte Plattformen ausreichend barrierefrei ist<\/li><li>Soll eine Dolmetschung f\u00fcr Geb\u00e4rdensprache oder Schriftdolmetschung in einem f\u00fcr alle \u00f6ffentlichen Pad<sup>[6]<\/sup> per Anfrage zur Verf\u00fcgung gestellt werden k\u00f6nnen. Diese soll ab der Einladung angefragt werden k\u00f6nnen. Mindestens 3 Tage vor der Veranstaltung muss die Anfrage eingegangen sein.<\/li><li>Ist darauf zu achten, dass die Dolmetschenden einen speziellen Bereich zur Verf\u00fcgung haben und auch online \u00fcbertragen werden.<\/li><li>Wird auf R\u00fcckzugsorte geachtet. Hiervon profitieren z.B. neurodivergente und \/ oder psychisch kranke Personen<\/li><li>Falls eine \u00dcbernachtung vorgesehen ist (z.B. bei Landesmitgliederversammlungen):<\/li><\/ul>\n\n\n\n<ul class=\"wp-block-list\"><li>wird im Vorhinein abgefragt, welche Schlafm\u00f6glichkeiten ben\u00f6tigt werden. Menschen mit Behinderung wird ohne erh\u00f6hten Aufpreis ein Zugang zu wirklich rollstuhlgerechten Betten und Zimmern erm\u00f6glicht<\/li><li>Viele Jugendherbergen und insbesondere Campingpl\u00e4tze sind nicht ausreichend barrierefrei. Eine teilweise \u00dcbernahme von anfallenden Kosten einer barrierefreien \u00dcbernachtung erstattet die GR\u00dcNE JUGEND Hessen. Dabei liegt die \u00dcbernahme der Kosten bei 50%. Sollte es der Person nicht m\u00f6glich sein die restlichen 50% zu tragen kann ein erweiterter Kostenr\u00fcckerstattungsantrag gestellt werden. Im Zweifel entscheidet der Landesfinanzausschuss.<\/li><\/ul>\n\n\n\n<ul class=\"wp-block-list\"><li>sind detaillierte Beschreibungen und zeitliche Rahmen f\u00fcr Workshops und Treffen wichtig. Dies ist relevant, wenn Menschen nur eine verk\u00fcrzte Zeit teilnehmen k\u00f6nnen.<\/li><li>Wird der Faktor Barrierefreiheit bei der Auswahl des Veranstaltungsortes beachtet. Dazu geh\u00f6rt auch eine barrierefreie Anreisem\u00f6glichkeit. Die genauen Informationen \u00fcber die Veranstaltung m\u00fcssen den Mitgliedern bekannt sein und in der Einladung ausgef\u00fchrt werden. Ein einfacher Satz wie \u201eDie LMV ist barrierefrei\u201c ist hier nicht ausreichend. Die barrierefreien Angebote werden konkret benannt: rollstuhlgerechte Zug\u00e4nge, \u00dcbersetzungen in Geb\u00e4rdensprache, R\u00fcckzugsraum, inklusive Schlafm\u00f6glichkeiten, usw. Auch eine Beschilderung der barrierefreien Zug\u00e4nge sind vor Ort anzubringen.<\/li><\/ul>\n\n\n\n<ul class=\"wp-block-list\"><li>Beschilderung sind gut lesbar, in gen\u00fcgender Gr\u00f6\u00dfe und angemessener H\u00f6he anzubringen<\/li><li>Teilhabe hei\u00dft auch, dass die GR\u00dcNE JUGEND Hessen auf m\u00f6glichst gemeinsame Eing\u00e4nge achtet, statt das Menschen mit Behinderung stets gro\u00dfe Umwege gehen m\u00fcssen.<\/li><\/ul>\n\n\n\n<ul class=\"wp-block-list\"><li>Muss der Zugang zum Mikrofon barrierearm sein, d.h. hier konkret, dass es bei B\u00fchnen eine Rampe gibt und wenn m\u00f6glich ein h\u00f6henverstellbares Redepult zur Verf\u00fcgung steht<\/li><li>soll es m\u00f6glich sein zus\u00e4tzliche Redezeit zu beantragen als Mensch mit Behinderung. Dies kann vorab geschehen oder beim Pr\u00e4sidium gestellt werden. Das wird in der Zeitplanung beachtet<\/li><\/ul>\n\n\n\n<ul class=\"wp-block-list\"><li>Dies ist z.B. wichtig f\u00fcr Menschen mit Sprachst\u00f6rungen, usw.<\/li><\/ul>\n\n\n\n<ul class=\"wp-block-list\"><li>wird bei der Verpflegung auf Beschilderung geachtet z.B. f\u00fcr Allergene im Essen, wo es durch die GJH m\u00f6glich ist.<\/li><li>gibt es eine*n Ansprechpartner*in f\u00fcr Barrierefreiheit im Vorbereitungs- und Planungsteam<\/li><li>sind bei der Planung von LMVen und LaBeis Menschen mit Behinderung, chronisch und psychisch kranke und neurodivergente Menschen mit einzubeziehen<\/li><\/ul>\n\n\n\n<p>Wir stehen hiermit nur am Anfang, unsere Strukturen nachzubessern. Dabei ist f\u00fcr uns klar: Barrierefreiheit hei\u00dft f\u00fcr jede*n Menschen mit Behinderung etwas anderes. Wir werden in der Zukunft weiter an unserer Barrierefreiheit arbeiten, damit sich auch Behinderte Menschen gerne bei uns engagieren und vollst\u00e4ndige Teilhabe erfahren. Deswegen wollen wir uns Weiterbilden und Menschen mit Behinderung in unserem Verband st\u00e4rken und ihnen eine Stimme geben (\/rw).<\/p>\n\n\n\n<p>Im Bereich Weiterbildung sind folgende Punkte umzusetzen:<\/p>\n\n\n\n<ul class=\"wp-block-list\"><li>Ableismus-Workshops f\u00fcr den Landesvorstand, das Awareness-Team und auch f\u00fcr Kreisverb\u00e4nde anbieten<\/li><li>Diese Workshops sind von Behinderten, chronisch\/ psychisch kranken und\/oder neurodivergenten Expert*innen gemacht.<\/li><li>Wir m\u00f6chten Menschen mit Behinderung eine Vernetzung und einen Austausch erm\u00f6glichen. Dazu soll<\/li><\/ul>\n\n\n\n<ul class=\"wp-block-list\"><li>Eine Vernetzungsgruppe auf Signal eingerichtet werden<\/li><li>Es im Rahmen einer LMV ein Vernetzungstreffen f\u00fcr Menschen mit Behinderung, chronischen\/psychischen Erkrankungen geben<\/li><li>Ziel der Vernetzung Empowerment, Austausch und die Entwerfungen und Mitgestaltung eines inklusiveren Verband sein<\/li><\/ul>\n\n\n\n<p>Au\u00dferdem verpflichtet sich der LaVo in Zusammenarbeit mit der*die eigene*n Vielfaltspolitische*e Sprecher*in in einem Jahr auf dem Sommer-LaBei 2023 eine Evaluation durchzuf\u00fchren. Darin soll konkret berichtet werden: aktuelle Umsetzung und Erg\u00e4nzung um Ziele der Zukunft hinsichtlich von Barrierefreiheit.<\/p>\n\n\n\n<p>Behinderte Menschen sind eine der gr\u00f6\u00dften marginalisierten Gruppen. Der Ableismus ist tief in der Gesellschaft verankert (\/rw) und deswegen auch in unseren Strukturen wiederzufinden. Barrierefreiheit wollen wir nicht nur auf unseren Plakaten stehen haben, sondern Barrierefreiheit soll gelebt werden \u2013 auch in unseren Strukturen. F\u00fcr uns ist klar: Inklusion ist ein Menschenrecht!<\/p>\n\n\n\n<p><a href=\"https:\/\/gjhlmv.antragsgruen.de\/labeijuli2022\/Ableistische-Strukturen-aufbrechen-Barrierefreiheit-starken-48597\/plainhtml#_ftnref1\"><sup>[1]<\/sup><\/a> Neurodivergent sagt aus, dass das Denken und F\u00fchlen von der gesellschaftlich als \u201eNorm&#8220; angesehenen Weise abweichen. Welche Gruppen darunterfallen, ist umstritten. Unter fast alle Definitionen fallen autistische Menschen und Personen mit ADHS.<\/p>\n\n\n\n<p><a href=\"https:\/\/gjhlmv.antragsgruen.de\/labeijuli2022\/Ableistische-Strukturen-aufbrechen-Barrierefreiheit-starken-48597\/plainhtml#_ftnref2\"><sup>[2]<\/sup><\/a> Aus dem Englischen \u00fcbernommene und oftmals \u201eeingedeutschte\u201c Begriffe<\/p>\n\n\n\n<p><a href=\"https:\/\/gjhlmv.antragsgruen.de\/labeijuli2022\/Ableistische-Strukturen-aufbrechen-Barrierefreiheit-starken-48597\/plainhtml#_ftnref3\"><sup>[3]<\/sup><\/a> Also bestehende Traumata wieder hervorrufend, die Folgen bestehender Traumata verst\u00e4rkend&#8230;<\/p>\n\n\n\n<p><a href=\"https:\/\/gjhlmv.antragsgruen.de\/labeijuli2022\/Ableistische-Strukturen-aufbrechen-Barrierefreiheit-starken-48597\/plainhtml#_ftnref4\"><sup>[4]<\/sup><\/a> Arbeitskreis = AK<\/p>\n\n\n\n<p><a href=\"https:\/\/gjhlmv.antragsgruen.de\/labeijuli2022\/Ableistische-Strukturen-aufbrechen-Barrierefreiheit-starken-48597\/plainhtml#_ftnref5\"><sup>[5]<\/sup><\/a> Landesmitgliederversammlung = LMV<br><a href=\"https:\/\/gjhlmv.antragsgruen.de\/labeijuli2022\/Ableistische-Strukturen-aufbrechen-Barrierefreiheit-starken-48597\/plainhtml#_ftnref6\"><sup>[6]<\/sup><\/a> Ein Pad bezeichnet ein Dokument \u00fcber das man mit z.B. einem Link Zugriff erh\u00e4lt. Dann kann man online sehen, was in dem Moment von anderen getippt wird und theoretisch selber mitschreiben.<\/p>\n","protected":false},"excerpt":{"rendered":"<p>Die GR\u00dcNE JUGEND Hessen begreift sich als inklusiver Verband, f\u00fcr uns hei\u00dft das auch: Ableistische Strukturen aufbrechen, Zeit f\u00fcr echte Inklusion! Daf\u00fcr setzen wir uns f\u00fcr mehr Barrierefreiheit ein. Barrierefreiheit hei\u00dft f\u00fcr uns, dass alle Menschen bzw. hier konkret Menschen mit Behinderung, chronischen und\/oder psychischen Erkrankungen und Neurodivergente[1] Personen ohne Beschwerden und ohne fremde Hilfe [&hellip;]<\/p>\n","protected":false},"author":1,"featured_media":0,"comment_status":"closed","ping_status":"closed","sticky":false,"template":"","format":"standard","meta":{"footnotes":""},"categories":[234,237,29],"tags":[],"class_list":["post-10635","post","type-post","status-publish","format-standard","hentry","category-beschluesse","category-buergerinnen-rechte-und-demokratie","category-landesbeirat"],"yoast_head":"<!-- This site is optimized with the Yoast SEO plugin v27.5 - https:\/\/yoast.com\/product\/yoast-seo-wordpress\/ -->\n<title>LaBei Juli 2022: Ableistische Strukturen aufbrechen! Barrierefreiheit st\u00e4rken - GR\u00dcNE JUGEND Hessen<\/title>\n<meta name=\"robots\" content=\"index, follow, max-snippet:-1, max-image-preview:large, max-video-preview:-1\" \/>\n<link rel=\"canonical\" href=\"https:\/\/www.gjh.de\/frog\/labei-juli-2022-ableistische-strukturen-aufbrechen-barrierefreiheit-staerken\/\" \/>\n<meta property=\"og:locale\" content=\"de_DE\" \/>\n<meta property=\"og:type\" content=\"article\" \/>\n<meta property=\"og:title\" content=\"LaBei Juli 2022: Ableistische Strukturen aufbrechen! Barrierefreiheit st\u00e4rken - GR\u00dcNE JUGEND Hessen\" \/>\n<meta property=\"og:description\" content=\"Die GR\u00dcNE JUGEND Hessen begreift sich als inklusiver Verband, f\u00fcr uns hei\u00dft das auch: Ableistische Strukturen aufbrechen, Zeit f\u00fcr echte Inklusion! Daf\u00fcr setzen wir uns f\u00fcr mehr Barrierefreiheit ein. Barrierefreiheit hei\u00dft f\u00fcr uns, dass alle Menschen bzw. hier konkret Menschen mit Behinderung, chronischen und\/oder psychischen Erkrankungen und Neurodivergente[1] Personen ohne Beschwerden und ohne fremde Hilfe [&hellip;]\" \/>\n<meta property=\"og:url\" content=\"https:\/\/www.gjh.de\/frog\/labei-juli-2022-ableistische-strukturen-aufbrechen-barrierefreiheit-staerken\/\" \/>\n<meta property=\"og:site_name\" content=\"GR\u00dcNE JUGEND Hessen\" \/>\n<meta property=\"article:published_time\" content=\"2022-07-10T13:21:00+00:00\" \/>\n<meta property=\"article:modified_time\" content=\"2023-01-12T12:08:44+00:00\" \/>\n<meta name=\"author\" content=\"Gr\u00fcne Jugend Hessen\" \/>\n<meta name=\"twitter:card\" content=\"summary_large_image\" \/>\n<meta name=\"twitter:label1\" content=\"Verfasst von\" \/>\n\t<meta name=\"twitter:data1\" content=\"Gr\u00fcne Jugend Hessen\" \/>\n\t<meta name=\"twitter:label2\" content=\"Gesch\u00e4tzte Lesezeit\" \/>\n\t<meta name=\"twitter:data2\" content=\"7\u00a0Minuten\" \/>\n<script type=\"application\/ld+json\" class=\"yoast-schema-graph\">{\"@context\":\"https:\\\/\\\/schema.org\",\"@graph\":[{\"@type\":\"Article\",\"@id\":\"https:\\\/\\\/www.gjh.de\\\/frog\\\/labei-juli-2022-ableistische-strukturen-aufbrechen-barrierefreiheit-staerken\\\/#article\",\"isPartOf\":{\"@id\":\"https:\\\/\\\/www.gjh.de\\\/frog\\\/labei-juli-2022-ableistische-strukturen-aufbrechen-barrierefreiheit-staerken\\\/\"},\"author\":{\"name\":\"Gr\u00fcne Jugend Hessen\",\"@id\":\"https:\\\/\\\/www.gjh.de\\\/frog\\\/#\\\/schema\\\/person\\\/b8fa006520a86a3226e05402520d4f13\"},\"headline\":\"LaBei Juli 2022: Ableistische Strukturen aufbrechen! Barrierefreiheit st\u00e4rken\",\"datePublished\":\"2022-07-10T13:21:00+00:00\",\"dateModified\":\"2023-01-12T12:08:44+00:00\",\"mainEntityOfPage\":{\"@id\":\"https:\\\/\\\/www.gjh.de\\\/frog\\\/labei-juli-2022-ableistische-strukturen-aufbrechen-barrierefreiheit-staerken\\\/\"},\"wordCount\":1420,\"articleSection\":[\"Beschl\u00fcsse\",\"B\u00fcrger*innen-Rechte und Demokratie\",\"Landesbeirat\"],\"inLanguage\":\"de\"},{\"@type\":\"WebPage\",\"@id\":\"https:\\\/\\\/www.gjh.de\\\/frog\\\/labei-juli-2022-ableistische-strukturen-aufbrechen-barrierefreiheit-staerken\\\/\",\"url\":\"https:\\\/\\\/www.gjh.de\\\/frog\\\/labei-juli-2022-ableistische-strukturen-aufbrechen-barrierefreiheit-staerken\\\/\",\"name\":\"LaBei Juli 2022: Ableistische Strukturen aufbrechen! Barrierefreiheit st\u00e4rken - GR\u00dcNE JUGEND Hessen\",\"isPartOf\":{\"@id\":\"https:\\\/\\\/www.gjh.de\\\/frog\\\/#website\"},\"datePublished\":\"2022-07-10T13:21:00+00:00\",\"dateModified\":\"2023-01-12T12:08:44+00:00\",\"author\":{\"@id\":\"https:\\\/\\\/www.gjh.de\\\/frog\\\/#\\\/schema\\\/person\\\/b8fa006520a86a3226e05402520d4f13\"},\"breadcrumb\":{\"@id\":\"https:\\\/\\\/www.gjh.de\\\/frog\\\/labei-juli-2022-ableistische-strukturen-aufbrechen-barrierefreiheit-staerken\\\/#breadcrumb\"},\"inLanguage\":\"de\",\"potentialAction\":[{\"@type\":\"ReadAction\",\"target\":[\"https:\\\/\\\/www.gjh.de\\\/frog\\\/labei-juli-2022-ableistische-strukturen-aufbrechen-barrierefreiheit-staerken\\\/\"]}]},{\"@type\":\"BreadcrumbList\",\"@id\":\"https:\\\/\\\/www.gjh.de\\\/frog\\\/labei-juli-2022-ableistische-strukturen-aufbrechen-barrierefreiheit-staerken\\\/#breadcrumb\",\"itemListElement\":[{\"@type\":\"ListItem\",\"position\":1,\"name\":\"Startseite\",\"item\":\"https:\\\/\\\/www.gjh.de\\\/frog\\\/\"},{\"@type\":\"ListItem\",\"position\":2,\"name\":\"LaBei Juli 2022: Ableistische Strukturen aufbrechen! Barrierefreiheit st\u00e4rken\"}]},{\"@type\":\"WebSite\",\"@id\":\"https:\\\/\\\/www.gjh.de\\\/frog\\\/#website\",\"url\":\"https:\\\/\\\/www.gjh.de\\\/frog\\\/\",\"name\":\"GR\u00dcNE JUGEND Hessen\",\"description\":\"\",\"potentialAction\":[{\"@type\":\"SearchAction\",\"target\":{\"@type\":\"EntryPoint\",\"urlTemplate\":\"https:\\\/\\\/www.gjh.de\\\/frog\\\/?s={search_term_string}\"},\"query-input\":{\"@type\":\"PropertyValueSpecification\",\"valueRequired\":true,\"valueName\":\"search_term_string\"}}],\"inLanguage\":\"de\"},{\"@type\":\"Person\",\"@id\":\"https:\\\/\\\/www.gjh.de\\\/frog\\\/#\\\/schema\\\/person\\\/b8fa006520a86a3226e05402520d4f13\",\"name\":\"Gr\u00fcne Jugend Hessen\",\"image\":{\"@type\":\"ImageObject\",\"inLanguage\":\"de\",\"@id\":\"https:\\\/\\\/secure.gravatar.com\\\/avatar\\\/e938d46263c3d10a08350877687bfc15fd4ba70a3de2fa88ac7b3d8603f2ed56?s=96&d=mm&r=g\",\"url\":\"https:\\\/\\\/secure.gravatar.com\\\/avatar\\\/e938d46263c3d10a08350877687bfc15fd4ba70a3de2fa88ac7b3d8603f2ed56?s=96&d=mm&r=g\",\"contentUrl\":\"https:\\\/\\\/secure.gravatar.com\\\/avatar\\\/e938d46263c3d10a08350877687bfc15fd4ba70a3de2fa88ac7b3d8603f2ed56?s=96&d=mm&r=g\",\"caption\":\"Gr\u00fcne Jugend Hessen\"},\"sameAs\":[\"https:\\\/\\\/www.gjh.de\"],\"url\":\"https:\\\/\\\/www.gjh.de\\\/frog\\\/author\\\/admin\\\/\"}]}<\/script>\n<!-- \/ Yoast SEO plugin. -->","yoast_head_json":{"title":"LaBei Juli 2022: Ableistische Strukturen aufbrechen! Barrierefreiheit st\u00e4rken - GR\u00dcNE JUGEND Hessen","robots":{"index":"index","follow":"follow","max-snippet":"max-snippet:-1","max-image-preview":"max-image-preview:large","max-video-preview":"max-video-preview:-1"},"canonical":"https:\/\/www.gjh.de\/frog\/labei-juli-2022-ableistische-strukturen-aufbrechen-barrierefreiheit-staerken\/","og_locale":"de_DE","og_type":"article","og_title":"LaBei Juli 2022: Ableistische Strukturen aufbrechen! Barrierefreiheit st\u00e4rken - GR\u00dcNE JUGEND Hessen","og_description":"Die GR\u00dcNE JUGEND Hessen begreift sich als inklusiver Verband, f\u00fcr uns hei\u00dft das auch: Ableistische Strukturen aufbrechen, Zeit f\u00fcr echte Inklusion! Daf\u00fcr setzen wir uns f\u00fcr mehr Barrierefreiheit ein. Barrierefreiheit hei\u00dft f\u00fcr uns, dass alle Menschen bzw. hier konkret Menschen mit Behinderung, chronischen und\/oder psychischen Erkrankungen und Neurodivergente[1] Personen ohne Beschwerden und ohne fremde Hilfe [&hellip;]","og_url":"https:\/\/www.gjh.de\/frog\/labei-juli-2022-ableistische-strukturen-aufbrechen-barrierefreiheit-staerken\/","og_site_name":"GR\u00dcNE JUGEND Hessen","article_published_time":"2022-07-10T13:21:00+00:00","article_modified_time":"2023-01-12T12:08:44+00:00","author":"Gr\u00fcne Jugend Hessen","twitter_card":"summary_large_image","twitter_misc":{"Verfasst von":"Gr\u00fcne Jugend Hessen","Gesch\u00e4tzte Lesezeit":"7\u00a0Minuten"},"schema":{"@context":"https:\/\/schema.org","@graph":[{"@type":"Article","@id":"https:\/\/www.gjh.de\/frog\/labei-juli-2022-ableistische-strukturen-aufbrechen-barrierefreiheit-staerken\/#article","isPartOf":{"@id":"https:\/\/www.gjh.de\/frog\/labei-juli-2022-ableistische-strukturen-aufbrechen-barrierefreiheit-staerken\/"},"author":{"name":"Gr\u00fcne Jugend Hessen","@id":"https:\/\/www.gjh.de\/frog\/#\/schema\/person\/b8fa006520a86a3226e05402520d4f13"},"headline":"LaBei Juli 2022: Ableistische Strukturen aufbrechen! Barrierefreiheit st\u00e4rken","datePublished":"2022-07-10T13:21:00+00:00","dateModified":"2023-01-12T12:08:44+00:00","mainEntityOfPage":{"@id":"https:\/\/www.gjh.de\/frog\/labei-juli-2022-ableistische-strukturen-aufbrechen-barrierefreiheit-staerken\/"},"wordCount":1420,"articleSection":["Beschl\u00fcsse","B\u00fcrger*innen-Rechte und Demokratie","Landesbeirat"],"inLanguage":"de"},{"@type":"WebPage","@id":"https:\/\/www.gjh.de\/frog\/labei-juli-2022-ableistische-strukturen-aufbrechen-barrierefreiheit-staerken\/","url":"https:\/\/www.gjh.de\/frog\/labei-juli-2022-ableistische-strukturen-aufbrechen-barrierefreiheit-staerken\/","name":"LaBei Juli 2022: Ableistische Strukturen aufbrechen! Barrierefreiheit st\u00e4rken - GR\u00dcNE JUGEND Hessen","isPartOf":{"@id":"https:\/\/www.gjh.de\/frog\/#website"},"datePublished":"2022-07-10T13:21:00+00:00","dateModified":"2023-01-12T12:08:44+00:00","author":{"@id":"https:\/\/www.gjh.de\/frog\/#\/schema\/person\/b8fa006520a86a3226e05402520d4f13"},"breadcrumb":{"@id":"https:\/\/www.gjh.de\/frog\/labei-juli-2022-ableistische-strukturen-aufbrechen-barrierefreiheit-staerken\/#breadcrumb"},"inLanguage":"de","potentialAction":[{"@type":"ReadAction","target":["https:\/\/www.gjh.de\/frog\/labei-juli-2022-ableistische-strukturen-aufbrechen-barrierefreiheit-staerken\/"]}]},{"@type":"BreadcrumbList","@id":"https:\/\/www.gjh.de\/frog\/labei-juli-2022-ableistische-strukturen-aufbrechen-barrierefreiheit-staerken\/#breadcrumb","itemListElement":[{"@type":"ListItem","position":1,"name":"Startseite","item":"https:\/\/www.gjh.de\/frog\/"},{"@type":"ListItem","position":2,"name":"LaBei Juli 2022: Ableistische Strukturen aufbrechen! Barrierefreiheit st\u00e4rken"}]},{"@type":"WebSite","@id":"https:\/\/www.gjh.de\/frog\/#website","url":"https:\/\/www.gjh.de\/frog\/","name":"GR\u00dcNE JUGEND Hessen","description":"","potentialAction":[{"@type":"SearchAction","target":{"@type":"EntryPoint","urlTemplate":"https:\/\/www.gjh.de\/frog\/?s={search_term_string}"},"query-input":{"@type":"PropertyValueSpecification","valueRequired":true,"valueName":"search_term_string"}}],"inLanguage":"de"},{"@type":"Person","@id":"https:\/\/www.gjh.de\/frog\/#\/schema\/person\/b8fa006520a86a3226e05402520d4f13","name":"Gr\u00fcne Jugend Hessen","image":{"@type":"ImageObject","inLanguage":"de","@id":"https:\/\/secure.gravatar.com\/avatar\/e938d46263c3d10a08350877687bfc15fd4ba70a3de2fa88ac7b3d8603f2ed56?s=96&d=mm&r=g","url":"https:\/\/secure.gravatar.com\/avatar\/e938d46263c3d10a08350877687bfc15fd4ba70a3de2fa88ac7b3d8603f2ed56?s=96&d=mm&r=g","contentUrl":"https:\/\/secure.gravatar.com\/avatar\/e938d46263c3d10a08350877687bfc15fd4ba70a3de2fa88ac7b3d8603f2ed56?s=96&d=mm&r=g","caption":"Gr\u00fcne Jugend Hessen"},"sameAs":["https:\/\/www.gjh.de"],"url":"https:\/\/www.gjh.de\/frog\/author\/admin\/"}]}},"_links":{"self":[{"href":"https:\/\/www.gjh.de\/frog\/wp-json\/wp\/v2\/posts\/10635","targetHints":{"allow":["GET"]}}],"collection":[{"href":"https:\/\/www.gjh.de\/frog\/wp-json\/wp\/v2\/posts"}],"about":[{"href":"https:\/\/www.gjh.de\/frog\/wp-json\/wp\/v2\/types\/post"}],"author":[{"embeddable":true,"href":"https:\/\/www.gjh.de\/frog\/wp-json\/wp\/v2\/users\/1"}],"replies":[{"embeddable":true,"href":"https:\/\/www.gjh.de\/frog\/wp-json\/wp\/v2\/comments?post=10635"}],"version-history":[{"count":2,"href":"https:\/\/www.gjh.de\/frog\/wp-json\/wp\/v2\/posts\/10635\/revisions"}],"predecessor-version":[{"id":10642,"href":"https:\/\/www.gjh.de\/frog\/wp-json\/wp\/v2\/posts\/10635\/revisions\/10642"}],"wp:attachment":[{"href":"https:\/\/www.gjh.de\/frog\/wp-json\/wp\/v2\/media?parent=10635"}],"wp:term":[{"taxonomy":"category","embeddable":true,"href":"https:\/\/www.gjh.de\/frog\/wp-json\/wp\/v2\/categories?post=10635"},{"taxonomy":"post_tag","embeddable":true,"href":"https:\/\/www.gjh.de\/frog\/wp-json\/wp\/v2\/tags?post=10635"}],"curies":[{"name":"wp","href":"https:\/\/api.w.org\/{rel}","templated":true}]}}