{"id":10881,"date":"2022-10-30T18:00:36","date_gmt":"2022-10-30T17:00:36","guid":{"rendered":"https:\/\/www.gjh.de\/frog\/?p=10881"},"modified":"2023-01-12T13:02:21","modified_gmt":"2023-01-12T12:02:21","slug":"lmv-oktober-2022-fecher-bleibt-riederwaldtunnel-stoppen","status":"publish","type":"post","link":"https:\/\/www.gjh.de\/frog\/lmv-oktober-2022-fecher-bleibt-riederwaldtunnel-stoppen\/","title":{"rendered":"LMV Oktober 2022: Fecher Bleibt &#8211; Riederwaldtunnel stoppen!"},"content":{"rendered":"\n<p>Die GR\u00dcNE JUGEND Hessen kritisiert das weitere Festhalten am Bau des \u201eRiederwaldtunnels\u201c zum L\u00fcckenschluss zwischen der A661 und der A66 (Projektnummer A66-IP20-HE-IP) und fordert das Streichen des Projektes aus dem Bundesverkehrswegeplan. Ebenso solidarisiert sie sich mit den Waldbesetzer*innen im Fechenheimer Wald und schlie\u00dft sich den Forderungen des B\u00fcndnis Verkehrswende Frankfurt, der B\u00fcrgervereinigung Nordend e.V. und der B\u00fcrgervereinigung Seckbach e.V. zur Erhaltung des Fechenheimer Waldes und einer umwelt- und menschenfreundlichen Mobilit\u00e4tswende an.<\/p>\n\n\n\n<p>Der Autobahnausbau an dieser Stelle ist ein \u00fcber 50 Jahre altes, anachronistisches Projekt, welches sich in jeglicher Hinsicht als eine Fehlinvestition des Bundes herausstellt. Wir erleben die Zuspitzung der Klimakrise mit jedem Jahr st\u00e4rker und selbst das Bundesverfassungsgericht sieht die Anstrengungen f\u00fcr den Klimaschutz als ungen\u00fcgend an. In dieser Zeit noch an Pl\u00e4nen zum Ausbau von Autobahnen festzuhalten, ist nicht vertretbar. Sofern sich die Bundesregierung an die vertraglich festgelegten Klimaziele von Paris halten m\u00f6chte, ist ein Umdenken im Bereich der Mobilit\u00e4t unabdingbar. So wird es &#8211; sollte es die Bundesregierung ernst meinen und erfolgreich sein &#8211; in den 2030er Jahren weniger Individualverkehr geben, der \u00d6PNV angemessen ausgebaut und somit den Pendler*innen in und um Frankfurt andere, schnellere, kosteng\u00fcnstigere und klimafreundlichere Alternativen zum PKW angeboten werden.<\/p>\n\n\n\n<p>Es zeigt sich somit, dass der L\u00fcckenschluss zwischen der Autobahn A661 und A66 mit einer prognostizierten Fertigstellung im Jahr 2031 vollkommen \u00fcberfl\u00fcssig ist und dabei lediglich ein intakter Wald zerst\u00f6rt sowie in die Artenvielfalt eingegriffen wird. Das oft zitierte Argument, die Anwohner*innen der Stra\u00dfe &#8222;Am Erlenbruch&#8220; w\u00fcrden durch den Riederwaldtunnel entlastet, ist hierbei irref\u00fchrend, da neue Stra\u00dfeninfrastruktur und insbesondere der Ausbau von Autobahnen immer zu einem erheblichen Mehrverkehr f\u00fchrt. Zumal w\u00e4hrend der Bauzeit erheblicher L\u00e4rm die Folge sein wird. Laut den Kfz-Prognosen im Rahmen der Planfeststellung, wird ohnehin von einer Steigerung der Verkehrszahlen ausgegangen, die auch die Frankfurter Innenstadt (v.a. die Friedberger Landstra\u00dfe) betreffen werden.<\/p>\n\n\n\n<p>Hinzu kommt, dass das Genehmigungsverfahren f\u00fcr den dringend ben\u00f6tigten L\u00e4rmschutz noch nicht abgeschlossen ist. Gem\u00e4\u00df des Planfeststellungsbeschlusses kann eine endg\u00fcltige Inbetriebnahme des Riederwaldtunnels erst erfolgen, wenn die notwendigen L\u00e4rmschutzma\u00dfnahmen umgesetzt sind. Die langj\u00e4hrigen Debatten rund um die Einhausung statt hoher L\u00e4rmschutzw\u00e4nde, lassen z\u00e4he und mehrmalige Klageverfahren erwarten. Es droht ein Szenario, in dem der Riederwaldtunnel zwar fertig gebaut ist, aber nicht benutzt werden darf. Dies gilt es zu vermeiden!<\/p>\n\n\n\n<p>Der Wald, der ab dem 01. November 2022 von der Rodung bedroht ist, ist Habitat einiger hoch gesch\u00fctzter Tierarten, wie z.B. dem Eichen-Heldbockk\u00e4fer und der Bechsteinfledermaus. Der Heldbockk\u00e4fer genie\u00dft eine besondere Bedeutung nach europ\u00e4ischen Naturschutzrecht (Fauna-Flora-Habitat-Richtlinie) und die Obere Naturschutzbeh\u00f6rde \u00fcberpr\u00fcft sein Vorkommen gerade noch fachlich und rechtlich. Das Vorkommen der Bechsteinfledermaus wurde schon im Rahmen des Planfeststellungsbeschlusses festgestellt und die Umsiedlung vorgeschrieben. Allerdings wurden die neuen Habitate noch nicht angenommen. Beide Tierarten sind bei einer Rodung des Waldes in ihrem Lebensraum bedroht. Eine Rodung bedeutet daher nicht nur einen herben Schlag f\u00fcr die Artenvielfalt in Frankfurt und ganz Hessen, sondern gegebenfalls auch einen Versto\u00df gegen europ\u00e4isches Recht und Planungsrecht.<\/p>\n\n\n\n<p>Nicht zuletzt handelt es sich um einen urspr\u00fcnglichen Eichen-Hainbuchenwald, der sich generell durch sein Artenreichtum auszeichnet und im Frankfurter Arten- und Biotopschutzkonzept als Teil des Gr\u00fcnG\u00fcrtels eine \u201eherausragende\u201c Bedeutung einnimmt.<\/p>\n\n\n\n<p>Die Kosten f\u00fcr den Bau dieses verkehrs- und umweltpolitischen Desasters sind von den bisher gesch\u00e4tzten 470 Millionen bereits auf 600 Millionen Euro angestiegen. Das Ende der Fahnenstange ist noch lange nicht erreicht und die Summe k\u00f6nnte bis zum Abschluss des Projektes auf \u00fcber 1 Milliarde Euro ansteigen. W\u00fcrde das gleiche Geld in den Umweltverbund investiert werden, k\u00f6nnten wir einen viel gr\u00f6\u00dferen Mehrwert an nachhaltiger Mobilit\u00e4t f\u00fcr alle schaffen. Eine Reihe von kosteng\u00fcnstigeren und klimafreundlicheren Alternativen zum Riederwaldtunnel sind in der Ver\u00f6ffentlichung &#8222;Alternativen zur Autobahnplanung im Frankfurter Osten&#8220; des B\u00fcndnis Verkehrswende Frankfurt aufgef\u00fchrt. Es ist grotesk, wenn sozial gerechte Ma\u00dfnahmen im Mobilit\u00e4tsbereich, wie z.B. das 9\u20ac-Ticket, dauerhaft f\u00fcr unfinanzierbar gehalten werden, w\u00e4hrend beim Autobahnausbau mit Geld nur so um sich geworfen wird.<\/p>\n\n\n\n<p>Da kein neuer Autobahnkilometer ohne Protest gebaut werden darf, ist der Fechenheimer Wald seit letztem Jahr von Umweltsch\u00fctzer*innen besetzt. Wir stellen uns solidarisch auf ihre Seite, denn die Rodung des Waldes in Zeiten der Klimakrise w\u00e4re ein fatales Zeichen und widerspricht den Zielen einer Mobilit\u00e4tswende. Der Symbolcharakter ist \u00e4hnlich, wenn nicht sogar gleich gro\u00df, wie bei den Diskussionen und den Auseinandersetzungen rund um die A49 und den Dannenr\u00f6der Forst einzusch\u00e4tzen.<\/p>\n\n\n\n<p><strong>Deshalb fordern wir:<\/strong><\/p>\n\n\n\n<ul class=\"wp-block-list\"><li>Ein sofortiges Bau- und Rodungsmoratorium bis alle arten-, tier- und l\u00e4rmschutztechnischen Fragen gekl\u00e4rt sind. Zudem soll eine Klimabilanz erstellt werden. In keinem Fall d\u00fcrfen voreilig Tatsachen geschaffen werden.<\/li><li>Dass Arten-, Baum- und Klimaschutzgesetze f\u00fcr genauso wichtig behandelt werden wie der Bundesverkehrswegeplan und das Baurecht. Solange m\u00f6gliche Verst\u00f6\u00dfe gegen eines der genannten vorliegt, muss der Ausbau von Autobahnen gestoppt werden.<\/li><li>Eine Kriminalisierung der Waldbesetzer*innen und allen Menschen, die sich f\u00fcr den Erhalt des 2,7 ha gro\u00dfen Waldst\u00fccks einsetzen, lehnen wir ab. Gleichzeitig fordern wir zu einem fairen Umgang aller Beteiligten in der anstehenden Extremsituation auf.<\/li><li>Bundesverkehrsminister Wissing und die Regierungsfraktionen von SPD, B\u00dcNDNIS 90\/DIE GR\u00dcNEN und FDP m\u00fcssen die dringend notwendige \u00dcberarbeitung des Bundesverkehrswegeplans auf den Weg bringen. Um den politischen Druck zu erh\u00f6hen, sehen wir auch die Landesregierung in einer gewissen Verantwortung. Als ersten Schritt ist die Bedarfsplan\u00fcberpr\u00fcfung mit ver\u00e4nderten Priorit\u00e4ten und der sogenannte Infrastrukturkonsens gem\u00e4\u00df Koalitionsvertrag einzuleiten. Dies beinhaltet aus unserer Sicht die Herausnahme des Riederwaldtunnels aus der Liste der zu realisierenden Projekte.<\/li><li>Gem\u00e4\u00df der sozial-\u00f6kologischen Transformation umzuverteilen, klimasch\u00e4dliche Subventionen zu streichen und Investitionen zu erm\u00f6glichen, die dem Umweltverbund (Fu\u00df- und Radverkehr sowie dem \u00d6PNV) zu Gute kommen und nachhaltige Mobilit\u00e4tsformen f\u00f6rdern. Im Hinblick auf den Pendler*innenverkehr beeinhaltet dies:<ul><li>Planung und Fertigstellung von Radschnellwegen in der Region beschleunigen<\/li><li>Das 49 \u20ac- Ticket ist nur ein Anfang: Weitere Schritte m\u00fcssen mit einem hessenweiten 365\u20ac-Jahresticket und langfristig kostenlosen \u00d6PNV folgen, sodass auch Menschen mit niedrigem Einkommen klimagerecht mobil sein k\u00f6nnen.<\/li><li>Den Ausbau des \u00d6PNVs, sowohl im l\u00e4ndlichen Raum als auch in den St\u00e4dten. Besonders auch Gewerbe- und Industriegebiete sollen hierbei bez\u00fcglich ihrer Anschl\u00fcsse an den \u00d6PNV untersucht und verbessert werden.<\/li><\/ul><\/li><\/ul>\n\n\n\n<p><\/p>\n","protected":false},"excerpt":{"rendered":"<p>Die GR\u00dcNE JUGEND Hessen kritisiert das weitere Festhalten am Bau des \u201eRiederwaldtunnels\u201c zum L\u00fcckenschluss zwischen der A661 und der A66 (Projektnummer A66-IP20-HE-IP) und fordert das Streichen des Projektes aus dem Bundesverkehrswegeplan. Ebenso solidarisiert sie sich mit den Waldbesetzer*innen im Fechenheimer Wald und schlie\u00dft sich den Forderungen des B\u00fcndnis Verkehrswende Frankfurt, der B\u00fcrgervereinigung Nordend e.V. und [&hellip;]<\/p>\n","protected":false},"author":1,"featured_media":0,"comment_status":"closed","ping_status":"closed","sticky":false,"template":"","format":"standard","meta":{"footnotes":""},"categories":[234,39,235],"tags":[],"class_list":["post-10881","post","type-post","status-publish","format-standard","hentry","category-beschluesse","category-landesmitgliederversammlung","category-umwelt-energie"],"yoast_head":"<!-- This site is optimized with the Yoast SEO plugin v27.4 - https:\/\/yoast.com\/product\/yoast-seo-wordpress\/ -->\n<title>LMV Oktober 2022: Fecher Bleibt - Riederwaldtunnel stoppen! - GR\u00dcNE JUGEND Hessen<\/title>\n<meta name=\"robots\" content=\"index, follow, max-snippet:-1, max-image-preview:large, max-video-preview:-1\" \/>\n<link rel=\"canonical\" href=\"https:\/\/www.gjh.de\/frog\/lmv-oktober-2022-fecher-bleibt-riederwaldtunnel-stoppen\/\" \/>\n<meta property=\"og:locale\" content=\"de_DE\" \/>\n<meta property=\"og:type\" content=\"article\" \/>\n<meta property=\"og:title\" content=\"LMV Oktober 2022: Fecher Bleibt - Riederwaldtunnel stoppen! - GR\u00dcNE JUGEND Hessen\" \/>\n<meta property=\"og:description\" content=\"Die GR\u00dcNE JUGEND Hessen kritisiert das weitere Festhalten am Bau des \u201eRiederwaldtunnels\u201c zum L\u00fcckenschluss zwischen der A661 und der A66 (Projektnummer A66-IP20-HE-IP) und fordert das Streichen des Projektes aus dem Bundesverkehrswegeplan. Ebenso solidarisiert sie sich mit den Waldbesetzer*innen im Fechenheimer Wald und schlie\u00dft sich den Forderungen des B\u00fcndnis Verkehrswende Frankfurt, der B\u00fcrgervereinigung Nordend e.V. und [&hellip;]\" \/>\n<meta property=\"og:url\" content=\"https:\/\/www.gjh.de\/frog\/lmv-oktober-2022-fecher-bleibt-riederwaldtunnel-stoppen\/\" \/>\n<meta property=\"og:site_name\" content=\"GR\u00dcNE JUGEND Hessen\" \/>\n<meta property=\"article:published_time\" content=\"2022-10-30T17:00:36+00:00\" \/>\n<meta property=\"article:modified_time\" content=\"2023-01-12T12:02:21+00:00\" \/>\n<meta name=\"author\" content=\"Gr\u00fcne Jugend Hessen\" \/>\n<meta name=\"twitter:card\" content=\"summary_large_image\" \/>\n<meta name=\"twitter:label1\" content=\"Verfasst von\" \/>\n\t<meta name=\"twitter:data1\" content=\"Gr\u00fcne Jugend Hessen\" \/>\n\t<meta name=\"twitter:label2\" content=\"Gesch\u00e4tzte Lesezeit\" \/>\n\t<meta name=\"twitter:data2\" content=\"5\u00a0Minuten\" \/>\n<script type=\"application\/ld+json\" class=\"yoast-schema-graph\">{\"@context\":\"https:\\\/\\\/schema.org\",\"@graph\":[{\"@type\":\"Article\",\"@id\":\"https:\\\/\\\/www.gjh.de\\\/frog\\\/lmv-oktober-2022-fecher-bleibt-riederwaldtunnel-stoppen\\\/#article\",\"isPartOf\":{\"@id\":\"https:\\\/\\\/www.gjh.de\\\/frog\\\/lmv-oktober-2022-fecher-bleibt-riederwaldtunnel-stoppen\\\/\"},\"author\":{\"name\":\"Gr\u00fcne Jugend Hessen\",\"@id\":\"https:\\\/\\\/www.gjh.de\\\/frog\\\/#\\\/schema\\\/person\\\/b8fa006520a86a3226e05402520d4f13\"},\"headline\":\"LMV Oktober 2022: Fecher Bleibt &#8211; Riederwaldtunnel stoppen!\",\"datePublished\":\"2022-10-30T17:00:36+00:00\",\"dateModified\":\"2023-01-12T12:02:21+00:00\",\"mainEntityOfPage\":{\"@id\":\"https:\\\/\\\/www.gjh.de\\\/frog\\\/lmv-oktober-2022-fecher-bleibt-riederwaldtunnel-stoppen\\\/\"},\"wordCount\":1081,\"articleSection\":[\"Beschl\u00fcsse\",\"Landesmitgliederversammlung\",\"Umwelt und Energie\"],\"inLanguage\":\"de\"},{\"@type\":\"WebPage\",\"@id\":\"https:\\\/\\\/www.gjh.de\\\/frog\\\/lmv-oktober-2022-fecher-bleibt-riederwaldtunnel-stoppen\\\/\",\"url\":\"https:\\\/\\\/www.gjh.de\\\/frog\\\/lmv-oktober-2022-fecher-bleibt-riederwaldtunnel-stoppen\\\/\",\"name\":\"LMV Oktober 2022: Fecher Bleibt - Riederwaldtunnel stoppen! - GR\u00dcNE JUGEND Hessen\",\"isPartOf\":{\"@id\":\"https:\\\/\\\/www.gjh.de\\\/frog\\\/#website\"},\"datePublished\":\"2022-10-30T17:00:36+00:00\",\"dateModified\":\"2023-01-12T12:02:21+00:00\",\"author\":{\"@id\":\"https:\\\/\\\/www.gjh.de\\\/frog\\\/#\\\/schema\\\/person\\\/b8fa006520a86a3226e05402520d4f13\"},\"breadcrumb\":{\"@id\":\"https:\\\/\\\/www.gjh.de\\\/frog\\\/lmv-oktober-2022-fecher-bleibt-riederwaldtunnel-stoppen\\\/#breadcrumb\"},\"inLanguage\":\"de\",\"potentialAction\":[{\"@type\":\"ReadAction\",\"target\":[\"https:\\\/\\\/www.gjh.de\\\/frog\\\/lmv-oktober-2022-fecher-bleibt-riederwaldtunnel-stoppen\\\/\"]}]},{\"@type\":\"BreadcrumbList\",\"@id\":\"https:\\\/\\\/www.gjh.de\\\/frog\\\/lmv-oktober-2022-fecher-bleibt-riederwaldtunnel-stoppen\\\/#breadcrumb\",\"itemListElement\":[{\"@type\":\"ListItem\",\"position\":1,\"name\":\"Startseite\",\"item\":\"https:\\\/\\\/www.gjh.de\\\/frog\\\/\"},{\"@type\":\"ListItem\",\"position\":2,\"name\":\"LMV Oktober 2022: Fecher Bleibt &#8211; Riederwaldtunnel stoppen!\"}]},{\"@type\":\"WebSite\",\"@id\":\"https:\\\/\\\/www.gjh.de\\\/frog\\\/#website\",\"url\":\"https:\\\/\\\/www.gjh.de\\\/frog\\\/\",\"name\":\"GR\u00dcNE JUGEND Hessen\",\"description\":\"\",\"potentialAction\":[{\"@type\":\"SearchAction\",\"target\":{\"@type\":\"EntryPoint\",\"urlTemplate\":\"https:\\\/\\\/www.gjh.de\\\/frog\\\/?s={search_term_string}\"},\"query-input\":{\"@type\":\"PropertyValueSpecification\",\"valueRequired\":true,\"valueName\":\"search_term_string\"}}],\"inLanguage\":\"de\"},{\"@type\":\"Person\",\"@id\":\"https:\\\/\\\/www.gjh.de\\\/frog\\\/#\\\/schema\\\/person\\\/b8fa006520a86a3226e05402520d4f13\",\"name\":\"Gr\u00fcne Jugend Hessen\",\"image\":{\"@type\":\"ImageObject\",\"inLanguage\":\"de\",\"@id\":\"https:\\\/\\\/secure.gravatar.com\\\/avatar\\\/e938d46263c3d10a08350877687bfc15fd4ba70a3de2fa88ac7b3d8603f2ed56?s=96&d=mm&r=g\",\"url\":\"https:\\\/\\\/secure.gravatar.com\\\/avatar\\\/e938d46263c3d10a08350877687bfc15fd4ba70a3de2fa88ac7b3d8603f2ed56?s=96&d=mm&r=g\",\"contentUrl\":\"https:\\\/\\\/secure.gravatar.com\\\/avatar\\\/e938d46263c3d10a08350877687bfc15fd4ba70a3de2fa88ac7b3d8603f2ed56?s=96&d=mm&r=g\",\"caption\":\"Gr\u00fcne Jugend Hessen\"},\"sameAs\":[\"https:\\\/\\\/www.gjh.de\"],\"url\":\"https:\\\/\\\/www.gjh.de\\\/frog\\\/author\\\/admin\\\/\"}]}<\/script>\n<!-- \/ Yoast SEO plugin. -->","yoast_head_json":{"title":"LMV Oktober 2022: Fecher Bleibt - Riederwaldtunnel stoppen! - GR\u00dcNE JUGEND Hessen","robots":{"index":"index","follow":"follow","max-snippet":"max-snippet:-1","max-image-preview":"max-image-preview:large","max-video-preview":"max-video-preview:-1"},"canonical":"https:\/\/www.gjh.de\/frog\/lmv-oktober-2022-fecher-bleibt-riederwaldtunnel-stoppen\/","og_locale":"de_DE","og_type":"article","og_title":"LMV Oktober 2022: Fecher Bleibt - Riederwaldtunnel stoppen! - GR\u00dcNE JUGEND Hessen","og_description":"Die GR\u00dcNE JUGEND Hessen kritisiert das weitere Festhalten am Bau des \u201eRiederwaldtunnels\u201c zum L\u00fcckenschluss zwischen der A661 und der A66 (Projektnummer A66-IP20-HE-IP) und fordert das Streichen des Projektes aus dem Bundesverkehrswegeplan. Ebenso solidarisiert sie sich mit den Waldbesetzer*innen im Fechenheimer Wald und schlie\u00dft sich den Forderungen des B\u00fcndnis Verkehrswende Frankfurt, der B\u00fcrgervereinigung Nordend e.V. und [&hellip;]","og_url":"https:\/\/www.gjh.de\/frog\/lmv-oktober-2022-fecher-bleibt-riederwaldtunnel-stoppen\/","og_site_name":"GR\u00dcNE JUGEND Hessen","article_published_time":"2022-10-30T17:00:36+00:00","article_modified_time":"2023-01-12T12:02:21+00:00","author":"Gr\u00fcne Jugend Hessen","twitter_card":"summary_large_image","twitter_misc":{"Verfasst von":"Gr\u00fcne Jugend Hessen","Gesch\u00e4tzte Lesezeit":"5\u00a0Minuten"},"schema":{"@context":"https:\/\/schema.org","@graph":[{"@type":"Article","@id":"https:\/\/www.gjh.de\/frog\/lmv-oktober-2022-fecher-bleibt-riederwaldtunnel-stoppen\/#article","isPartOf":{"@id":"https:\/\/www.gjh.de\/frog\/lmv-oktober-2022-fecher-bleibt-riederwaldtunnel-stoppen\/"},"author":{"name":"Gr\u00fcne Jugend Hessen","@id":"https:\/\/www.gjh.de\/frog\/#\/schema\/person\/b8fa006520a86a3226e05402520d4f13"},"headline":"LMV Oktober 2022: Fecher Bleibt &#8211; Riederwaldtunnel stoppen!","datePublished":"2022-10-30T17:00:36+00:00","dateModified":"2023-01-12T12:02:21+00:00","mainEntityOfPage":{"@id":"https:\/\/www.gjh.de\/frog\/lmv-oktober-2022-fecher-bleibt-riederwaldtunnel-stoppen\/"},"wordCount":1081,"articleSection":["Beschl\u00fcsse","Landesmitgliederversammlung","Umwelt und Energie"],"inLanguage":"de"},{"@type":"WebPage","@id":"https:\/\/www.gjh.de\/frog\/lmv-oktober-2022-fecher-bleibt-riederwaldtunnel-stoppen\/","url":"https:\/\/www.gjh.de\/frog\/lmv-oktober-2022-fecher-bleibt-riederwaldtunnel-stoppen\/","name":"LMV Oktober 2022: Fecher Bleibt - Riederwaldtunnel stoppen! - GR\u00dcNE JUGEND Hessen","isPartOf":{"@id":"https:\/\/www.gjh.de\/frog\/#website"},"datePublished":"2022-10-30T17:00:36+00:00","dateModified":"2023-01-12T12:02:21+00:00","author":{"@id":"https:\/\/www.gjh.de\/frog\/#\/schema\/person\/b8fa006520a86a3226e05402520d4f13"},"breadcrumb":{"@id":"https:\/\/www.gjh.de\/frog\/lmv-oktober-2022-fecher-bleibt-riederwaldtunnel-stoppen\/#breadcrumb"},"inLanguage":"de","potentialAction":[{"@type":"ReadAction","target":["https:\/\/www.gjh.de\/frog\/lmv-oktober-2022-fecher-bleibt-riederwaldtunnel-stoppen\/"]}]},{"@type":"BreadcrumbList","@id":"https:\/\/www.gjh.de\/frog\/lmv-oktober-2022-fecher-bleibt-riederwaldtunnel-stoppen\/#breadcrumb","itemListElement":[{"@type":"ListItem","position":1,"name":"Startseite","item":"https:\/\/www.gjh.de\/frog\/"},{"@type":"ListItem","position":2,"name":"LMV Oktober 2022: Fecher Bleibt &#8211; Riederwaldtunnel stoppen!"}]},{"@type":"WebSite","@id":"https:\/\/www.gjh.de\/frog\/#website","url":"https:\/\/www.gjh.de\/frog\/","name":"GR\u00dcNE JUGEND Hessen","description":"","potentialAction":[{"@type":"SearchAction","target":{"@type":"EntryPoint","urlTemplate":"https:\/\/www.gjh.de\/frog\/?s={search_term_string}"},"query-input":{"@type":"PropertyValueSpecification","valueRequired":true,"valueName":"search_term_string"}}],"inLanguage":"de"},{"@type":"Person","@id":"https:\/\/www.gjh.de\/frog\/#\/schema\/person\/b8fa006520a86a3226e05402520d4f13","name":"Gr\u00fcne Jugend Hessen","image":{"@type":"ImageObject","inLanguage":"de","@id":"https:\/\/secure.gravatar.com\/avatar\/e938d46263c3d10a08350877687bfc15fd4ba70a3de2fa88ac7b3d8603f2ed56?s=96&d=mm&r=g","url":"https:\/\/secure.gravatar.com\/avatar\/e938d46263c3d10a08350877687bfc15fd4ba70a3de2fa88ac7b3d8603f2ed56?s=96&d=mm&r=g","contentUrl":"https:\/\/secure.gravatar.com\/avatar\/e938d46263c3d10a08350877687bfc15fd4ba70a3de2fa88ac7b3d8603f2ed56?s=96&d=mm&r=g","caption":"Gr\u00fcne Jugend Hessen"},"sameAs":["https:\/\/www.gjh.de"],"url":"https:\/\/www.gjh.de\/frog\/author\/admin\/"}]}},"_links":{"self":[{"href":"https:\/\/www.gjh.de\/frog\/wp-json\/wp\/v2\/posts\/10881","targetHints":{"allow":["GET"]}}],"collection":[{"href":"https:\/\/www.gjh.de\/frog\/wp-json\/wp\/v2\/posts"}],"about":[{"href":"https:\/\/www.gjh.de\/frog\/wp-json\/wp\/v2\/types\/post"}],"author":[{"embeddable":true,"href":"https:\/\/www.gjh.de\/frog\/wp-json\/wp\/v2\/users\/1"}],"replies":[{"embeddable":true,"href":"https:\/\/www.gjh.de\/frog\/wp-json\/wp\/v2\/comments?post=10881"}],"version-history":[{"count":4,"href":"https:\/\/www.gjh.de\/frog\/wp-json\/wp\/v2\/posts\/10881\/revisions"}],"predecessor-version":[{"id":10919,"href":"https:\/\/www.gjh.de\/frog\/wp-json\/wp\/v2\/posts\/10881\/revisions\/10919"}],"wp:attachment":[{"href":"https:\/\/www.gjh.de\/frog\/wp-json\/wp\/v2\/media?parent=10881"}],"wp:term":[{"taxonomy":"category","embeddable":true,"href":"https:\/\/www.gjh.de\/frog\/wp-json\/wp\/v2\/categories?post=10881"},{"taxonomy":"post_tag","embeddable":true,"href":"https:\/\/www.gjh.de\/frog\/wp-json\/wp\/v2\/tags?post=10881"}],"curies":[{"name":"wp","href":"https:\/\/api.w.org\/{rel}","templated":true}]}}