{"id":12017,"date":"2024-04-06T14:00:00","date_gmt":"2024-04-06T12:00:00","guid":{"rendered":"https:\/\/www.gjh.de\/frog\/?p=12017"},"modified":"2024-04-09T16:31:10","modified_gmt":"2024-04-09T14:31:10","slug":"lmv-april-2024-leitantrag-kein-bock-auf-krise-die-europakampagne-der-gruenen-jugend-hessen","status":"publish","type":"post","link":"https:\/\/www.gjh.de\/frog\/lmv-april-2024-leitantrag-kein-bock-auf-krise-die-europakampagne-der-gruenen-jugend-hessen\/","title":{"rendered":"LMV April 2024: Leitantrag: Kein Bock auf Krise! Die Europakampagne der Gr\u00fcnen Jugend Hessen"},"content":{"rendered":"\n<p><strong>Zusammenfassung des Antrages:<\/strong><\/p>\n\n\n\n<p>In diesem Leitantrag dr\u00fccken wir die Notwendigkeit aus, sich den aktuellen Herausforderungen in der EU wie sozialer Ungerechtigkeit zu stellen. Dabei wird uns eine gerechtes und solidarisches Europa nicht geschenkt, wir m\u00fcssen es erk\u00e4mpfen. Das schaffen wir mit der gr\u00f6\u00dften Kampagne der GR\u00dcNEN JUGEND zur Europawahl: &#8222;Kein Bock auf Krise&#8220;. Wir haben zehn konkrete Forderungen, was sich in Europa \u00e4ndern muss. Darunter die Einf\u00fchrung einer Million\u00e4rssteuer, Investitionen in lebenswerte St\u00e4dte, das Ende der Privatisierung von Grundbed\u00fcrfnissen und den Schutz von Menschen anstatt von Grenzen. Wir streben eine enge Zusammenarbeit auf allen Ebenen an, um gemeinsam eine bessere Zukunft zu gestalten.<\/p>\n\n\n\n<p><strong>Vollst\u00e4ndiger Antragstext:<\/strong><\/p>\n\n\n\n<p>Umweltkatastrophen, Menschenrechtsverletzungen, Rechtsruck: Die Probleme unserer Zeit sind gro\u00df. Doch statt ernsthafte L\u00f6sungen f\u00fcr die Krisen unserer Zeit zu finden, hat sich die Europ\u00e4ische Union f\u00fcr eine Politik der Abschottung und der sozialen K\u00e4lte entschieden. Und auch in Deutschland werden die Stimmen von jenen lauter, die Menschen gegeneinander ausspielen, statt die sozialen Ungerechtigkeiten in unserem Land anzugehen.<\/p>\n\n\n\n<p>F\u00fcr uns kann das nur eins bedeuten: Unsere Generation muss sich selbst um ihre Zukunft k\u00fcmmern. In den kommenden Wochen und Monaten werden wir als GR\u00dcNE JUGEND Hessen die bisher gr\u00f6\u00dfte Kampagne der GR\u00dcNEN JUGEND zur Europawahl umsetzen, um ein besseres Europa erreichen zu k\u00f6nnen.<\/p>\n\n\n\n<p><strong>Denn dieses bessere Europa ist m\u00f6glich!<\/strong> Wir haben eine klare Vision von einem gerechten, solidarischen und grenzenlosen Europa. Auf dem letzten Bundeskongress haben wir gemeinsam die 10 Forderungen unserer Europakampagne beschlossen. 10 Forderungen f\u00fcr eine gute Zukunft.<\/p>\n\n\n\n<p>Uns ist dabei immer klar: Diese Zukunft wird uns nicht geschenkt werden &#8211; wir m\u00fcssen sie uns erk\u00e4mpfen. Deshalb ist jetzt die Zeit, unsere Zukunft in die Hand zu nehmen! Jetzt ist die Zeit, unsere Forderungen lauter, denn je auf die Stra\u00dfe zu bringen:<\/p>\n\n\n\n<ul class=\"wp-block-list\">\n<li>1. Tax the rich &#8211; Million\u00e4rssteuer in ganz Europa einf\u00fchren! W\u00e4hrend die einen immer reicher werden, leben Millionen Menschen in Europa in Armut, sozialer Unsicherheit und in Angst vor der Klimakrise. F\u00fcr eine gerechte Gesellschaft muss endlich umverteilt werden, denn: Wir k\u00f6nnen uns die Reichen nicht mehr leisten!<\/li>\n\n\n\n<li>2. Europ\u00e4isches Zukunftsprogramm f\u00fcr Stadt &amp; Land! Wir alle kennen das: Graue, laute St\u00e4dte und trostlose, leergefegte D\u00f6rfer. Wir wollen, dass endlich wieder in die Orte investiert wird, die unsere Regionen lebenswert machen: Jugendzentren, Parks, Bars und Clubs m\u00fcssen endlich so gef\u00f6rdert werden, dass sie eine Zukunft haben. Europaweit m\u00fcssen zukunftsfeindliche Schuldenbremsen abgeschafft werden!<\/li>\n\n\n\n<li>3. Mieten in ganz Europa deckeln. Ob Berlin, Paris oder Madrid: Die Mieten in Europas Metropolen steigen immer weiter. W\u00e4hrend sich immer mehr junge Menschen fragen, ob sie sich das Leben in der Stadt noch leisten k\u00f6nnen, wird mit Wohnraum spekuliert und gro\u00dfe Wohnungskonzerne machen dicke Gewinne mit unseren Mieten. Schluss damit: Wohnen muss bezahlbar bleiben, deckeln wir endlich die Mieten!<\/li>\n\n\n\n<li>4. Ob Krankenh\u00e4user, Verkehrsbetriebe oder Energieversorgung: Schluss mit der Privatisierung unserer Grundbed\u00fcrfnisse. Die letzten Jahrzehnte haben gezeigt: Sparpolitik und Privatisierung unserer Grundversorgung haben massiven Schaden angerichtet. Deshalb demokratisieren wir die Daseinsvorsorge und holen sie zur\u00fcck in die \u00f6ffentliche Hand. Keine Profite mit unseren Grundbed\u00fcrfnissen!<\/li>\n\n\n\n<li>5. 10\u20ac Ticket f\u00fcr ganz Europa &amp; Verkehrswende aufgleisen! Bus und Bahn m\u00fcssen in Europa massiv ausgebaut werden \u2013 sodass du \u00fcberall schnell, bequem, g\u00fcnstig und klimaneutral an dein Ziel kommst, egal wo du in Europa wohnst. Und weil Mobilit\u00e4t ein Grundrecht ist, muss es endlich europaweit f\u00fcr alle bezahlbar sein!<\/li>\n\n\n\n<li>6. Gr\u00fcne Energie \u2013 g\u00fcnstig und sicher f\u00fcr alle! Verheizen wir unsere Zukunft nicht weiter mit dreckiger Kohle und teurem Gas. 100% Erneuerbare Energie bis 2035 f\u00fcr alle \u2013 so geht Energiesicherheit ohne, dass du im Kalten sitzen musst. Gr\u00fcner Strom und erneuerbare W\u00e4rme f\u00fcr alle sind machbar.<\/li>\n\n\n\n<li>7. Gute Schulen, gute Ausbildungen, gute Arbeitsbedingungen! Wir sind die Fachkr\u00e4fte der Zukunft. Deshalb braucht es eine europaweite Offensive f\u00fcr gut ausgestattete Schulen, sowie eine europ\u00e4ische Job- und Ausbildungsgarantie! Und egal ob Schule, Uni oder Betrieb: Wir alle m\u00fcssen im Monat so viel zur Verf\u00fcgung haben, dass wir davon gut leben k\u00f6nnen!<\/li>\n\n\n\n<li>8. Sterben im Mittelmeer beenden! Staatlich oder zivil: Wir brauchen sofort alle verf\u00fcgbaren Schiffe, um Menschen vor dem Ertrinken zu retten! Seenotrettung darf nicht weiter kriminalisiert werden. Wir fordern jetzt eine gemeinsame europ\u00e4ische Rettungsmission!<\/li>\n\n\n\n<li>9. Menschen sch\u00fctzen \u2013 nicht Grenzen! Tausende Menschen harren unter unw\u00fcrdigen Zust\u00e4nden an den europ\u00e4ischen Au\u00dfengrenzen aus. Dort sollen nun \u00fcberall Lager wie in Moria errichtet werden. Statt Menschen immer weiter zu entrechten, m\u00fcssen Menschen durch das Asylrecht gesch\u00fctzt werden. Es braucht sichere Fluchtwege statt Z\u00e4une und Stacheldraht! Wir k\u00e4mpfen f\u00fcr ein solidarisches Europa, das Menschenrechte sch\u00fctzt!<\/li>\n\n\n\n<li>10. Gefl\u00fcchtete w\u00fcrdevoll aufnehmen! Egal ob aus Kiew oder Kabul: Jeder Mensch muss in unserer Gesellschaft w\u00fcrdevoll aufgenommen werden. Der Zugang zu Sprachkursen und Jobs muss, wie die freie Wahl des Wohnorts, durch eine echte Unterst\u00fctzung jedes Menschen garantiert werden.<\/li>\n<\/ul>\n\n\n\n<p><strong>F\u00fcr ein gutes Europa braucht es uns:<\/strong><\/p>\n\n\n\n<p>Wir, als GR\u00dcNE JUGEND Hessen, wollen eine treibende, linke Kraft in unserer Gesellschaft sein. Daf\u00fcr wollen wir vor Ort pr\u00e4sent sein und mit jungen Menschen in den Austausch kommen. Wir setzen uns das Ziel, dass alle Kreisverb\u00e4nde in Hessen dabei unterst\u00fctzt werden, zu wachsen, noch schlagkr\u00e4ftiger zu werden und starke B\u00fcndnisse zu schmieden.<\/p>\n\n\n\n<p>Unser Potenzial ist enorm. Die Kompetenzen und F\u00e4higkeiten in unserem Verband geben uns die M\u00f6glichkeit, unsere Gesellschaft zu ver\u00e4ndern. Und je mehr wir dabei sind, desto handlungsf\u00e4higer werden wir. Mit unserer Europakampagne werden wir junge Menschen politisieren und organisieren. Lasst uns unsere Generation davon \u00fcberzeugen, dass wir, die Gr\u00fcne Jugend, ein Ort sind, an dem sie mitwirken und das Leben von Menschen nachhaltig verbessern k\u00f6nnen.<\/p>\n\n\n\n<p>Um dabei erfolgreich zu sein, m\u00fcssen alle Ebenen der Gr\u00fcnen Jugend zusammenarbeiten. Wir wollen, dass wir als Verband zusammenwachsen, unser Wissen und unsere F\u00e4higkeiten miteinander teilen und gemeinsam st\u00e4rker werden!<\/p>\n\n\n\n<p><strong>Gehen wir es an!<\/strong><\/p>\n","protected":false},"excerpt":{"rendered":"<p>Zusammenfassung des Antrages: In diesem Leitantrag dr\u00fccken wir die Notwendigkeit aus, sich den aktuellen Herausforderungen in der EU wie sozialer Ungerechtigkeit zu stellen. Dabei wird uns eine gerechtes und solidarisches Europa nicht geschenkt, wir m\u00fcssen es erk\u00e4mpfen. Das schaffen wir mit der gr\u00f6\u00dften Kampagne der GR\u00dcNEN JUGEND zur Europawahl: &#8222;Kein Bock auf Krise&#8220;. Wir haben [&hellip;]<\/p>\n","protected":false},"author":1,"featured_media":0,"comment_status":"closed","ping_status":"closed","sticky":false,"template":"","format":"standard","meta":{"footnotes":""},"categories":[234,237,241,235],"tags":[],"class_list":["post-12017","post","type-post","status-publish","format-standard","hentry","category-beschluesse","category-buergerinnen-rechte-und-demokratie","category-flucht-und-asyl","category-umwelt-energie"],"yoast_head":"<!-- This site is optimized with the Yoast SEO plugin v27.4 - https:\/\/yoast.com\/product\/yoast-seo-wordpress\/ -->\n<title>LMV April 2024: Leitantrag zur Europakampagne<\/title>\n<meta name=\"description\" content=\"Leitantrag der GR\u00dcNEN JUGEND Hessen zur Europakampagne. Dieser beinhaltet zehn konkrete Forderungen unter dem Motto &quot;Kein Bock auf Krise&quot;.\" \/>\n<meta name=\"robots\" content=\"index, follow, max-snippet:-1, max-image-preview:large, max-video-preview:-1\" \/>\n<link rel=\"canonical\" href=\"https:\/\/www.gjh.de\/frog\/lmv-april-2024-leitantrag-kein-bock-auf-krise-die-europakampagne-der-gruenen-jugend-hessen\/\" \/>\n<meta property=\"og:locale\" content=\"de_DE\" \/>\n<meta property=\"og:type\" content=\"article\" \/>\n<meta property=\"og:title\" content=\"LMV April 2024: Leitantrag zur Europakampagne\" \/>\n<meta property=\"og:description\" content=\"Leitantrag der GR\u00dcNEN JUGEND Hessen zur Europakampagne. Dieser beinhaltet zehn konkrete Forderungen unter dem Motto &quot;Kein Bock auf Krise&quot;.\" \/>\n<meta property=\"og:url\" content=\"https:\/\/www.gjh.de\/frog\/lmv-april-2024-leitantrag-kein-bock-auf-krise-die-europakampagne-der-gruenen-jugend-hessen\/\" \/>\n<meta property=\"og:site_name\" content=\"GR\u00dcNE JUGEND Hessen\" \/>\n<meta property=\"article:published_time\" content=\"2024-04-06T12:00:00+00:00\" \/>\n<meta property=\"article:modified_time\" content=\"2024-04-09T14:31:10+00:00\" \/>\n<meta name=\"author\" content=\"Gr\u00fcne Jugend Hessen\" \/>\n<meta name=\"twitter:card\" content=\"summary_large_image\" \/>\n<meta name=\"twitter:label1\" content=\"Verfasst von\" \/>\n\t<meta name=\"twitter:data1\" content=\"Gr\u00fcne Jugend Hessen\" \/>\n\t<meta name=\"twitter:label2\" content=\"Gesch\u00e4tzte Lesezeit\" \/>\n\t<meta name=\"twitter:data2\" content=\"6\u00a0Minuten\" \/>\n<script type=\"application\/ld+json\" class=\"yoast-schema-graph\">{\"@context\":\"https:\\\/\\\/schema.org\",\"@graph\":[{\"@type\":\"Article\",\"@id\":\"https:\\\/\\\/www.gjh.de\\\/frog\\\/lmv-april-2024-leitantrag-kein-bock-auf-krise-die-europakampagne-der-gruenen-jugend-hessen\\\/#article\",\"isPartOf\":{\"@id\":\"https:\\\/\\\/www.gjh.de\\\/frog\\\/lmv-april-2024-leitantrag-kein-bock-auf-krise-die-europakampagne-der-gruenen-jugend-hessen\\\/\"},\"author\":{\"name\":\"Gr\u00fcne Jugend Hessen\",\"@id\":\"https:\\\/\\\/www.gjh.de\\\/frog\\\/#\\\/schema\\\/person\\\/b8fa006520a86a3226e05402520d4f13\"},\"headline\":\"LMV April 2024: Leitantrag: Kein Bock auf Krise! Die Europakampagne der Gr\u00fcnen Jugend Hessen\",\"datePublished\":\"2024-04-06T12:00:00+00:00\",\"dateModified\":\"2024-04-09T14:31:10+00:00\",\"mainEntityOfPage\":{\"@id\":\"https:\\\/\\\/www.gjh.de\\\/frog\\\/lmv-april-2024-leitantrag-kein-bock-auf-krise-die-europakampagne-der-gruenen-jugend-hessen\\\/\"},\"wordCount\":1029,\"articleSection\":[\"Beschl\u00fcsse\",\"B\u00fcrger*innen-Rechte und Demokratie\",\"Flucht und Asyl\",\"Umwelt und Energie\"],\"inLanguage\":\"de\"},{\"@type\":\"WebPage\",\"@id\":\"https:\\\/\\\/www.gjh.de\\\/frog\\\/lmv-april-2024-leitantrag-kein-bock-auf-krise-die-europakampagne-der-gruenen-jugend-hessen\\\/\",\"url\":\"https:\\\/\\\/www.gjh.de\\\/frog\\\/lmv-april-2024-leitantrag-kein-bock-auf-krise-die-europakampagne-der-gruenen-jugend-hessen\\\/\",\"name\":\"LMV April 2024: Leitantrag zur Europakampagne\",\"isPartOf\":{\"@id\":\"https:\\\/\\\/www.gjh.de\\\/frog\\\/#website\"},\"datePublished\":\"2024-04-06T12:00:00+00:00\",\"dateModified\":\"2024-04-09T14:31:10+00:00\",\"author\":{\"@id\":\"https:\\\/\\\/www.gjh.de\\\/frog\\\/#\\\/schema\\\/person\\\/b8fa006520a86a3226e05402520d4f13\"},\"description\":\"Leitantrag der GR\u00dcNEN JUGEND Hessen zur Europakampagne. Dieser beinhaltet zehn konkrete Forderungen unter dem Motto \\\"Kein Bock auf Krise\\\".\",\"breadcrumb\":{\"@id\":\"https:\\\/\\\/www.gjh.de\\\/frog\\\/lmv-april-2024-leitantrag-kein-bock-auf-krise-die-europakampagne-der-gruenen-jugend-hessen\\\/#breadcrumb\"},\"inLanguage\":\"de\",\"potentialAction\":[{\"@type\":\"ReadAction\",\"target\":[\"https:\\\/\\\/www.gjh.de\\\/frog\\\/lmv-april-2024-leitantrag-kein-bock-auf-krise-die-europakampagne-der-gruenen-jugend-hessen\\\/\"]}]},{\"@type\":\"BreadcrumbList\",\"@id\":\"https:\\\/\\\/www.gjh.de\\\/frog\\\/lmv-april-2024-leitantrag-kein-bock-auf-krise-die-europakampagne-der-gruenen-jugend-hessen\\\/#breadcrumb\",\"itemListElement\":[{\"@type\":\"ListItem\",\"position\":1,\"name\":\"Startseite\",\"item\":\"https:\\\/\\\/www.gjh.de\\\/frog\\\/\"},{\"@type\":\"ListItem\",\"position\":2,\"name\":\"LMV April 2024: Leitantrag: Kein Bock auf Krise! Die Europakampagne der Gr\u00fcnen Jugend Hessen\"}]},{\"@type\":\"WebSite\",\"@id\":\"https:\\\/\\\/www.gjh.de\\\/frog\\\/#website\",\"url\":\"https:\\\/\\\/www.gjh.de\\\/frog\\\/\",\"name\":\"GR\u00dcNE JUGEND Hessen\",\"description\":\"\",\"potentialAction\":[{\"@type\":\"SearchAction\",\"target\":{\"@type\":\"EntryPoint\",\"urlTemplate\":\"https:\\\/\\\/www.gjh.de\\\/frog\\\/?s={search_term_string}\"},\"query-input\":{\"@type\":\"PropertyValueSpecification\",\"valueRequired\":true,\"valueName\":\"search_term_string\"}}],\"inLanguage\":\"de\"},{\"@type\":\"Person\",\"@id\":\"https:\\\/\\\/www.gjh.de\\\/frog\\\/#\\\/schema\\\/person\\\/b8fa006520a86a3226e05402520d4f13\",\"name\":\"Gr\u00fcne Jugend Hessen\",\"image\":{\"@type\":\"ImageObject\",\"inLanguage\":\"de\",\"@id\":\"https:\\\/\\\/secure.gravatar.com\\\/avatar\\\/e938d46263c3d10a08350877687bfc15fd4ba70a3de2fa88ac7b3d8603f2ed56?s=96&d=mm&r=g\",\"url\":\"https:\\\/\\\/secure.gravatar.com\\\/avatar\\\/e938d46263c3d10a08350877687bfc15fd4ba70a3de2fa88ac7b3d8603f2ed56?s=96&d=mm&r=g\",\"contentUrl\":\"https:\\\/\\\/secure.gravatar.com\\\/avatar\\\/e938d46263c3d10a08350877687bfc15fd4ba70a3de2fa88ac7b3d8603f2ed56?s=96&d=mm&r=g\",\"caption\":\"Gr\u00fcne Jugend Hessen\"},\"sameAs\":[\"https:\\\/\\\/www.gjh.de\"],\"url\":\"https:\\\/\\\/www.gjh.de\\\/frog\\\/author\\\/admin\\\/\"}]}<\/script>\n<!-- \/ Yoast SEO plugin. -->","yoast_head_json":{"title":"LMV April 2024: Leitantrag zur Europakampagne","description":"Leitantrag der GR\u00dcNEN JUGEND Hessen zur Europakampagne. Dieser beinhaltet zehn konkrete Forderungen unter dem Motto \"Kein Bock auf Krise\".","robots":{"index":"index","follow":"follow","max-snippet":"max-snippet:-1","max-image-preview":"max-image-preview:large","max-video-preview":"max-video-preview:-1"},"canonical":"https:\/\/www.gjh.de\/frog\/lmv-april-2024-leitantrag-kein-bock-auf-krise-die-europakampagne-der-gruenen-jugend-hessen\/","og_locale":"de_DE","og_type":"article","og_title":"LMV April 2024: Leitantrag zur Europakampagne","og_description":"Leitantrag der GR\u00dcNEN JUGEND Hessen zur Europakampagne. Dieser beinhaltet zehn konkrete Forderungen unter dem Motto \"Kein Bock auf Krise\".","og_url":"https:\/\/www.gjh.de\/frog\/lmv-april-2024-leitantrag-kein-bock-auf-krise-die-europakampagne-der-gruenen-jugend-hessen\/","og_site_name":"GR\u00dcNE JUGEND Hessen","article_published_time":"2024-04-06T12:00:00+00:00","article_modified_time":"2024-04-09T14:31:10+00:00","author":"Gr\u00fcne Jugend Hessen","twitter_card":"summary_large_image","twitter_misc":{"Verfasst von":"Gr\u00fcne Jugend Hessen","Gesch\u00e4tzte Lesezeit":"6\u00a0Minuten"},"schema":{"@context":"https:\/\/schema.org","@graph":[{"@type":"Article","@id":"https:\/\/www.gjh.de\/frog\/lmv-april-2024-leitantrag-kein-bock-auf-krise-die-europakampagne-der-gruenen-jugend-hessen\/#article","isPartOf":{"@id":"https:\/\/www.gjh.de\/frog\/lmv-april-2024-leitantrag-kein-bock-auf-krise-die-europakampagne-der-gruenen-jugend-hessen\/"},"author":{"name":"Gr\u00fcne Jugend Hessen","@id":"https:\/\/www.gjh.de\/frog\/#\/schema\/person\/b8fa006520a86a3226e05402520d4f13"},"headline":"LMV April 2024: Leitantrag: Kein Bock auf Krise! Die Europakampagne der Gr\u00fcnen Jugend Hessen","datePublished":"2024-04-06T12:00:00+00:00","dateModified":"2024-04-09T14:31:10+00:00","mainEntityOfPage":{"@id":"https:\/\/www.gjh.de\/frog\/lmv-april-2024-leitantrag-kein-bock-auf-krise-die-europakampagne-der-gruenen-jugend-hessen\/"},"wordCount":1029,"articleSection":["Beschl\u00fcsse","B\u00fcrger*innen-Rechte und Demokratie","Flucht und Asyl","Umwelt und Energie"],"inLanguage":"de"},{"@type":"WebPage","@id":"https:\/\/www.gjh.de\/frog\/lmv-april-2024-leitantrag-kein-bock-auf-krise-die-europakampagne-der-gruenen-jugend-hessen\/","url":"https:\/\/www.gjh.de\/frog\/lmv-april-2024-leitantrag-kein-bock-auf-krise-die-europakampagne-der-gruenen-jugend-hessen\/","name":"LMV April 2024: Leitantrag zur Europakampagne","isPartOf":{"@id":"https:\/\/www.gjh.de\/frog\/#website"},"datePublished":"2024-04-06T12:00:00+00:00","dateModified":"2024-04-09T14:31:10+00:00","author":{"@id":"https:\/\/www.gjh.de\/frog\/#\/schema\/person\/b8fa006520a86a3226e05402520d4f13"},"description":"Leitantrag der GR\u00dcNEN JUGEND Hessen zur Europakampagne. Dieser beinhaltet zehn konkrete Forderungen unter dem Motto \"Kein Bock auf Krise\".","breadcrumb":{"@id":"https:\/\/www.gjh.de\/frog\/lmv-april-2024-leitantrag-kein-bock-auf-krise-die-europakampagne-der-gruenen-jugend-hessen\/#breadcrumb"},"inLanguage":"de","potentialAction":[{"@type":"ReadAction","target":["https:\/\/www.gjh.de\/frog\/lmv-april-2024-leitantrag-kein-bock-auf-krise-die-europakampagne-der-gruenen-jugend-hessen\/"]}]},{"@type":"BreadcrumbList","@id":"https:\/\/www.gjh.de\/frog\/lmv-april-2024-leitantrag-kein-bock-auf-krise-die-europakampagne-der-gruenen-jugend-hessen\/#breadcrumb","itemListElement":[{"@type":"ListItem","position":1,"name":"Startseite","item":"https:\/\/www.gjh.de\/frog\/"},{"@type":"ListItem","position":2,"name":"LMV April 2024: Leitantrag: Kein Bock auf Krise! Die Europakampagne der Gr\u00fcnen Jugend Hessen"}]},{"@type":"WebSite","@id":"https:\/\/www.gjh.de\/frog\/#website","url":"https:\/\/www.gjh.de\/frog\/","name":"GR\u00dcNE JUGEND Hessen","description":"","potentialAction":[{"@type":"SearchAction","target":{"@type":"EntryPoint","urlTemplate":"https:\/\/www.gjh.de\/frog\/?s={search_term_string}"},"query-input":{"@type":"PropertyValueSpecification","valueRequired":true,"valueName":"search_term_string"}}],"inLanguage":"de"},{"@type":"Person","@id":"https:\/\/www.gjh.de\/frog\/#\/schema\/person\/b8fa006520a86a3226e05402520d4f13","name":"Gr\u00fcne Jugend Hessen","image":{"@type":"ImageObject","inLanguage":"de","@id":"https:\/\/secure.gravatar.com\/avatar\/e938d46263c3d10a08350877687bfc15fd4ba70a3de2fa88ac7b3d8603f2ed56?s=96&d=mm&r=g","url":"https:\/\/secure.gravatar.com\/avatar\/e938d46263c3d10a08350877687bfc15fd4ba70a3de2fa88ac7b3d8603f2ed56?s=96&d=mm&r=g","contentUrl":"https:\/\/secure.gravatar.com\/avatar\/e938d46263c3d10a08350877687bfc15fd4ba70a3de2fa88ac7b3d8603f2ed56?s=96&d=mm&r=g","caption":"Gr\u00fcne Jugend Hessen"},"sameAs":["https:\/\/www.gjh.de"],"url":"https:\/\/www.gjh.de\/frog\/author\/admin\/"}]}},"_links":{"self":[{"href":"https:\/\/www.gjh.de\/frog\/wp-json\/wp\/v2\/posts\/12017","targetHints":{"allow":["GET"]}}],"collection":[{"href":"https:\/\/www.gjh.de\/frog\/wp-json\/wp\/v2\/posts"}],"about":[{"href":"https:\/\/www.gjh.de\/frog\/wp-json\/wp\/v2\/types\/post"}],"author":[{"embeddable":true,"href":"https:\/\/www.gjh.de\/frog\/wp-json\/wp\/v2\/users\/1"}],"replies":[{"embeddable":true,"href":"https:\/\/www.gjh.de\/frog\/wp-json\/wp\/v2\/comments?post=12017"}],"version-history":[{"count":1,"href":"https:\/\/www.gjh.de\/frog\/wp-json\/wp\/v2\/posts\/12017\/revisions"}],"predecessor-version":[{"id":12018,"href":"https:\/\/www.gjh.de\/frog\/wp-json\/wp\/v2\/posts\/12017\/revisions\/12018"}],"wp:attachment":[{"href":"https:\/\/www.gjh.de\/frog\/wp-json\/wp\/v2\/media?parent=12017"}],"wp:term":[{"taxonomy":"category","embeddable":true,"href":"https:\/\/www.gjh.de\/frog\/wp-json\/wp\/v2\/categories?post=12017"},{"taxonomy":"post_tag","embeddable":true,"href":"https:\/\/www.gjh.de\/frog\/wp-json\/wp\/v2\/tags?post=12017"}],"curies":[{"name":"wp","href":"https:\/\/api.w.org\/{rel}","templated":true}]}}