{"id":12187,"date":"2024-06-30T14:46:44","date_gmt":"2024-06-30T12:46:44","guid":{"rendered":"https:\/\/www.gjh.de\/frog\/?p=12187"},"modified":"2024-08-07T11:50:41","modified_gmt":"2024-08-07T09:50:41","slug":"labei-juni-2024-leitantrag-kein-weiter-so-gruene-jugend-hessen","status":"publish","type":"post","link":"https:\/\/www.gjh.de\/frog\/labei-juni-2024-leitantrag-kein-weiter-so-gruene-jugend-hessen\/","title":{"rendered":"LaBei Juni 2024 &#8211; Leitantrag: Ein Weiter-So wird es nicht geben"},"content":{"rendered":"\n<p>Die GR\u00dcNE Partei hat bei der Europawahl 2024 in der W\u00e4hler*innengruppe der 16 &#8211; 24 J\u00e4hrigen verglichen mit der letzten Europawahl Zweidrittel der Stimmen verloren. Was ist jetzt zu tun?<br>Als GR\u00dcNE JUGEND Hessen stecken wir den Kopf nicht in den Sand (\/rw). Wir sehen unsere Fehler. Wir passen unsere Strategie an die Lebensrealit\u00e4t der jungen Menschen an.<\/p>\n\n\n\n<p>Europa, Deutschland und eure direkte Nachbar*innenschaft befinden sich im Umbruch. Rechtsruck, Klimakrise, Soziale Krise, Asylrechtsversch\u00e4rfungen, Freiheitseinschr\u00e4nkungen, Perspektivosigkeit\u2026<\/p>\n\n\n\n<p>Das Versprechen des Sozialen Aufstiegs gibt es nicht mehr. Die Zeit, in der wir aufwachsen, ist gepr\u00e4gt von Krisen. Die Ergebnisse der Europawahl waren nicht erschreckend, sie waren erwartbar. Progressive Kr\u00e4fte erlitten massive Verluste, w\u00e4hrend die Konservativen und Rechtsextremist*innen st\u00e4rker wurden. Besonders bitter ist, dass gerade die jungen Menschen das Vertrauen an B\u00dcNDNIS 90\/ DIE GR\u00dcNEN verloren haben. Junge Menschen w\u00e4hlen nicht l\u00e4nger automatisch progressiv, sie haben mehrheitlich konservativ oder rechts gew\u00e4hlt.<\/p>\n\n\n\n<p><strong>Klingt vernichtend, oder?<\/strong><\/p>\n\n\n\n<p>Anstatt zu verzweifeln, packen wir an. Anstatt den Kopf in den Sand zu stecken (\/rw), \u00fcberdenken wir unsere Strategie. Ein Weiter-So wird es nicht geben. Es ist Zeit, unsere Werkzeuge zu \u00fcberdenken, unsere Strategien zu erneuern und klarzustellen, dass auch die Partei B\u00dcNDNIS 90\/DIE GR\u00dcNEN Hessen und die GR\u00dcNE JUGEND Hessen sich ver\u00e4ndern m\u00fcssen. Wir erkennen die Perspektivlosigkeit junger Menschen. Unser Ziel bleibt klar: Die Antwort f\u00fcr eine linke Mehrheit ist eine Politik, die ein Versprechen auf eine bessere Zukunft ist.<\/p>\n\n\n\n<p>Dabei wissen wir, dass wir bereits dabei sind diese Zukunft gemeinsam aufzubauen \/rw. In den Kreisverb\u00e4nden sind wir in den letzten Wochen auf der Stra\u00dfe gewesen und haben gek\u00e4mpft f\u00fcr eine bessere Welt. Daf\u00fcr k\u00f6nnen und sollten wir uns feiern. Aber wir m\u00fcssen auch weiterdenken.<\/p>\n\n\n\n<p><strong>Analyse der Wahlergebnisse<\/strong><\/p>\n\n\n\n<p>Die j\u00fcngsten Wahlergebnisse zeigen, dass wir junge Menschen nicht mehr ausreichend erreichen. Die Ursachen daf\u00fcr sind vielf\u00e4ltig.<\/p>\n\n\n\n<ol class=\"wp-block-list\" start=\"NaN\">\n<li>Unklare Botschaften: Unsere politischen Botschaften m\u00fcssen klarer und \u00fcberzeugender werden. Unsere Forderungen d\u00fcrfen sich nicht allein durch die Ablehnung anderer Positionen kennzeichnen, sondern m\u00fcssen Versprechen auf eine bessere Zukunft sein. Zudem m\u00fcssen wir durch eine konsequente Politik deutlich machen, dass wir diese Botschaften glaubhaft vertreten k\u00f6nnen.<\/li>\n\n\n\n<li>Fehlende Pr\u00e4senz vor Ort: Wir m\u00fcssen st\u00e4rker im allt\u00e4glichen Leben junger Menschen pr\u00e4sent sein. Insbesondere wenn wir auf den l\u00e4ndlichen Raum blicken, merken wir, dass wir insoweit noch deutlich besser werden m\u00fcssen.<\/li>\n\n\n\n<li>Starker Gegenwind: Die gesellschaftlichen und politischen Einstellungen gegen\u00fcber uns haben sich ver\u00e4ndert, darauf m\u00fcssen wir reagieren.<\/li>\n<\/ol>\n\n\n\n<p><strong>St\u00e4rkung der Mitglieder und Kreisverb\u00e4nde<\/strong><\/p>\n\n\n\n<ol class=\"wp-block-list\" start=\"NaN\">\n<li>Mitglieder st\u00e4rken: Durch regelm\u00e4\u00dfige Schulungen und Workshops werden wir Mitglieder in ihrer politischen Analyse, Sprechf\u00e4higkeit und in ihren Organizing-Skills besser ausbilden.<\/li>\n\n\n\n<li>Lokale Pr\u00e4senz erh\u00f6hen: Aufbau und Unterst\u00fctzung unserer Kreisverb\u00e4nde und den Verb\u00fcndeten unserer Kreisverb\u00e4nde. Dabei legen wir insbesondere Wert auf die Unterst\u00fctzung l\u00e4ndlicher Kreisverb\u00e4nde.<\/li>\n\n\n\n<li>Neumitglieder willkommen hei\u00dfen: Neumitglieder und Interessierte m\u00fcssen schneller und besser in die Verbandsarbeit eingebunden werden.<\/li>\n<\/ol>\n\n\n\n<p><strong>Politische Inhalte sch\u00e4rfen und weiterentwickeln<\/strong><\/p>\n\n\n\n<ol class=\"wp-block-list\" start=\"NaN\">\n<li>Lebensrealit\u00e4ten abbilden: Wir m\u00fcssen aus gewohnten Kreisen hinaustreten und die Lebensrealit\u00e4ten von jungen Menschen in den Mittelpunkt r\u00fccken.<\/li>\n\n\n\n<li>Versprechen f\u00fcr eine bessere Zukunft: Unsere Politik muss deutlicher zeigen, dass soziale Gerechtigkeit und Klimaschutz Hand in Hand gehen. Eine bessere Zukunft erreichen wir nicht durch CDU-Stagnation oder durch undemokratische, unmenschliche Politik der AfD.<\/li>\n\n\n\n<li>Das Momentum nutzen: Wir m\u00fcssen offensiv und klar gegen rechtsextreme Str\u00f6mungen und ihre politischen Vertreter*innen vorgehen. Politische Bewegungen und Hochphasen wie die Anti-AfD Demos werden wir besser nutzen, um die Jugend von unserer Zukunftsstrategie zu \u00fcberzeugen.<\/li>\n\n\n\n<li>Werkzeugkasten \u00fcberdenken: Als GR\u00dcNE JUGEND Hessen m\u00f6chten wir jungen, politisch interessierten Menschen einen Raum bieten, um f\u00fcr bessere Lebensbedingungen zu k\u00e4mpfen. Im Europawahlkampf haben wir mit dem Versuch begonnen, dieses Ziel durch eine neue Strategie und neue Methoden der Ansprache besser zu erreichen. Jetzt gilt es, die Effektivit\u00e4t dieser neuen Strategie zu pr\u00fcfen und uns zu Fragen, wie wir sie verbessern k\u00f6nnen.<\/li>\n<\/ol>\n\n\n\n<p>Es hei\u00dft jetzt Hand in Hand zu stehen (\/rw). Wir brauchen uns alle, jede*n Einzelne*n von uns um ein Weiter-so zu verhindern. Wir wissen, wie eine bessere Zukunft aussehen kann.Lasst uns junge Menschen davon \u00fcberzeugen.<\/p>\n","protected":false},"excerpt":{"rendered":"<p>Die GR\u00dcNE Partei hat bei der Europawahl 2024 in der W\u00e4hler*innengruppe der 16 &#8211; 24 J\u00e4hrigen verglichen mit der letzten Europawahl Zweidrittel der Stimmen verloren. Was ist jetzt zu tun?Als GR\u00dcNE JUGEND Hessen stecken wir den Kopf nicht in den Sand (\/rw). Wir sehen unsere Fehler. Wir passen unsere Strategie an die Lebensrealit\u00e4t der jungen [&hellip;]<\/p>\n","protected":false},"author":1,"featured_media":0,"comment_status":"closed","ping_status":"closed","sticky":false,"template":"","format":"standard","meta":{"footnotes":""},"categories":[234,237],"tags":[],"class_list":["post-12187","post","type-post","status-publish","format-standard","hentry","category-beschluesse","category-buergerinnen-rechte-und-demokratie"],"yoast_head":"<!-- This site is optimized with the Yoast SEO plugin v27.5 - https:\/\/yoast.com\/product\/yoast-seo-wordpress\/ -->\n<title>LaBei Juni 2024 - Leitantrag: Kein Weiter-So<\/title>\n<meta name=\"description\" content=\"Nach den ersch\u00fctternden Ergebnissen der Europawahl fordert die Gr\u00fcne Jugend Hessen ein Umdenken der Politik in unserem Land.\" \/>\n<meta name=\"robots\" content=\"index, follow, max-snippet:-1, max-image-preview:large, max-video-preview:-1\" \/>\n<link rel=\"canonical\" href=\"https:\/\/www.gjh.de\/frog\/labei-juni-2024-leitantrag-kein-weiter-so-gruene-jugend-hessen\/\" \/>\n<meta property=\"og:locale\" content=\"de_DE\" \/>\n<meta property=\"og:type\" content=\"article\" \/>\n<meta property=\"og:title\" content=\"LaBei Juni 2024 - Leitantrag: Kein Weiter-So\" \/>\n<meta property=\"og:description\" content=\"Nach den ersch\u00fctternden Ergebnissen der Europawahl fordert die Gr\u00fcne Jugend Hessen ein Umdenken der Politik in unserem Land.\" \/>\n<meta property=\"og:url\" content=\"https:\/\/www.gjh.de\/frog\/labei-juni-2024-leitantrag-kein-weiter-so-gruene-jugend-hessen\/\" \/>\n<meta property=\"og:site_name\" content=\"GR\u00dcNE JUGEND Hessen\" \/>\n<meta property=\"article:published_time\" content=\"2024-06-30T12:46:44+00:00\" \/>\n<meta property=\"article:modified_time\" content=\"2024-08-07T09:50:41+00:00\" \/>\n<meta name=\"author\" content=\"Gr\u00fcne Jugend Hessen\" \/>\n<meta name=\"twitter:card\" content=\"summary_large_image\" \/>\n<meta name=\"twitter:label1\" content=\"Verfasst von\" \/>\n\t<meta name=\"twitter:data1\" content=\"Gr\u00fcne Jugend Hessen\" \/>\n\t<meta name=\"twitter:label2\" content=\"Gesch\u00e4tzte Lesezeit\" \/>\n\t<meta name=\"twitter:data2\" content=\"4\u00a0Minuten\" \/>\n<script type=\"application\/ld+json\" class=\"yoast-schema-graph\">{\"@context\":\"https:\\\/\\\/schema.org\",\"@graph\":[{\"@type\":\"Article\",\"@id\":\"https:\\\/\\\/www.gjh.de\\\/frog\\\/labei-juni-2024-leitantrag-kein-weiter-so-gruene-jugend-hessen\\\/#article\",\"isPartOf\":{\"@id\":\"https:\\\/\\\/www.gjh.de\\\/frog\\\/labei-juni-2024-leitantrag-kein-weiter-so-gruene-jugend-hessen\\\/\"},\"author\":{\"name\":\"Gr\u00fcne Jugend Hessen\",\"@id\":\"https:\\\/\\\/www.gjh.de\\\/frog\\\/#\\\/schema\\\/person\\\/b8fa006520a86a3226e05402520d4f13\"},\"headline\":\"LaBei Juni 2024 &#8211; Leitantrag: Ein Weiter-So wird es nicht geben\",\"datePublished\":\"2024-06-30T12:46:44+00:00\",\"dateModified\":\"2024-08-07T09:50:41+00:00\",\"mainEntityOfPage\":{\"@id\":\"https:\\\/\\\/www.gjh.de\\\/frog\\\/labei-juni-2024-leitantrag-kein-weiter-so-gruene-jugend-hessen\\\/\"},\"wordCount\":736,\"articleSection\":[\"Beschl\u00fcsse\",\"B\u00fcrger*innen-Rechte und Demokratie\"],\"inLanguage\":\"de\"},{\"@type\":\"WebPage\",\"@id\":\"https:\\\/\\\/www.gjh.de\\\/frog\\\/labei-juni-2024-leitantrag-kein-weiter-so-gruene-jugend-hessen\\\/\",\"url\":\"https:\\\/\\\/www.gjh.de\\\/frog\\\/labei-juni-2024-leitantrag-kein-weiter-so-gruene-jugend-hessen\\\/\",\"name\":\"LaBei Juni 2024 - Leitantrag: Kein Weiter-So\",\"isPartOf\":{\"@id\":\"https:\\\/\\\/www.gjh.de\\\/frog\\\/#website\"},\"datePublished\":\"2024-06-30T12:46:44+00:00\",\"dateModified\":\"2024-08-07T09:50:41+00:00\",\"author\":{\"@id\":\"https:\\\/\\\/www.gjh.de\\\/frog\\\/#\\\/schema\\\/person\\\/b8fa006520a86a3226e05402520d4f13\"},\"description\":\"Nach den ersch\u00fctternden Ergebnissen der Europawahl fordert die Gr\u00fcne Jugend Hessen ein Umdenken der Politik in unserem Land.\",\"breadcrumb\":{\"@id\":\"https:\\\/\\\/www.gjh.de\\\/frog\\\/labei-juni-2024-leitantrag-kein-weiter-so-gruene-jugend-hessen\\\/#breadcrumb\"},\"inLanguage\":\"de\",\"potentialAction\":[{\"@type\":\"ReadAction\",\"target\":[\"https:\\\/\\\/www.gjh.de\\\/frog\\\/labei-juni-2024-leitantrag-kein-weiter-so-gruene-jugend-hessen\\\/\"]}]},{\"@type\":\"BreadcrumbList\",\"@id\":\"https:\\\/\\\/www.gjh.de\\\/frog\\\/labei-juni-2024-leitantrag-kein-weiter-so-gruene-jugend-hessen\\\/#breadcrumb\",\"itemListElement\":[{\"@type\":\"ListItem\",\"position\":1,\"name\":\"Startseite\",\"item\":\"https:\\\/\\\/www.gjh.de\\\/frog\\\/\"},{\"@type\":\"ListItem\",\"position\":2,\"name\":\"LaBei Juni 2024 &#8211; Leitantrag: Ein Weiter-So wird es nicht geben\"}]},{\"@type\":\"WebSite\",\"@id\":\"https:\\\/\\\/www.gjh.de\\\/frog\\\/#website\",\"url\":\"https:\\\/\\\/www.gjh.de\\\/frog\\\/\",\"name\":\"GR\u00dcNE JUGEND Hessen\",\"description\":\"\",\"potentialAction\":[{\"@type\":\"SearchAction\",\"target\":{\"@type\":\"EntryPoint\",\"urlTemplate\":\"https:\\\/\\\/www.gjh.de\\\/frog\\\/?s={search_term_string}\"},\"query-input\":{\"@type\":\"PropertyValueSpecification\",\"valueRequired\":true,\"valueName\":\"search_term_string\"}}],\"inLanguage\":\"de\"},{\"@type\":\"Person\",\"@id\":\"https:\\\/\\\/www.gjh.de\\\/frog\\\/#\\\/schema\\\/person\\\/b8fa006520a86a3226e05402520d4f13\",\"name\":\"Gr\u00fcne Jugend Hessen\",\"image\":{\"@type\":\"ImageObject\",\"inLanguage\":\"de\",\"@id\":\"https:\\\/\\\/secure.gravatar.com\\\/avatar\\\/e938d46263c3d10a08350877687bfc15fd4ba70a3de2fa88ac7b3d8603f2ed56?s=96&d=mm&r=g\",\"url\":\"https:\\\/\\\/secure.gravatar.com\\\/avatar\\\/e938d46263c3d10a08350877687bfc15fd4ba70a3de2fa88ac7b3d8603f2ed56?s=96&d=mm&r=g\",\"contentUrl\":\"https:\\\/\\\/secure.gravatar.com\\\/avatar\\\/e938d46263c3d10a08350877687bfc15fd4ba70a3de2fa88ac7b3d8603f2ed56?s=96&d=mm&r=g\",\"caption\":\"Gr\u00fcne Jugend Hessen\"},\"sameAs\":[\"https:\\\/\\\/www.gjh.de\"],\"url\":\"https:\\\/\\\/www.gjh.de\\\/frog\\\/author\\\/admin\\\/\"}]}<\/script>\n<!-- \/ Yoast SEO plugin. -->","yoast_head_json":{"title":"LaBei Juni 2024 - Leitantrag: Kein Weiter-So","description":"Nach den ersch\u00fctternden Ergebnissen der Europawahl fordert die Gr\u00fcne Jugend Hessen ein Umdenken der Politik in unserem Land.","robots":{"index":"index","follow":"follow","max-snippet":"max-snippet:-1","max-image-preview":"max-image-preview:large","max-video-preview":"max-video-preview:-1"},"canonical":"https:\/\/www.gjh.de\/frog\/labei-juni-2024-leitantrag-kein-weiter-so-gruene-jugend-hessen\/","og_locale":"de_DE","og_type":"article","og_title":"LaBei Juni 2024 - Leitantrag: Kein Weiter-So","og_description":"Nach den ersch\u00fctternden Ergebnissen der Europawahl fordert die Gr\u00fcne Jugend Hessen ein Umdenken der Politik in unserem Land.","og_url":"https:\/\/www.gjh.de\/frog\/labei-juni-2024-leitantrag-kein-weiter-so-gruene-jugend-hessen\/","og_site_name":"GR\u00dcNE JUGEND Hessen","article_published_time":"2024-06-30T12:46:44+00:00","article_modified_time":"2024-08-07T09:50:41+00:00","author":"Gr\u00fcne Jugend Hessen","twitter_card":"summary_large_image","twitter_misc":{"Verfasst von":"Gr\u00fcne Jugend Hessen","Gesch\u00e4tzte Lesezeit":"4\u00a0Minuten"},"schema":{"@context":"https:\/\/schema.org","@graph":[{"@type":"Article","@id":"https:\/\/www.gjh.de\/frog\/labei-juni-2024-leitantrag-kein-weiter-so-gruene-jugend-hessen\/#article","isPartOf":{"@id":"https:\/\/www.gjh.de\/frog\/labei-juni-2024-leitantrag-kein-weiter-so-gruene-jugend-hessen\/"},"author":{"name":"Gr\u00fcne Jugend Hessen","@id":"https:\/\/www.gjh.de\/frog\/#\/schema\/person\/b8fa006520a86a3226e05402520d4f13"},"headline":"LaBei Juni 2024 &#8211; Leitantrag: Ein Weiter-So wird es nicht geben","datePublished":"2024-06-30T12:46:44+00:00","dateModified":"2024-08-07T09:50:41+00:00","mainEntityOfPage":{"@id":"https:\/\/www.gjh.de\/frog\/labei-juni-2024-leitantrag-kein-weiter-so-gruene-jugend-hessen\/"},"wordCount":736,"articleSection":["Beschl\u00fcsse","B\u00fcrger*innen-Rechte und Demokratie"],"inLanguage":"de"},{"@type":"WebPage","@id":"https:\/\/www.gjh.de\/frog\/labei-juni-2024-leitantrag-kein-weiter-so-gruene-jugend-hessen\/","url":"https:\/\/www.gjh.de\/frog\/labei-juni-2024-leitantrag-kein-weiter-so-gruene-jugend-hessen\/","name":"LaBei Juni 2024 - Leitantrag: Kein Weiter-So","isPartOf":{"@id":"https:\/\/www.gjh.de\/frog\/#website"},"datePublished":"2024-06-30T12:46:44+00:00","dateModified":"2024-08-07T09:50:41+00:00","author":{"@id":"https:\/\/www.gjh.de\/frog\/#\/schema\/person\/b8fa006520a86a3226e05402520d4f13"},"description":"Nach den ersch\u00fctternden Ergebnissen der Europawahl fordert die Gr\u00fcne Jugend Hessen ein Umdenken der Politik in unserem Land.","breadcrumb":{"@id":"https:\/\/www.gjh.de\/frog\/labei-juni-2024-leitantrag-kein-weiter-so-gruene-jugend-hessen\/#breadcrumb"},"inLanguage":"de","potentialAction":[{"@type":"ReadAction","target":["https:\/\/www.gjh.de\/frog\/labei-juni-2024-leitantrag-kein-weiter-so-gruene-jugend-hessen\/"]}]},{"@type":"BreadcrumbList","@id":"https:\/\/www.gjh.de\/frog\/labei-juni-2024-leitantrag-kein-weiter-so-gruene-jugend-hessen\/#breadcrumb","itemListElement":[{"@type":"ListItem","position":1,"name":"Startseite","item":"https:\/\/www.gjh.de\/frog\/"},{"@type":"ListItem","position":2,"name":"LaBei Juni 2024 &#8211; Leitantrag: Ein Weiter-So wird es nicht geben"}]},{"@type":"WebSite","@id":"https:\/\/www.gjh.de\/frog\/#website","url":"https:\/\/www.gjh.de\/frog\/","name":"GR\u00dcNE JUGEND Hessen","description":"","potentialAction":[{"@type":"SearchAction","target":{"@type":"EntryPoint","urlTemplate":"https:\/\/www.gjh.de\/frog\/?s={search_term_string}"},"query-input":{"@type":"PropertyValueSpecification","valueRequired":true,"valueName":"search_term_string"}}],"inLanguage":"de"},{"@type":"Person","@id":"https:\/\/www.gjh.de\/frog\/#\/schema\/person\/b8fa006520a86a3226e05402520d4f13","name":"Gr\u00fcne Jugend Hessen","image":{"@type":"ImageObject","inLanguage":"de","@id":"https:\/\/secure.gravatar.com\/avatar\/e938d46263c3d10a08350877687bfc15fd4ba70a3de2fa88ac7b3d8603f2ed56?s=96&d=mm&r=g","url":"https:\/\/secure.gravatar.com\/avatar\/e938d46263c3d10a08350877687bfc15fd4ba70a3de2fa88ac7b3d8603f2ed56?s=96&d=mm&r=g","contentUrl":"https:\/\/secure.gravatar.com\/avatar\/e938d46263c3d10a08350877687bfc15fd4ba70a3de2fa88ac7b3d8603f2ed56?s=96&d=mm&r=g","caption":"Gr\u00fcne Jugend Hessen"},"sameAs":["https:\/\/www.gjh.de"],"url":"https:\/\/www.gjh.de\/frog\/author\/admin\/"}]}},"_links":{"self":[{"href":"https:\/\/www.gjh.de\/frog\/wp-json\/wp\/v2\/posts\/12187","targetHints":{"allow":["GET"]}}],"collection":[{"href":"https:\/\/www.gjh.de\/frog\/wp-json\/wp\/v2\/posts"}],"about":[{"href":"https:\/\/www.gjh.de\/frog\/wp-json\/wp\/v2\/types\/post"}],"author":[{"embeddable":true,"href":"https:\/\/www.gjh.de\/frog\/wp-json\/wp\/v2\/users\/1"}],"replies":[{"embeddable":true,"href":"https:\/\/www.gjh.de\/frog\/wp-json\/wp\/v2\/comments?post=12187"}],"version-history":[{"count":2,"href":"https:\/\/www.gjh.de\/frog\/wp-json\/wp\/v2\/posts\/12187\/revisions"}],"predecessor-version":[{"id":12191,"href":"https:\/\/www.gjh.de\/frog\/wp-json\/wp\/v2\/posts\/12187\/revisions\/12191"}],"wp:attachment":[{"href":"https:\/\/www.gjh.de\/frog\/wp-json\/wp\/v2\/media?parent=12187"}],"wp:term":[{"taxonomy":"category","embeddable":true,"href":"https:\/\/www.gjh.de\/frog\/wp-json\/wp\/v2\/categories?post=12187"},{"taxonomy":"post_tag","embeddable":true,"href":"https:\/\/www.gjh.de\/frog\/wp-json\/wp\/v2\/tags?post=12187"}],"curies":[{"name":"wp","href":"https:\/\/api.w.org\/{rel}","templated":true}]}}