{"id":12597,"date":"2025-04-05T18:05:00","date_gmt":"2025-04-05T16:05:00","guid":{"rendered":"https:\/\/www.gjh.de\/frog\/?p=12597"},"modified":"2025-04-10T13:11:14","modified_gmt":"2025-04-10T11:11:14","slug":"lmv-april-2025-demokratische-resilienz-staerken-gegen-den-abbau-unserer-demokratie","status":"publish","type":"post","link":"https:\/\/www.gjh.de\/frog\/lmv-april-2025-demokratische-resilienz-staerken-gegen-den-abbau-unserer-demokratie\/","title":{"rendered":"LMV April 2025: Demokratische Resilienz st\u00e4rken \u2013 Gegen den Abbau unserer Demokratie"},"content":{"rendered":"\n<h2 class=\"wp-block-heading\"><strong>Demokratie Sch\u00fctzen!<\/strong><\/h2>\n\n\n\n<p><strong>Wir brauchen eine Debatte \u00fcber demokratische Resilienz.<\/strong><\/p>\n\n\n\n<p>Unsere Demokratie steht unter Druck, w\u00e4hrend Antidemokraten zunehmend an Einfluss gewinnen. Es ist nicht ausgeschlossen, dass sie in Zukunft weiter ausgeh\u00f6hlt wird \u2013 dem m\u00fcssen wir entgegenwirken.<\/p>\n\n\n\n<p>Die K\u00e4mpfe, die Demokrat*innen in Ungarn, den USA oder der T\u00fcrkei derzeit f\u00fchren, sind f\u00fcr viele in Deutschland kaum vorstellbar. Doch um zu verhindern, dass es auch hier so weit kommt, m\u00fcssen wir uns jetzt damit auseinandersetzen, wie wir unsere Demokratie st\u00e4rken \u2013 damit immer mehr Menschen wieder Hoffnung in sie setzen.<\/p>\n\n\n\n<p>Dazu m\u00fcssen wir unsere eigenen F\u00e4higkeiten zum Schutz der Demokratie ausbauen. Wir m\u00fcssen diskutieren, mit welchen Strategien Antidemokraten versuchen, die grundlegenden Grenzen unserer Demokratie zu verschieben \u2013 und wie wir dem entschlossen entgegentreten k\u00f6nnen.<\/p>\n\n\n\n<p><strong>Um dies sicherzustellen, stellt der Landesverband die Notwendigkeit einer Reaktivierung des AK Demokratie fest, um dort zu erkunden, wie wir unsere demokratische Resilienz verst\u00e4rken k\u00f6nnen.<\/strong><\/p>\n\n\n\n<p>Die Verteidigung der Demokratie darf nicht erst beginnen, wenn sie bereits verloren ist. Jetzt ist die Zeit, sich mit unserer Zukunft auseinanderzusetzen.<\/p>\n\n\n\n<h2 class=\"wp-block-heading\">Begr\u00fcndung<\/h2>\n\n\n\n<p>Wie wir jeden Tag sehen, versuchen Antidemokraten innerhalb und au\u00dferhalb der Parlamente, unsere Demokratie zu schw\u00e4chen. Wir Demokraten halten erfolgreich dagegen.<\/p>\n\n\n\n<p>Doch wie Ereignisse in Ungarn, der T\u00fcrkei oder den USA zeigen, entwickelt sich das Ringen zwischen Demokratie und Autokratie immer weiter. Auch wir m\u00fcssen unsere eigenen F\u00e4higkeiten und Taktiken daf\u00fcr verbessern, um auf immer neue Ereignisse zu reagieren.<\/p>\n\n\n\n<p>Der AK Demokratie hat viel Potential, um dort \u00fcber die Ideen sprechen zu k\u00f6nnen, mit welchen wir unsere eigene demokratische Resilienz st\u00e4rken k\u00f6nnen. Mit diesem Antrag wollen wir nicht nur ein Bewusstsein f\u00fcr die Bedrohungen unserer Demokratie schaffen, sondern auch einen Raum er\u00f6ffnen, in dem wir konkrete Wege zur St\u00e4rkung der Demokratie diskutieren k\u00f6nnen.<\/p>\n","protected":false},"excerpt":{"rendered":"<p>Demokratie Sch\u00fctzen! Wir brauchen eine Debatte \u00fcber demokratische Resilienz. Unsere Demokratie steht unter Druck, w\u00e4hrend Antidemokraten zunehmend an Einfluss gewinnen. Es ist nicht ausgeschlossen, dass sie in Zukunft weiter ausgeh\u00f6hlt wird \u2013 dem m\u00fcssen wir entgegenwirken. Die K\u00e4mpfe, die Demokrat*innen in Ungarn, den USA oder der T\u00fcrkei derzeit f\u00fchren, sind f\u00fcr viele in Deutschland kaum [&hellip;]<\/p>\n","protected":false},"author":1,"featured_media":0,"comment_status":"closed","ping_status":"closed","sticky":false,"template":"","format":"standard","meta":{"footnotes":""},"categories":[234,237],"tags":[],"class_list":["post-12597","post","type-post","status-publish","format-standard","hentry","category-beschluesse","category-buergerinnen-rechte-und-demokratie"],"yoast_head":"<!-- This site is optimized with the Yoast SEO plugin v27.5 - https:\/\/yoast.com\/product\/yoast-seo-wordpress\/ -->\n<title>LMV April 2025: Demokratische Resilienz st\u00e4rken<\/title>\n<meta name=\"description\" content=\"Die Verteidigung der Demokratie darf nicht beginnen, wenn sie bereits verloren ist. Wir brauchen eine Debatte \u00fcber demokratische Resilienz.\" \/>\n<meta name=\"robots\" content=\"index, follow, max-snippet:-1, max-image-preview:large, max-video-preview:-1\" \/>\n<link rel=\"canonical\" href=\"https:\/\/www.gjh.de\/frog\/lmv-april-2025-demokratische-resilienz-staerken-gegen-den-abbau-unserer-demokratie\/\" \/>\n<meta property=\"og:locale\" content=\"de_DE\" \/>\n<meta property=\"og:type\" content=\"article\" \/>\n<meta property=\"og:title\" content=\"LMV April 2025: Demokratische Resilienz st\u00e4rken\" \/>\n<meta property=\"og:description\" content=\"Die Verteidigung der Demokratie darf nicht beginnen, wenn sie bereits verloren ist. Wir brauchen eine Debatte \u00fcber demokratische Resilienz.\" \/>\n<meta property=\"og:url\" content=\"https:\/\/www.gjh.de\/frog\/lmv-april-2025-demokratische-resilienz-staerken-gegen-den-abbau-unserer-demokratie\/\" \/>\n<meta property=\"og:site_name\" content=\"GR\u00dcNE JUGEND Hessen\" \/>\n<meta property=\"article:published_time\" content=\"2025-04-05T16:05:00+00:00\" \/>\n<meta property=\"article:modified_time\" content=\"2025-04-10T11:11:14+00:00\" \/>\n<meta name=\"author\" content=\"Gr\u00fcne Jugend Hessen\" \/>\n<meta name=\"twitter:card\" content=\"summary_large_image\" \/>\n<meta name=\"twitter:label1\" content=\"Verfasst von\" \/>\n\t<meta name=\"twitter:data1\" content=\"Gr\u00fcne Jugend Hessen\" \/>\n\t<meta name=\"twitter:label2\" content=\"Gesch\u00e4tzte Lesezeit\" \/>\n\t<meta name=\"twitter:data2\" content=\"2\u00a0Minuten\" \/>\n<script type=\"application\/ld+json\" class=\"yoast-schema-graph\">{\"@context\":\"https:\\\/\\\/schema.org\",\"@graph\":[{\"@type\":\"Article\",\"@id\":\"https:\\\/\\\/www.gjh.de\\\/frog\\\/lmv-april-2025-demokratische-resilienz-staerken-gegen-den-abbau-unserer-demokratie\\\/#article\",\"isPartOf\":{\"@id\":\"https:\\\/\\\/www.gjh.de\\\/frog\\\/lmv-april-2025-demokratische-resilienz-staerken-gegen-den-abbau-unserer-demokratie\\\/\"},\"author\":{\"name\":\"Gr\u00fcne Jugend Hessen\",\"@id\":\"https:\\\/\\\/www.gjh.de\\\/frog\\\/#\\\/schema\\\/person\\\/b8fa006520a86a3226e05402520d4f13\"},\"headline\":\"LMV April 2025: Demokratische Resilienz st\u00e4rken \u2013 Gegen den Abbau unserer Demokratie\",\"datePublished\":\"2025-04-05T16:05:00+00:00\",\"dateModified\":\"2025-04-10T11:11:14+00:00\",\"mainEntityOfPage\":{\"@id\":\"https:\\\/\\\/www.gjh.de\\\/frog\\\/lmv-april-2025-demokratische-resilienz-staerken-gegen-den-abbau-unserer-demokratie\\\/\"},\"wordCount\":322,\"articleSection\":[\"Beschl\u00fcsse\",\"B\u00fcrger*innen-Rechte und Demokratie\"],\"inLanguage\":\"de\"},{\"@type\":\"WebPage\",\"@id\":\"https:\\\/\\\/www.gjh.de\\\/frog\\\/lmv-april-2025-demokratische-resilienz-staerken-gegen-den-abbau-unserer-demokratie\\\/\",\"url\":\"https:\\\/\\\/www.gjh.de\\\/frog\\\/lmv-april-2025-demokratische-resilienz-staerken-gegen-den-abbau-unserer-demokratie\\\/\",\"name\":\"LMV April 2025: Demokratische Resilienz st\u00e4rken\",\"isPartOf\":{\"@id\":\"https:\\\/\\\/www.gjh.de\\\/frog\\\/#website\"},\"datePublished\":\"2025-04-05T16:05:00+00:00\",\"dateModified\":\"2025-04-10T11:11:14+00:00\",\"author\":{\"@id\":\"https:\\\/\\\/www.gjh.de\\\/frog\\\/#\\\/schema\\\/person\\\/b8fa006520a86a3226e05402520d4f13\"},\"description\":\"Die Verteidigung der Demokratie darf nicht beginnen, wenn sie bereits verloren ist. Wir brauchen eine Debatte \u00fcber demokratische Resilienz.\",\"breadcrumb\":{\"@id\":\"https:\\\/\\\/www.gjh.de\\\/frog\\\/lmv-april-2025-demokratische-resilienz-staerken-gegen-den-abbau-unserer-demokratie\\\/#breadcrumb\"},\"inLanguage\":\"de\",\"potentialAction\":[{\"@type\":\"ReadAction\",\"target\":[\"https:\\\/\\\/www.gjh.de\\\/frog\\\/lmv-april-2025-demokratische-resilienz-staerken-gegen-den-abbau-unserer-demokratie\\\/\"]}]},{\"@type\":\"BreadcrumbList\",\"@id\":\"https:\\\/\\\/www.gjh.de\\\/frog\\\/lmv-april-2025-demokratische-resilienz-staerken-gegen-den-abbau-unserer-demokratie\\\/#breadcrumb\",\"itemListElement\":[{\"@type\":\"ListItem\",\"position\":1,\"name\":\"Startseite\",\"item\":\"https:\\\/\\\/www.gjh.de\\\/frog\\\/\"},{\"@type\":\"ListItem\",\"position\":2,\"name\":\"LMV April 2025: Demokratische Resilienz st\u00e4rken \u2013 Gegen den Abbau unserer Demokratie\"}]},{\"@type\":\"WebSite\",\"@id\":\"https:\\\/\\\/www.gjh.de\\\/frog\\\/#website\",\"url\":\"https:\\\/\\\/www.gjh.de\\\/frog\\\/\",\"name\":\"GR\u00dcNE JUGEND Hessen\",\"description\":\"\",\"potentialAction\":[{\"@type\":\"SearchAction\",\"target\":{\"@type\":\"EntryPoint\",\"urlTemplate\":\"https:\\\/\\\/www.gjh.de\\\/frog\\\/?s={search_term_string}\"},\"query-input\":{\"@type\":\"PropertyValueSpecification\",\"valueRequired\":true,\"valueName\":\"search_term_string\"}}],\"inLanguage\":\"de\"},{\"@type\":\"Person\",\"@id\":\"https:\\\/\\\/www.gjh.de\\\/frog\\\/#\\\/schema\\\/person\\\/b8fa006520a86a3226e05402520d4f13\",\"name\":\"Gr\u00fcne Jugend Hessen\",\"image\":{\"@type\":\"ImageObject\",\"inLanguage\":\"de\",\"@id\":\"https:\\\/\\\/secure.gravatar.com\\\/avatar\\\/e938d46263c3d10a08350877687bfc15fd4ba70a3de2fa88ac7b3d8603f2ed56?s=96&d=mm&r=g\",\"url\":\"https:\\\/\\\/secure.gravatar.com\\\/avatar\\\/e938d46263c3d10a08350877687bfc15fd4ba70a3de2fa88ac7b3d8603f2ed56?s=96&d=mm&r=g\",\"contentUrl\":\"https:\\\/\\\/secure.gravatar.com\\\/avatar\\\/e938d46263c3d10a08350877687bfc15fd4ba70a3de2fa88ac7b3d8603f2ed56?s=96&d=mm&r=g\",\"caption\":\"Gr\u00fcne Jugend Hessen\"},\"sameAs\":[\"https:\\\/\\\/www.gjh.de\"],\"url\":\"https:\\\/\\\/www.gjh.de\\\/frog\\\/author\\\/admin\\\/\"}]}<\/script>\n<!-- \/ Yoast SEO plugin. -->","yoast_head_json":{"title":"LMV April 2025: Demokratische Resilienz st\u00e4rken","description":"Die Verteidigung der Demokratie darf nicht beginnen, wenn sie bereits verloren ist. Wir brauchen eine Debatte \u00fcber demokratische Resilienz.","robots":{"index":"index","follow":"follow","max-snippet":"max-snippet:-1","max-image-preview":"max-image-preview:large","max-video-preview":"max-video-preview:-1"},"canonical":"https:\/\/www.gjh.de\/frog\/lmv-april-2025-demokratische-resilienz-staerken-gegen-den-abbau-unserer-demokratie\/","og_locale":"de_DE","og_type":"article","og_title":"LMV April 2025: Demokratische Resilienz st\u00e4rken","og_description":"Die Verteidigung der Demokratie darf nicht beginnen, wenn sie bereits verloren ist. Wir brauchen eine Debatte \u00fcber demokratische Resilienz.","og_url":"https:\/\/www.gjh.de\/frog\/lmv-april-2025-demokratische-resilienz-staerken-gegen-den-abbau-unserer-demokratie\/","og_site_name":"GR\u00dcNE JUGEND Hessen","article_published_time":"2025-04-05T16:05:00+00:00","article_modified_time":"2025-04-10T11:11:14+00:00","author":"Gr\u00fcne Jugend Hessen","twitter_card":"summary_large_image","twitter_misc":{"Verfasst von":"Gr\u00fcne Jugend Hessen","Gesch\u00e4tzte Lesezeit":"2\u00a0Minuten"},"schema":{"@context":"https:\/\/schema.org","@graph":[{"@type":"Article","@id":"https:\/\/www.gjh.de\/frog\/lmv-april-2025-demokratische-resilienz-staerken-gegen-den-abbau-unserer-demokratie\/#article","isPartOf":{"@id":"https:\/\/www.gjh.de\/frog\/lmv-april-2025-demokratische-resilienz-staerken-gegen-den-abbau-unserer-demokratie\/"},"author":{"name":"Gr\u00fcne Jugend Hessen","@id":"https:\/\/www.gjh.de\/frog\/#\/schema\/person\/b8fa006520a86a3226e05402520d4f13"},"headline":"LMV April 2025: Demokratische Resilienz st\u00e4rken \u2013 Gegen den Abbau unserer Demokratie","datePublished":"2025-04-05T16:05:00+00:00","dateModified":"2025-04-10T11:11:14+00:00","mainEntityOfPage":{"@id":"https:\/\/www.gjh.de\/frog\/lmv-april-2025-demokratische-resilienz-staerken-gegen-den-abbau-unserer-demokratie\/"},"wordCount":322,"articleSection":["Beschl\u00fcsse","B\u00fcrger*innen-Rechte und Demokratie"],"inLanguage":"de"},{"@type":"WebPage","@id":"https:\/\/www.gjh.de\/frog\/lmv-april-2025-demokratische-resilienz-staerken-gegen-den-abbau-unserer-demokratie\/","url":"https:\/\/www.gjh.de\/frog\/lmv-april-2025-demokratische-resilienz-staerken-gegen-den-abbau-unserer-demokratie\/","name":"LMV April 2025: Demokratische Resilienz st\u00e4rken","isPartOf":{"@id":"https:\/\/www.gjh.de\/frog\/#website"},"datePublished":"2025-04-05T16:05:00+00:00","dateModified":"2025-04-10T11:11:14+00:00","author":{"@id":"https:\/\/www.gjh.de\/frog\/#\/schema\/person\/b8fa006520a86a3226e05402520d4f13"},"description":"Die Verteidigung der Demokratie darf nicht beginnen, wenn sie bereits verloren ist. Wir brauchen eine Debatte \u00fcber demokratische Resilienz.","breadcrumb":{"@id":"https:\/\/www.gjh.de\/frog\/lmv-april-2025-demokratische-resilienz-staerken-gegen-den-abbau-unserer-demokratie\/#breadcrumb"},"inLanguage":"de","potentialAction":[{"@type":"ReadAction","target":["https:\/\/www.gjh.de\/frog\/lmv-april-2025-demokratische-resilienz-staerken-gegen-den-abbau-unserer-demokratie\/"]}]},{"@type":"BreadcrumbList","@id":"https:\/\/www.gjh.de\/frog\/lmv-april-2025-demokratische-resilienz-staerken-gegen-den-abbau-unserer-demokratie\/#breadcrumb","itemListElement":[{"@type":"ListItem","position":1,"name":"Startseite","item":"https:\/\/www.gjh.de\/frog\/"},{"@type":"ListItem","position":2,"name":"LMV April 2025: Demokratische Resilienz st\u00e4rken \u2013 Gegen den Abbau unserer Demokratie"}]},{"@type":"WebSite","@id":"https:\/\/www.gjh.de\/frog\/#website","url":"https:\/\/www.gjh.de\/frog\/","name":"GR\u00dcNE JUGEND Hessen","description":"","potentialAction":[{"@type":"SearchAction","target":{"@type":"EntryPoint","urlTemplate":"https:\/\/www.gjh.de\/frog\/?s={search_term_string}"},"query-input":{"@type":"PropertyValueSpecification","valueRequired":true,"valueName":"search_term_string"}}],"inLanguage":"de"},{"@type":"Person","@id":"https:\/\/www.gjh.de\/frog\/#\/schema\/person\/b8fa006520a86a3226e05402520d4f13","name":"Gr\u00fcne Jugend Hessen","image":{"@type":"ImageObject","inLanguage":"de","@id":"https:\/\/secure.gravatar.com\/avatar\/e938d46263c3d10a08350877687bfc15fd4ba70a3de2fa88ac7b3d8603f2ed56?s=96&d=mm&r=g","url":"https:\/\/secure.gravatar.com\/avatar\/e938d46263c3d10a08350877687bfc15fd4ba70a3de2fa88ac7b3d8603f2ed56?s=96&d=mm&r=g","contentUrl":"https:\/\/secure.gravatar.com\/avatar\/e938d46263c3d10a08350877687bfc15fd4ba70a3de2fa88ac7b3d8603f2ed56?s=96&d=mm&r=g","caption":"Gr\u00fcne Jugend Hessen"},"sameAs":["https:\/\/www.gjh.de"],"url":"https:\/\/www.gjh.de\/frog\/author\/admin\/"}]}},"_links":{"self":[{"href":"https:\/\/www.gjh.de\/frog\/wp-json\/wp\/v2\/posts\/12597","targetHints":{"allow":["GET"]}}],"collection":[{"href":"https:\/\/www.gjh.de\/frog\/wp-json\/wp\/v2\/posts"}],"about":[{"href":"https:\/\/www.gjh.de\/frog\/wp-json\/wp\/v2\/types\/post"}],"author":[{"embeddable":true,"href":"https:\/\/www.gjh.de\/frog\/wp-json\/wp\/v2\/users\/1"}],"replies":[{"embeddable":true,"href":"https:\/\/www.gjh.de\/frog\/wp-json\/wp\/v2\/comments?post=12597"}],"version-history":[{"count":1,"href":"https:\/\/www.gjh.de\/frog\/wp-json\/wp\/v2\/posts\/12597\/revisions"}],"predecessor-version":[{"id":12598,"href":"https:\/\/www.gjh.de\/frog\/wp-json\/wp\/v2\/posts\/12597\/revisions\/12598"}],"wp:attachment":[{"href":"https:\/\/www.gjh.de\/frog\/wp-json\/wp\/v2\/media?parent=12597"}],"wp:term":[{"taxonomy":"category","embeddable":true,"href":"https:\/\/www.gjh.de\/frog\/wp-json\/wp\/v2\/categories?post=12597"},{"taxonomy":"post_tag","embeddable":true,"href":"https:\/\/www.gjh.de\/frog\/wp-json\/wp\/v2\/tags?post=12597"}],"curies":[{"name":"wp","href":"https:\/\/api.w.org\/{rel}","templated":true}]}}