{"id":12691,"date":"2025-06-18T12:00:00","date_gmt":"2025-06-18T10:00:00","guid":{"rendered":"https:\/\/www.gjh.de\/frog\/?p=12691"},"modified":"2025-06-23T09:55:43","modified_gmt":"2025-06-23T07:55:43","slug":"pressemitteilung-2025-07-abschiebung-ist-keine-loesung-gruene-jugend-hessen-fordert-sofortigen-kurswechsel-in-der-asylpolitik","status":"publish","type":"post","link":"https:\/\/www.gjh.de\/frog\/pressemitteilung-2025-07-abschiebung-ist-keine-loesung-gruene-jugend-hessen-fordert-sofortigen-kurswechsel-in-der-asylpolitik\/","title":{"rendered":"Pressemitteilung 2025-07: Abschiebung ist keine L\u00f6sung &#8211; GR\u00dcNE JUGEND Hessen fordert sofortigen Kurswechsel in der Asylpolitik"},"content":{"rendered":"\n<p>Die GR\u00dcNE JUGEND Hessen kritisiert die aktuelle Abschiebepolitik der Bundesregierung und der hessischen Landesregierung scharf. Abschiebungen, ob nach Afghanistan, in sogenannte \u201esichere Drittstaaten\u201c oder innerhalb der Europ\u00e4ischen Union, stehen f\u00fcr eine Politik der Ausgrenzung, die Menschenrechte systematisch untergr\u00e4bt und das individuelle Leid hinter b\u00fcrokratischen Zahlen versteckt.<br>\u201eJeder Mensch hat ein Recht auf Schutz, Sicherheit und ein Leben in W\u00fcrde.  Abschiebungen sind immer Akte staatlicher Gewalt, die Angst, Ohnmacht und Unsicherheit erzeugen. Sie sind das Gegenteil einer solidarischen Gesellschaft,\u201c erkl\u00e4rt Senem Bozda\u011f, Sprecherin der GR\u00dcNEN JUGEND Hessen.<\/p>\n\n\n\n<p><br>Die hessische Landesregierung hat ihre Abschiebepraxis im vergangenen Jahr massiv ausgeweitet: 2024 wurden 1.661 Menschen abgeschoben, deutlich mehr als im Jahr zuvor. Allein in den ersten drei Monaten des Jahres 2025 waren es bereits 566 Personen, was einem Anstieg von rund 45 % gegen\u00fcber dem Vorjahreszeitraum entspricht. Die aktuellen migrationspolitischen Debatten lehnt die GR\u00dcNE JUGEND Hessen entschieden ab.<\/p>\n\n\n\n<p>\u201eStatt Asylverfahren zu entb\u00fcrokratisieren und Gefl\u00fcchteten schnellen Zugang zu Arbeit, Sprachkursen sowie die Anerkennung ihrer Abschl\u00fcsse und psychologischer Unterst\u00fctzung zu erm\u00f6glichen, setzt die Regierung auf populistische Symbolpolitik\u201c, so der Sprecher Titus Dharmababu weiter. \u201eAbschiebungen entlasten weder Kommunen noch l\u00f6sen sie strukturelle Probleme wie den angespannten Wohnungsmarkt. Was wir brauchen, sind Investitionen in bezahlbaren Wohnraum, Unterst\u00fctzung der Zivilgesellschaft und Finanzierung der<br>Kommunen.\u201c<\/p>\n\n\n\n<p>\u201eDie Zahl der Asylantr\u00e4ge sinkt, der Diskurs wird dennoch zunehmend rassistisch aufgeladen. Was die Landes- und Bundesebene als vermeintlich einfache L\u00f6sung verkauft, st\u00e4rkt am Ende nur rechte Kr\u00e4fte\u201c, so das abschlie\u00dfende Statement von Senem Bozda\u011f.<\/p>\n\n\n\n<p><br>Wir fordern:<\/p>\n\n\n\n<ul class=\"wp-block-list\">\n<li>Einen sofortigen Abschiebestopp, insbesondere in Kriegs- und Krisengebiete sowie in Staaten, in denen Gefl\u00fcchtete systematischer Gewalt ausgesetzt sind.<\/li>\n\n\n\n<li>Eine solidarische Migrationspolitik, die das individuelle Schutzbed\u00fcrfnis in den<br>Mittelpunkt stellt.<\/li>\n\n\n\n<li>Entb\u00fcrokratisierte und beschleunigte Asylverfahren sowie schnellen Zugang zum Arbeitsmarkt, zu Sprachkursen und zu psychologischer Unterst\u00fctzung. Dazu geh\u00f6rt auch die Wiederaufnahme der Familienzusammenf\u00fchrung und die Fortf\u00fchrung humanit\u00e4rer Aufnahmeprogramme.<\/li>\n\n\n\n<li>St\u00e4rkung zivilgesellschaftlicher Initiativen und klare Aufnahmebereitschaft der<br>Kommunen.<\/li>\n\n\n\n<li>Konsequente Bek\u00e4mpfung von Fluchtursachen wie Armut, Kriegen und der Klimakrise.<\/li>\n<\/ul>\n","protected":false},"excerpt":{"rendered":"<p>Die GR\u00dcNE JUGEND Hessen kritisiert die aktuelle Abschiebepolitik der Bundesregierung und der hessischen Landesregierung scharf. Abschiebungen, ob nach Afghanistan, in sogenannte \u201esichere Drittstaaten\u201c oder innerhalb der Europ\u00e4ischen Union, stehen f\u00fcr eine Politik der Ausgrenzung, die Menschenrechte systematisch untergr\u00e4bt und das individuelle Leid hinter b\u00fcrokratischen Zahlen versteckt.\u201eJeder Mensch hat ein Recht auf Schutz, Sicherheit und ein [&hellip;]<\/p>\n","protected":false},"author":1,"featured_media":0,"comment_status":"closed","ping_status":"closed","sticky":false,"template":"","format":"standard","meta":{"footnotes":""},"categories":[1,5],"tags":[],"class_list":["post-12691","post","type-post","status-publish","format-standard","hentry","category-allgemein","category-pressemitteilungen"],"yoast_head":"<!-- This site is optimized with the Yoast SEO plugin v27.4 - https:\/\/yoast.com\/product\/yoast-seo-wordpress\/ -->\n<title>PM 2025-07: Abschiebung ist keine L\u00f6sung<\/title>\n<meta name=\"description\" content=\"Die GR\u00dcNE JUGEND Hessen kritisiert die aktuelle Abschiebepolitik der Bundesregierung undder hessischen Landesregierung scharf.\" \/>\n<meta name=\"robots\" content=\"index, follow, max-snippet:-1, max-image-preview:large, max-video-preview:-1\" \/>\n<link rel=\"canonical\" href=\"https:\/\/www.gjh.de\/frog\/pressemitteilung-2025-07-abschiebung-ist-keine-loesung-gruene-jugend-hessen-fordert-sofortigen-kurswechsel-in-der-asylpolitik\/\" \/>\n<meta property=\"og:locale\" content=\"de_DE\" \/>\n<meta property=\"og:type\" content=\"article\" \/>\n<meta property=\"og:title\" content=\"PM 2025-07: Abschiebung ist keine L\u00f6sung\" \/>\n<meta property=\"og:description\" content=\"Die GR\u00dcNE JUGEND Hessen kritisiert die aktuelle Abschiebepolitik der Bundesregierung undder hessischen Landesregierung scharf.\" \/>\n<meta property=\"og:url\" content=\"https:\/\/www.gjh.de\/frog\/pressemitteilung-2025-07-abschiebung-ist-keine-loesung-gruene-jugend-hessen-fordert-sofortigen-kurswechsel-in-der-asylpolitik\/\" \/>\n<meta property=\"og:site_name\" content=\"GR\u00dcNE JUGEND Hessen\" \/>\n<meta property=\"article:published_time\" content=\"2025-06-18T10:00:00+00:00\" \/>\n<meta property=\"article:modified_time\" content=\"2025-06-23T07:55:43+00:00\" \/>\n<meta name=\"author\" content=\"Gr\u00fcne Jugend Hessen\" \/>\n<meta name=\"twitter:card\" content=\"summary_large_image\" \/>\n<meta name=\"twitter:label1\" content=\"Verfasst von\" \/>\n\t<meta name=\"twitter:data1\" content=\"Gr\u00fcne Jugend Hessen\" \/>\n\t<meta name=\"twitter:label2\" content=\"Gesch\u00e4tzte Lesezeit\" \/>\n\t<meta name=\"twitter:data2\" content=\"2\u00a0Minuten\" \/>\n<script type=\"application\/ld+json\" class=\"yoast-schema-graph\">{\"@context\":\"https:\\\/\\\/schema.org\",\"@graph\":[{\"@type\":\"Article\",\"@id\":\"https:\\\/\\\/www.gjh.de\\\/frog\\\/pressemitteilung-2025-07-abschiebung-ist-keine-loesung-gruene-jugend-hessen-fordert-sofortigen-kurswechsel-in-der-asylpolitik\\\/#article\",\"isPartOf\":{\"@id\":\"https:\\\/\\\/www.gjh.de\\\/frog\\\/pressemitteilung-2025-07-abschiebung-ist-keine-loesung-gruene-jugend-hessen-fordert-sofortigen-kurswechsel-in-der-asylpolitik\\\/\"},\"author\":{\"name\":\"Gr\u00fcne Jugend Hessen\",\"@id\":\"https:\\\/\\\/www.gjh.de\\\/frog\\\/#\\\/schema\\\/person\\\/b8fa006520a86a3226e05402520d4f13\"},\"headline\":\"Pressemitteilung 2025-07: Abschiebung ist keine L\u00f6sung &#8211; GR\u00dcNE JUGEND Hessen fordert sofortigen Kurswechsel in der Asylpolitik\",\"datePublished\":\"2025-06-18T10:00:00+00:00\",\"dateModified\":\"2025-06-23T07:55:43+00:00\",\"mainEntityOfPage\":{\"@id\":\"https:\\\/\\\/www.gjh.de\\\/frog\\\/pressemitteilung-2025-07-abschiebung-ist-keine-loesung-gruene-jugend-hessen-fordert-sofortigen-kurswechsel-in-der-asylpolitik\\\/\"},\"wordCount\":357,\"articleSection\":{\"1\":\"Pressemitteilungen\"},\"inLanguage\":\"de\"},{\"@type\":\"WebPage\",\"@id\":\"https:\\\/\\\/www.gjh.de\\\/frog\\\/pressemitteilung-2025-07-abschiebung-ist-keine-loesung-gruene-jugend-hessen-fordert-sofortigen-kurswechsel-in-der-asylpolitik\\\/\",\"url\":\"https:\\\/\\\/www.gjh.de\\\/frog\\\/pressemitteilung-2025-07-abschiebung-ist-keine-loesung-gruene-jugend-hessen-fordert-sofortigen-kurswechsel-in-der-asylpolitik\\\/\",\"name\":\"PM 2025-07: Abschiebung ist keine L\u00f6sung\",\"isPartOf\":{\"@id\":\"https:\\\/\\\/www.gjh.de\\\/frog\\\/#website\"},\"datePublished\":\"2025-06-18T10:00:00+00:00\",\"dateModified\":\"2025-06-23T07:55:43+00:00\",\"author\":{\"@id\":\"https:\\\/\\\/www.gjh.de\\\/frog\\\/#\\\/schema\\\/person\\\/b8fa006520a86a3226e05402520d4f13\"},\"description\":\"Die GR\u00dcNE JUGEND Hessen kritisiert die aktuelle Abschiebepolitik der Bundesregierung undder hessischen Landesregierung scharf.\",\"breadcrumb\":{\"@id\":\"https:\\\/\\\/www.gjh.de\\\/frog\\\/pressemitteilung-2025-07-abschiebung-ist-keine-loesung-gruene-jugend-hessen-fordert-sofortigen-kurswechsel-in-der-asylpolitik\\\/#breadcrumb\"},\"inLanguage\":\"de\",\"potentialAction\":[{\"@type\":\"ReadAction\",\"target\":[\"https:\\\/\\\/www.gjh.de\\\/frog\\\/pressemitteilung-2025-07-abschiebung-ist-keine-loesung-gruene-jugend-hessen-fordert-sofortigen-kurswechsel-in-der-asylpolitik\\\/\"]}]},{\"@type\":\"BreadcrumbList\",\"@id\":\"https:\\\/\\\/www.gjh.de\\\/frog\\\/pressemitteilung-2025-07-abschiebung-ist-keine-loesung-gruene-jugend-hessen-fordert-sofortigen-kurswechsel-in-der-asylpolitik\\\/#breadcrumb\",\"itemListElement\":[{\"@type\":\"ListItem\",\"position\":1,\"name\":\"Startseite\",\"item\":\"https:\\\/\\\/www.gjh.de\\\/frog\\\/\"},{\"@type\":\"ListItem\",\"position\":2,\"name\":\"Pressemitteilung 2025-07: Abschiebung ist keine L\u00f6sung &#8211; GR\u00dcNE JUGEND Hessen fordert sofortigen Kurswechsel in der Asylpolitik\"}]},{\"@type\":\"WebSite\",\"@id\":\"https:\\\/\\\/www.gjh.de\\\/frog\\\/#website\",\"url\":\"https:\\\/\\\/www.gjh.de\\\/frog\\\/\",\"name\":\"GR\u00dcNE JUGEND Hessen\",\"description\":\"\",\"potentialAction\":[{\"@type\":\"SearchAction\",\"target\":{\"@type\":\"EntryPoint\",\"urlTemplate\":\"https:\\\/\\\/www.gjh.de\\\/frog\\\/?s={search_term_string}\"},\"query-input\":{\"@type\":\"PropertyValueSpecification\",\"valueRequired\":true,\"valueName\":\"search_term_string\"}}],\"inLanguage\":\"de\"},{\"@type\":\"Person\",\"@id\":\"https:\\\/\\\/www.gjh.de\\\/frog\\\/#\\\/schema\\\/person\\\/b8fa006520a86a3226e05402520d4f13\",\"name\":\"Gr\u00fcne Jugend Hessen\",\"image\":{\"@type\":\"ImageObject\",\"inLanguage\":\"de\",\"@id\":\"https:\\\/\\\/secure.gravatar.com\\\/avatar\\\/e938d46263c3d10a08350877687bfc15fd4ba70a3de2fa88ac7b3d8603f2ed56?s=96&d=mm&r=g\",\"url\":\"https:\\\/\\\/secure.gravatar.com\\\/avatar\\\/e938d46263c3d10a08350877687bfc15fd4ba70a3de2fa88ac7b3d8603f2ed56?s=96&d=mm&r=g\",\"contentUrl\":\"https:\\\/\\\/secure.gravatar.com\\\/avatar\\\/e938d46263c3d10a08350877687bfc15fd4ba70a3de2fa88ac7b3d8603f2ed56?s=96&d=mm&r=g\",\"caption\":\"Gr\u00fcne Jugend Hessen\"},\"sameAs\":[\"https:\\\/\\\/www.gjh.de\"],\"url\":\"https:\\\/\\\/www.gjh.de\\\/frog\\\/author\\\/admin\\\/\"}]}<\/script>\n<!-- \/ Yoast SEO plugin. -->","yoast_head_json":{"title":"PM 2025-07: Abschiebung ist keine L\u00f6sung","description":"Die GR\u00dcNE JUGEND Hessen kritisiert die aktuelle Abschiebepolitik der Bundesregierung undder hessischen Landesregierung scharf.","robots":{"index":"index","follow":"follow","max-snippet":"max-snippet:-1","max-image-preview":"max-image-preview:large","max-video-preview":"max-video-preview:-1"},"canonical":"https:\/\/www.gjh.de\/frog\/pressemitteilung-2025-07-abschiebung-ist-keine-loesung-gruene-jugend-hessen-fordert-sofortigen-kurswechsel-in-der-asylpolitik\/","og_locale":"de_DE","og_type":"article","og_title":"PM 2025-07: Abschiebung ist keine L\u00f6sung","og_description":"Die GR\u00dcNE JUGEND Hessen kritisiert die aktuelle Abschiebepolitik der Bundesregierung undder hessischen Landesregierung scharf.","og_url":"https:\/\/www.gjh.de\/frog\/pressemitteilung-2025-07-abschiebung-ist-keine-loesung-gruene-jugend-hessen-fordert-sofortigen-kurswechsel-in-der-asylpolitik\/","og_site_name":"GR\u00dcNE JUGEND Hessen","article_published_time":"2025-06-18T10:00:00+00:00","article_modified_time":"2025-06-23T07:55:43+00:00","author":"Gr\u00fcne Jugend Hessen","twitter_card":"summary_large_image","twitter_misc":{"Verfasst von":"Gr\u00fcne Jugend Hessen","Gesch\u00e4tzte Lesezeit":"2\u00a0Minuten"},"schema":{"@context":"https:\/\/schema.org","@graph":[{"@type":"Article","@id":"https:\/\/www.gjh.de\/frog\/pressemitteilung-2025-07-abschiebung-ist-keine-loesung-gruene-jugend-hessen-fordert-sofortigen-kurswechsel-in-der-asylpolitik\/#article","isPartOf":{"@id":"https:\/\/www.gjh.de\/frog\/pressemitteilung-2025-07-abschiebung-ist-keine-loesung-gruene-jugend-hessen-fordert-sofortigen-kurswechsel-in-der-asylpolitik\/"},"author":{"name":"Gr\u00fcne Jugend Hessen","@id":"https:\/\/www.gjh.de\/frog\/#\/schema\/person\/b8fa006520a86a3226e05402520d4f13"},"headline":"Pressemitteilung 2025-07: Abschiebung ist keine L\u00f6sung &#8211; GR\u00dcNE JUGEND Hessen fordert sofortigen Kurswechsel in der Asylpolitik","datePublished":"2025-06-18T10:00:00+00:00","dateModified":"2025-06-23T07:55:43+00:00","mainEntityOfPage":{"@id":"https:\/\/www.gjh.de\/frog\/pressemitteilung-2025-07-abschiebung-ist-keine-loesung-gruene-jugend-hessen-fordert-sofortigen-kurswechsel-in-der-asylpolitik\/"},"wordCount":357,"articleSection":{"1":"Pressemitteilungen"},"inLanguage":"de"},{"@type":"WebPage","@id":"https:\/\/www.gjh.de\/frog\/pressemitteilung-2025-07-abschiebung-ist-keine-loesung-gruene-jugend-hessen-fordert-sofortigen-kurswechsel-in-der-asylpolitik\/","url":"https:\/\/www.gjh.de\/frog\/pressemitteilung-2025-07-abschiebung-ist-keine-loesung-gruene-jugend-hessen-fordert-sofortigen-kurswechsel-in-der-asylpolitik\/","name":"PM 2025-07: Abschiebung ist keine L\u00f6sung","isPartOf":{"@id":"https:\/\/www.gjh.de\/frog\/#website"},"datePublished":"2025-06-18T10:00:00+00:00","dateModified":"2025-06-23T07:55:43+00:00","author":{"@id":"https:\/\/www.gjh.de\/frog\/#\/schema\/person\/b8fa006520a86a3226e05402520d4f13"},"description":"Die GR\u00dcNE JUGEND Hessen kritisiert die aktuelle Abschiebepolitik der Bundesregierung undder hessischen Landesregierung scharf.","breadcrumb":{"@id":"https:\/\/www.gjh.de\/frog\/pressemitteilung-2025-07-abschiebung-ist-keine-loesung-gruene-jugend-hessen-fordert-sofortigen-kurswechsel-in-der-asylpolitik\/#breadcrumb"},"inLanguage":"de","potentialAction":[{"@type":"ReadAction","target":["https:\/\/www.gjh.de\/frog\/pressemitteilung-2025-07-abschiebung-ist-keine-loesung-gruene-jugend-hessen-fordert-sofortigen-kurswechsel-in-der-asylpolitik\/"]}]},{"@type":"BreadcrumbList","@id":"https:\/\/www.gjh.de\/frog\/pressemitteilung-2025-07-abschiebung-ist-keine-loesung-gruene-jugend-hessen-fordert-sofortigen-kurswechsel-in-der-asylpolitik\/#breadcrumb","itemListElement":[{"@type":"ListItem","position":1,"name":"Startseite","item":"https:\/\/www.gjh.de\/frog\/"},{"@type":"ListItem","position":2,"name":"Pressemitteilung 2025-07: Abschiebung ist keine L\u00f6sung &#8211; GR\u00dcNE JUGEND Hessen fordert sofortigen Kurswechsel in der Asylpolitik"}]},{"@type":"WebSite","@id":"https:\/\/www.gjh.de\/frog\/#website","url":"https:\/\/www.gjh.de\/frog\/","name":"GR\u00dcNE JUGEND Hessen","description":"","potentialAction":[{"@type":"SearchAction","target":{"@type":"EntryPoint","urlTemplate":"https:\/\/www.gjh.de\/frog\/?s={search_term_string}"},"query-input":{"@type":"PropertyValueSpecification","valueRequired":true,"valueName":"search_term_string"}}],"inLanguage":"de"},{"@type":"Person","@id":"https:\/\/www.gjh.de\/frog\/#\/schema\/person\/b8fa006520a86a3226e05402520d4f13","name":"Gr\u00fcne Jugend Hessen","image":{"@type":"ImageObject","inLanguage":"de","@id":"https:\/\/secure.gravatar.com\/avatar\/e938d46263c3d10a08350877687bfc15fd4ba70a3de2fa88ac7b3d8603f2ed56?s=96&d=mm&r=g","url":"https:\/\/secure.gravatar.com\/avatar\/e938d46263c3d10a08350877687bfc15fd4ba70a3de2fa88ac7b3d8603f2ed56?s=96&d=mm&r=g","contentUrl":"https:\/\/secure.gravatar.com\/avatar\/e938d46263c3d10a08350877687bfc15fd4ba70a3de2fa88ac7b3d8603f2ed56?s=96&d=mm&r=g","caption":"Gr\u00fcne Jugend Hessen"},"sameAs":["https:\/\/www.gjh.de"],"url":"https:\/\/www.gjh.de\/frog\/author\/admin\/"}]}},"_links":{"self":[{"href":"https:\/\/www.gjh.de\/frog\/wp-json\/wp\/v2\/posts\/12691","targetHints":{"allow":["GET"]}}],"collection":[{"href":"https:\/\/www.gjh.de\/frog\/wp-json\/wp\/v2\/posts"}],"about":[{"href":"https:\/\/www.gjh.de\/frog\/wp-json\/wp\/v2\/types\/post"}],"author":[{"embeddable":true,"href":"https:\/\/www.gjh.de\/frog\/wp-json\/wp\/v2\/users\/1"}],"replies":[{"embeddable":true,"href":"https:\/\/www.gjh.de\/frog\/wp-json\/wp\/v2\/comments?post=12691"}],"version-history":[{"count":1,"href":"https:\/\/www.gjh.de\/frog\/wp-json\/wp\/v2\/posts\/12691\/revisions"}],"predecessor-version":[{"id":12692,"href":"https:\/\/www.gjh.de\/frog\/wp-json\/wp\/v2\/posts\/12691\/revisions\/12692"}],"wp:attachment":[{"href":"https:\/\/www.gjh.de\/frog\/wp-json\/wp\/v2\/media?parent=12691"}],"wp:term":[{"taxonomy":"category","embeddable":true,"href":"https:\/\/www.gjh.de\/frog\/wp-json\/wp\/v2\/categories?post=12691"},{"taxonomy":"post_tag","embeddable":true,"href":"https:\/\/www.gjh.de\/frog\/wp-json\/wp\/v2\/tags?post=12691"}],"curies":[{"name":"wp","href":"https:\/\/api.w.org\/{rel}","templated":true}]}}