{"id":12771,"date":"2025-10-21T14:19:46","date_gmt":"2025-10-21T12:19:46","guid":{"rendered":"https:\/\/www.gjh.de\/frog\/?p=12771"},"modified":"2025-10-21T14:21:21","modified_gmt":"2025-10-21T12:21:21","slug":"pressemitteilung-2025-11-hessen-im-bundesverband-der-gruenen-jugend-so-stark-wie-nie","status":"publish","type":"post","link":"https:\/\/www.gjh.de\/frog\/pressemitteilung-2025-11-hessen-im-bundesverband-der-gruenen-jugend-so-stark-wie-nie\/","title":{"rendered":"Pressemitteilung 2025-11: Hessen im Bundesverband der Gr\u00fcnen Jugend, so stark wie nie"},"content":{"rendered":"\n<p class=\"has-medium-font-size\">Unter dem Motto \u201eRadikal gerecht: weil wir unsere Tr\u00e4ume nicht vergessen wollen\u201c fand vom 10.-12. Oktober 2025 der Bundeskongress der GR\u00dcNEN JUGEND in Leipzig statt. Knapp 550 Mitglieder der GR\u00dcNEN JUGEND aus ganz Deutschland reisten in die Universit\u00e4tsstadt. <\/p>\n\n\n\n<p class=\"has-medium-font-size\">Am Samstag stand die Neuwahl des Bundesvorstandes auf der Tagesordnung. Neben dem neu gew\u00e4hlten F\u00fchrungsduo <strong>Henriette Held<\/strong> (Mecklenburg-Vorpommern) und <strong>Luis Bobga<\/strong> (Nordrhein-Westfalen) wurden <strong>Laetitia Wendt<\/strong> (Kreisverband Frankfurt) und <strong>Moritz Frings<\/strong> (Kreisverband Limburg-Weilburg) aus Hessen in den Bundesvorstand gew\u00e4hlt.<\/p>\n\n\n<div class=\"wp-block-image\">\n<figure class=\"alignleft size-large is-resized\"><img loading=\"lazy\" decoding=\"async\" width=\"768\" height=\"1024\" src=\"https:\/\/www.gjh.de\/frog\/wp-content\/uploads\/Laetitia-Wendt-768x1024.jpeg\" alt=\"Laetitia Wendt stehend an einem Rednerpult. \" class=\"wp-image-12772\" style=\"object-fit:cover;width:272px;height:auto\" srcset=\"https:\/\/www.gjh.de\/frog\/wp-content\/uploads\/Laetitia-Wendt-768x1024.jpeg 768w, https:\/\/www.gjh.de\/frog\/wp-content\/uploads\/Laetitia-Wendt-225x300.jpeg 225w, https:\/\/www.gjh.de\/frog\/wp-content\/uploads\/Laetitia-Wendt-1152x1536.jpeg 1152w, https:\/\/www.gjh.de\/frog\/wp-content\/uploads\/Laetitia-Wendt-263x350.jpeg 263w, https:\/\/www.gjh.de\/frog\/wp-content\/uploads\/Laetitia-Wendt-525x700.jpeg 525w, https:\/\/www.gjh.de\/frog\/wp-content\/uploads\/Laetitia-Wendt.jpeg 1200w\" sizes=\"auto, (max-width: 768px) 100vw, 768px\" \/><figcaption class=\"wp-element-caption\">Laetitia Wendt <\/figcaption><\/figure>\n<\/div>\n\n\n<p class=\"has-medium-font-size\">Die GR\u00dcNE JUGEND Hessen freut sich sehr, dass mit Moritz Frings und Laetitia Wendt erstmals zwei ihrer Mitglieder vertreten sind. \u201eBeide haben sich bereits in Hessen mit gro\u00dfem Engagement f\u00fcr die Interessen junger Menschen eingesetzt und eindrucksvoll bewiesen, dass sie wissen, wie man linke und gr\u00fcne Politik erfolgreich gestaltet\u201c, so die GR\u00dcNE JUGEND Hessen.<\/p>\n\n\n\n<p class=\"has-medium-font-size\">Dar\u00fcber hinaus verfolgen Wendt und Frings gro\u00dfe Pl\u00e4ne f\u00fcr das kommende Verbandsjahr:<\/p>\n\n\n\n<p class=\"has-medium-font-size\">\u201eMehr als die H\u00e4lfte aller jungen Menschen hat existentielle Sorgen. Deutschland wird rechter und ungerechter, es wird gespart, abgeschoben und ausgegrenzt. [..] Wir als Gr\u00fcne Jugend stellen uns dem Rechtsruck mutig entgegen, denn die GJ ist der Ort, an dem wir das Recht aus Asyl verteidigen, der Ort, an dem wir f\u00fcr soziale Gerechtigkeit k\u00e4mpfen [\u2026]. Die GJ ist unser Ort, an dem wir f\u00fcr die Interessen junger Menschen k\u00e4mpfen, wo die Politik uns schon l\u00e4ngst vergessen hat\u201c, so Laetitia Wendt in ihrer Rede zur Kandidatur als Beisitzerin.<\/p>\n\n\n<div class=\"wp-block-image\">\n<figure class=\"alignright size-large is-resized\"><img loading=\"lazy\" decoding=\"async\" width=\"768\" height=\"1024\" src=\"https:\/\/www.gjh.de\/frog\/wp-content\/uploads\/Moritz-Frings-768x1024.jpeg\" alt=\"Moritz Frings stehend and einem Rednerpult.\" class=\"wp-image-12774\" style=\"width:272px\" srcset=\"https:\/\/www.gjh.de\/frog\/wp-content\/uploads\/Moritz-Frings-768x1024.jpeg 768w, https:\/\/www.gjh.de\/frog\/wp-content\/uploads\/Moritz-Frings-225x300.jpeg 225w, https:\/\/www.gjh.de\/frog\/wp-content\/uploads\/Moritz-Frings-1152x1536.jpeg 1152w, https:\/\/www.gjh.de\/frog\/wp-content\/uploads\/Moritz-Frings-263x350.jpeg 263w, https:\/\/www.gjh.de\/frog\/wp-content\/uploads\/Moritz-Frings-525x700.jpeg 525w, https:\/\/www.gjh.de\/frog\/wp-content\/uploads\/Moritz-Frings.jpeg 1200w\" sizes=\"auto, (max-width: 768px) 100vw, 768px\" \/><figcaption class=\"wp-element-caption\">Moritz Frings<\/figcaption><\/figure>\n<\/div>\n\n\n<p class=\"has-medium-font-size\">\u201eJa ich habe Angst, doch ich bin davon \u00fcberzeugt: Wenn wir die Grenzen \u00fcberwinden, die uns spalten, wenn wir Hand in Hand k\u00e4mpfen, dann [&#8230;] m\u00fcssen wir uns vor nichts f\u00fcrchten, dann m\u00fcssen wir unsere Tr\u00e4ume nicht vergessen.\u201c sagte Moritz Frings, der schon mit einem Jahr Erfahrung im Bundesvorstand hat.<\/p>\n\n\n\n<p class=\"has-medium-font-size\">Dar\u00fcber hinaus wurde Elisabeth Lindner (Kreisverband Marburg-Biedenkopf) als Delegierte f\u00fcr die Federation of Young European Greens gew\u00e4hlt und vertritt die GR\u00dcNE JUGEND ab sofort international. In der Wahl um einen Platz f\u00fcr das Bundesschiedsgericht entschieden sich die Mitglieder f\u00fcr den ehemaligen Landesschatzmeister der GR\u00dcNEN JUGEND Hessen Joel Redant (Kreisverband Frankfurt). Das Team Hessen komplettiert Senem Bozda\u011f, Sprecherin der GR\u00dcNEN JUGEND Hessen, als Ersatzdelegierte f\u00fcr den L\u00e4nderrat von B\u00dcNDNIS 90\/DIE GR\u00dcNEN.<\/p>\n\n\n\n<p class=\"has-medium-font-size\">\u201eDie GR\u00dcNE JUGEND Hessen ist im Bundesverband einflussreich vertreten. Wir sind \u00fcberzeugt, einen wichtigen Beitrag zur Ausrichtung des Bundesverbandes leisten zu k\u00f6nnen. Das entgegengebrachte Vertrauen der Mitglieder ist eine Best\u00e4tigung f\u00fcr unsere Arbeit in Hessen,\u201c betonen die Sprecher*innen der GR\u00dcNEN JUGEND Hessen.<\/p>\n","protected":false},"excerpt":{"rendered":"<p>Unter dem Motto \u201eRadikal gerecht: weil wir unsere Tr\u00e4ume nicht vergessen wollen\u201c fand vom 10.-12. Oktober 2025 der Bundeskongress der GR\u00dcNEN JUGEND in Leipzig statt. Knapp 550 Mitglieder der GR\u00dcNEN JUGEND aus ganz Deutschland reisten in die Universit\u00e4tsstadt. Am Samstag stand die Neuwahl des Bundesvorstandes auf der Tagesordnung. Neben dem neu gew\u00e4hlten F\u00fchrungsduo Henriette Held [&hellip;]<\/p>\n","protected":false},"author":114,"featured_media":0,"comment_status":"closed","ping_status":"closed","sticky":false,"template":"","format":"standard","meta":{"footnotes":""},"categories":[1,5],"tags":[],"class_list":["post-12771","post","type-post","status-publish","format-standard","hentry","category-allgemein","category-pressemitteilungen"],"yoast_head":"<!-- This site is optimized with the Yoast SEO plugin v27.4 - https:\/\/yoast.com\/product\/yoast-seo-wordpress\/ -->\n<title>Hessen erfolgreich bei Bundesvorstandswahl der Jungen Gr\u00fcnen<\/title>\n<meta name=\"description\" content=\"Nach Vorstandswahl beim Bundeskongress der Gr\u00fcnen Jugend in Leipzig am 10-12.10.: Hessen diesmal besonders stark vertreten!\" \/>\n<meta name=\"robots\" content=\"index, follow, max-snippet:-1, max-image-preview:large, max-video-preview:-1\" \/>\n<link rel=\"canonical\" href=\"https:\/\/www.gjh.de\/frog\/pressemitteilung-2025-11-hessen-im-bundesverband-der-gruenen-jugend-so-stark-wie-nie\/\" \/>\n<meta property=\"og:locale\" content=\"de_DE\" \/>\n<meta property=\"og:type\" content=\"article\" \/>\n<meta property=\"og:title\" content=\"Hessen erfolgreich bei Bundesvorstandswahl der Jungen Gr\u00fcnen\" \/>\n<meta property=\"og:description\" content=\"Nach Vorstandswahl beim Bundeskongress der Gr\u00fcnen Jugend in Leipzig am 10-12.10.: Hessen diesmal besonders stark vertreten!\" \/>\n<meta property=\"og:url\" content=\"https:\/\/www.gjh.de\/frog\/pressemitteilung-2025-11-hessen-im-bundesverband-der-gruenen-jugend-so-stark-wie-nie\/\" \/>\n<meta property=\"og:site_name\" content=\"GR\u00dcNE JUGEND Hessen\" \/>\n<meta property=\"article:published_time\" content=\"2025-10-21T12:19:46+00:00\" \/>\n<meta property=\"article:modified_time\" content=\"2025-10-21T12:21:21+00:00\" \/>\n<meta property=\"og:image\" content=\"https:\/\/www.gjh.de\/frog\/wp-content\/uploads\/Laetitia-Wendt-768x1024.jpeg\" \/>\n<meta name=\"author\" content=\"LaVo\" \/>\n<meta name=\"twitter:card\" content=\"summary_large_image\" \/>\n<meta name=\"twitter:label1\" content=\"Verfasst von\" \/>\n\t<meta name=\"twitter:data1\" content=\"LaVo\" \/>\n\t<meta name=\"twitter:label2\" content=\"Gesch\u00e4tzte Lesezeit\" \/>\n\t<meta name=\"twitter:data2\" content=\"3\u00a0Minuten\" \/>\n<script type=\"application\/ld+json\" class=\"yoast-schema-graph\">{\"@context\":\"https:\\\/\\\/schema.org\",\"@graph\":[{\"@type\":\"Article\",\"@id\":\"https:\\\/\\\/www.gjh.de\\\/frog\\\/pressemitteilung-2025-11-hessen-im-bundesverband-der-gruenen-jugend-so-stark-wie-nie\\\/#article\",\"isPartOf\":{\"@id\":\"https:\\\/\\\/www.gjh.de\\\/frog\\\/pressemitteilung-2025-11-hessen-im-bundesverband-der-gruenen-jugend-so-stark-wie-nie\\\/\"},\"author\":{\"name\":\"LaVo\",\"@id\":\"https:\\\/\\\/www.gjh.de\\\/frog\\\/#\\\/schema\\\/person\\\/b95eae65e58bae367fc7c13e09065b60\"},\"headline\":\"Pressemitteilung 2025-11: Hessen im Bundesverband der Gr\u00fcnen Jugend, so stark wie nie\",\"datePublished\":\"2025-10-21T12:19:46+00:00\",\"dateModified\":\"2025-10-21T12:21:21+00:00\",\"mainEntityOfPage\":{\"@id\":\"https:\\\/\\\/www.gjh.de\\\/frog\\\/pressemitteilung-2025-11-hessen-im-bundesverband-der-gruenen-jugend-so-stark-wie-nie\\\/\"},\"wordCount\":450,\"image\":{\"@id\":\"https:\\\/\\\/www.gjh.de\\\/frog\\\/pressemitteilung-2025-11-hessen-im-bundesverband-der-gruenen-jugend-so-stark-wie-nie\\\/#primaryimage\"},\"thumbnailUrl\":\"https:\\\/\\\/www.gjh.de\\\/frog\\\/wp-content\\\/uploads\\\/Laetitia-Wendt-768x1024.jpeg\",\"articleSection\":{\"1\":\"Pressemitteilungen\"},\"inLanguage\":\"de\"},{\"@type\":\"WebPage\",\"@id\":\"https:\\\/\\\/www.gjh.de\\\/frog\\\/pressemitteilung-2025-11-hessen-im-bundesverband-der-gruenen-jugend-so-stark-wie-nie\\\/\",\"url\":\"https:\\\/\\\/www.gjh.de\\\/frog\\\/pressemitteilung-2025-11-hessen-im-bundesverband-der-gruenen-jugend-so-stark-wie-nie\\\/\",\"name\":\"Hessen erfolgreich bei Bundesvorstandswahl der Jungen Gr\u00fcnen\",\"isPartOf\":{\"@id\":\"https:\\\/\\\/www.gjh.de\\\/frog\\\/#website\"},\"primaryImageOfPage\":{\"@id\":\"https:\\\/\\\/www.gjh.de\\\/frog\\\/pressemitteilung-2025-11-hessen-im-bundesverband-der-gruenen-jugend-so-stark-wie-nie\\\/#primaryimage\"},\"image\":{\"@id\":\"https:\\\/\\\/www.gjh.de\\\/frog\\\/pressemitteilung-2025-11-hessen-im-bundesverband-der-gruenen-jugend-so-stark-wie-nie\\\/#primaryimage\"},\"thumbnailUrl\":\"https:\\\/\\\/www.gjh.de\\\/frog\\\/wp-content\\\/uploads\\\/Laetitia-Wendt-768x1024.jpeg\",\"datePublished\":\"2025-10-21T12:19:46+00:00\",\"dateModified\":\"2025-10-21T12:21:21+00:00\",\"author\":{\"@id\":\"https:\\\/\\\/www.gjh.de\\\/frog\\\/#\\\/schema\\\/person\\\/b95eae65e58bae367fc7c13e09065b60\"},\"description\":\"Nach Vorstandswahl beim Bundeskongress der Gr\u00fcnen Jugend in Leipzig am 10-12.10.: Hessen diesmal besonders stark vertreten!\",\"breadcrumb\":{\"@id\":\"https:\\\/\\\/www.gjh.de\\\/frog\\\/pressemitteilung-2025-11-hessen-im-bundesverband-der-gruenen-jugend-so-stark-wie-nie\\\/#breadcrumb\"},\"inLanguage\":\"de\",\"potentialAction\":[{\"@type\":\"ReadAction\",\"target\":[\"https:\\\/\\\/www.gjh.de\\\/frog\\\/pressemitteilung-2025-11-hessen-im-bundesverband-der-gruenen-jugend-so-stark-wie-nie\\\/\"]}]},{\"@type\":\"ImageObject\",\"inLanguage\":\"de\",\"@id\":\"https:\\\/\\\/www.gjh.de\\\/frog\\\/pressemitteilung-2025-11-hessen-im-bundesverband-der-gruenen-jugend-so-stark-wie-nie\\\/#primaryimage\",\"url\":\"https:\\\/\\\/www.gjh.de\\\/frog\\\/wp-content\\\/uploads\\\/Laetitia-Wendt.jpeg\",\"contentUrl\":\"https:\\\/\\\/www.gjh.de\\\/frog\\\/wp-content\\\/uploads\\\/Laetitia-Wendt.jpeg\",\"width\":1200,\"height\":1600},{\"@type\":\"BreadcrumbList\",\"@id\":\"https:\\\/\\\/www.gjh.de\\\/frog\\\/pressemitteilung-2025-11-hessen-im-bundesverband-der-gruenen-jugend-so-stark-wie-nie\\\/#breadcrumb\",\"itemListElement\":[{\"@type\":\"ListItem\",\"position\":1,\"name\":\"Startseite\",\"item\":\"https:\\\/\\\/www.gjh.de\\\/frog\\\/\"},{\"@type\":\"ListItem\",\"position\":2,\"name\":\"Pressemitteilung 2025-11: Hessen im Bundesverband der Gr\u00fcnen Jugend, so stark wie nie\"}]},{\"@type\":\"WebSite\",\"@id\":\"https:\\\/\\\/www.gjh.de\\\/frog\\\/#website\",\"url\":\"https:\\\/\\\/www.gjh.de\\\/frog\\\/\",\"name\":\"GR\u00dcNE JUGEND Hessen\",\"description\":\"\",\"potentialAction\":[{\"@type\":\"SearchAction\",\"target\":{\"@type\":\"EntryPoint\",\"urlTemplate\":\"https:\\\/\\\/www.gjh.de\\\/frog\\\/?s={search_term_string}\"},\"query-input\":{\"@type\":\"PropertyValueSpecification\",\"valueRequired\":true,\"valueName\":\"search_term_string\"}}],\"inLanguage\":\"de\"},{\"@type\":\"Person\",\"@id\":\"https:\\\/\\\/www.gjh.de\\\/frog\\\/#\\\/schema\\\/person\\\/b95eae65e58bae367fc7c13e09065b60\",\"name\":\"LaVo\",\"image\":{\"@type\":\"ImageObject\",\"inLanguage\":\"de\",\"@id\":\"https:\\\/\\\/secure.gravatar.com\\\/avatar\\\/0ac087cce100b8947f129d9f312c65c6e1db3a197dbe3421543faae33994a070?s=96&d=mm&r=g\",\"url\":\"https:\\\/\\\/secure.gravatar.com\\\/avatar\\\/0ac087cce100b8947f129d9f312c65c6e1db3a197dbe3421543faae33994a070?s=96&d=mm&r=g\",\"contentUrl\":\"https:\\\/\\\/secure.gravatar.com\\\/avatar\\\/0ac087cce100b8947f129d9f312c65c6e1db3a197dbe3421543faae33994a070?s=96&d=mm&r=g\",\"caption\":\"LaVo\"},\"url\":\"https:\\\/\\\/www.gjh.de\\\/frog\\\/author\\\/lavo\\\/\"}]}<\/script>\n<!-- \/ Yoast SEO plugin. -->","yoast_head_json":{"title":"Hessen erfolgreich bei Bundesvorstandswahl der Jungen Gr\u00fcnen","description":"Nach Vorstandswahl beim Bundeskongress der Gr\u00fcnen Jugend in Leipzig am 10-12.10.: Hessen diesmal besonders stark vertreten!","robots":{"index":"index","follow":"follow","max-snippet":"max-snippet:-1","max-image-preview":"max-image-preview:large","max-video-preview":"max-video-preview:-1"},"canonical":"https:\/\/www.gjh.de\/frog\/pressemitteilung-2025-11-hessen-im-bundesverband-der-gruenen-jugend-so-stark-wie-nie\/","og_locale":"de_DE","og_type":"article","og_title":"Hessen erfolgreich bei Bundesvorstandswahl der Jungen Gr\u00fcnen","og_description":"Nach Vorstandswahl beim Bundeskongress der Gr\u00fcnen Jugend in Leipzig am 10-12.10.: Hessen diesmal besonders stark vertreten!","og_url":"https:\/\/www.gjh.de\/frog\/pressemitteilung-2025-11-hessen-im-bundesverband-der-gruenen-jugend-so-stark-wie-nie\/","og_site_name":"GR\u00dcNE JUGEND Hessen","article_published_time":"2025-10-21T12:19:46+00:00","article_modified_time":"2025-10-21T12:21:21+00:00","og_image":[{"url":"https:\/\/www.gjh.de\/frog\/wp-content\/uploads\/Laetitia-Wendt-768x1024.jpeg","type":"","width":"","height":""}],"author":"LaVo","twitter_card":"summary_large_image","twitter_misc":{"Verfasst von":"LaVo","Gesch\u00e4tzte Lesezeit":"3\u00a0Minuten"},"schema":{"@context":"https:\/\/schema.org","@graph":[{"@type":"Article","@id":"https:\/\/www.gjh.de\/frog\/pressemitteilung-2025-11-hessen-im-bundesverband-der-gruenen-jugend-so-stark-wie-nie\/#article","isPartOf":{"@id":"https:\/\/www.gjh.de\/frog\/pressemitteilung-2025-11-hessen-im-bundesverband-der-gruenen-jugend-so-stark-wie-nie\/"},"author":{"name":"LaVo","@id":"https:\/\/www.gjh.de\/frog\/#\/schema\/person\/b95eae65e58bae367fc7c13e09065b60"},"headline":"Pressemitteilung 2025-11: Hessen im Bundesverband der Gr\u00fcnen Jugend, so stark wie nie","datePublished":"2025-10-21T12:19:46+00:00","dateModified":"2025-10-21T12:21:21+00:00","mainEntityOfPage":{"@id":"https:\/\/www.gjh.de\/frog\/pressemitteilung-2025-11-hessen-im-bundesverband-der-gruenen-jugend-so-stark-wie-nie\/"},"wordCount":450,"image":{"@id":"https:\/\/www.gjh.de\/frog\/pressemitteilung-2025-11-hessen-im-bundesverband-der-gruenen-jugend-so-stark-wie-nie\/#primaryimage"},"thumbnailUrl":"https:\/\/www.gjh.de\/frog\/wp-content\/uploads\/Laetitia-Wendt-768x1024.jpeg","articleSection":{"1":"Pressemitteilungen"},"inLanguage":"de"},{"@type":"WebPage","@id":"https:\/\/www.gjh.de\/frog\/pressemitteilung-2025-11-hessen-im-bundesverband-der-gruenen-jugend-so-stark-wie-nie\/","url":"https:\/\/www.gjh.de\/frog\/pressemitteilung-2025-11-hessen-im-bundesverband-der-gruenen-jugend-so-stark-wie-nie\/","name":"Hessen erfolgreich bei Bundesvorstandswahl der Jungen Gr\u00fcnen","isPartOf":{"@id":"https:\/\/www.gjh.de\/frog\/#website"},"primaryImageOfPage":{"@id":"https:\/\/www.gjh.de\/frog\/pressemitteilung-2025-11-hessen-im-bundesverband-der-gruenen-jugend-so-stark-wie-nie\/#primaryimage"},"image":{"@id":"https:\/\/www.gjh.de\/frog\/pressemitteilung-2025-11-hessen-im-bundesverband-der-gruenen-jugend-so-stark-wie-nie\/#primaryimage"},"thumbnailUrl":"https:\/\/www.gjh.de\/frog\/wp-content\/uploads\/Laetitia-Wendt-768x1024.jpeg","datePublished":"2025-10-21T12:19:46+00:00","dateModified":"2025-10-21T12:21:21+00:00","author":{"@id":"https:\/\/www.gjh.de\/frog\/#\/schema\/person\/b95eae65e58bae367fc7c13e09065b60"},"description":"Nach Vorstandswahl beim Bundeskongress der Gr\u00fcnen Jugend in Leipzig am 10-12.10.: Hessen diesmal besonders stark vertreten!","breadcrumb":{"@id":"https:\/\/www.gjh.de\/frog\/pressemitteilung-2025-11-hessen-im-bundesverband-der-gruenen-jugend-so-stark-wie-nie\/#breadcrumb"},"inLanguage":"de","potentialAction":[{"@type":"ReadAction","target":["https:\/\/www.gjh.de\/frog\/pressemitteilung-2025-11-hessen-im-bundesverband-der-gruenen-jugend-so-stark-wie-nie\/"]}]},{"@type":"ImageObject","inLanguage":"de","@id":"https:\/\/www.gjh.de\/frog\/pressemitteilung-2025-11-hessen-im-bundesverband-der-gruenen-jugend-so-stark-wie-nie\/#primaryimage","url":"https:\/\/www.gjh.de\/frog\/wp-content\/uploads\/Laetitia-Wendt.jpeg","contentUrl":"https:\/\/www.gjh.de\/frog\/wp-content\/uploads\/Laetitia-Wendt.jpeg","width":1200,"height":1600},{"@type":"BreadcrumbList","@id":"https:\/\/www.gjh.de\/frog\/pressemitteilung-2025-11-hessen-im-bundesverband-der-gruenen-jugend-so-stark-wie-nie\/#breadcrumb","itemListElement":[{"@type":"ListItem","position":1,"name":"Startseite","item":"https:\/\/www.gjh.de\/frog\/"},{"@type":"ListItem","position":2,"name":"Pressemitteilung 2025-11: Hessen im Bundesverband der Gr\u00fcnen Jugend, so stark wie nie"}]},{"@type":"WebSite","@id":"https:\/\/www.gjh.de\/frog\/#website","url":"https:\/\/www.gjh.de\/frog\/","name":"GR\u00dcNE JUGEND Hessen","description":"","potentialAction":[{"@type":"SearchAction","target":{"@type":"EntryPoint","urlTemplate":"https:\/\/www.gjh.de\/frog\/?s={search_term_string}"},"query-input":{"@type":"PropertyValueSpecification","valueRequired":true,"valueName":"search_term_string"}}],"inLanguage":"de"},{"@type":"Person","@id":"https:\/\/www.gjh.de\/frog\/#\/schema\/person\/b95eae65e58bae367fc7c13e09065b60","name":"LaVo","image":{"@type":"ImageObject","inLanguage":"de","@id":"https:\/\/secure.gravatar.com\/avatar\/0ac087cce100b8947f129d9f312c65c6e1db3a197dbe3421543faae33994a070?s=96&d=mm&r=g","url":"https:\/\/secure.gravatar.com\/avatar\/0ac087cce100b8947f129d9f312c65c6e1db3a197dbe3421543faae33994a070?s=96&d=mm&r=g","contentUrl":"https:\/\/secure.gravatar.com\/avatar\/0ac087cce100b8947f129d9f312c65c6e1db3a197dbe3421543faae33994a070?s=96&d=mm&r=g","caption":"LaVo"},"url":"https:\/\/www.gjh.de\/frog\/author\/lavo\/"}]}},"_links":{"self":[{"href":"https:\/\/www.gjh.de\/frog\/wp-json\/wp\/v2\/posts\/12771","targetHints":{"allow":["GET"]}}],"collection":[{"href":"https:\/\/www.gjh.de\/frog\/wp-json\/wp\/v2\/posts"}],"about":[{"href":"https:\/\/www.gjh.de\/frog\/wp-json\/wp\/v2\/types\/post"}],"author":[{"embeddable":true,"href":"https:\/\/www.gjh.de\/frog\/wp-json\/wp\/v2\/users\/114"}],"replies":[{"embeddable":true,"href":"https:\/\/www.gjh.de\/frog\/wp-json\/wp\/v2\/comments?post=12771"}],"version-history":[{"count":6,"href":"https:\/\/www.gjh.de\/frog\/wp-json\/wp\/v2\/posts\/12771\/revisions"}],"predecessor-version":[{"id":12782,"href":"https:\/\/www.gjh.de\/frog\/wp-json\/wp\/v2\/posts\/12771\/revisions\/12782"}],"wp:attachment":[{"href":"https:\/\/www.gjh.de\/frog\/wp-json\/wp\/v2\/media?parent=12771"}],"wp:term":[{"taxonomy":"category","embeddable":true,"href":"https:\/\/www.gjh.de\/frog\/wp-json\/wp\/v2\/categories?post=12771"},{"taxonomy":"post_tag","embeddable":true,"href":"https:\/\/www.gjh.de\/frog\/wp-json\/wp\/v2\/tags?post=12771"}],"curies":[{"name":"wp","href":"https:\/\/api.w.org\/{rel}","templated":true}]}}