{"id":12813,"date":"2025-11-02T16:03:00","date_gmt":"2025-11-02T15:03:00","guid":{"rendered":"https:\/\/www.gjh.de\/frog\/?p=12813"},"modified":"2025-11-04T13:39:23","modified_gmt":"2025-11-04T12:39:23","slug":"lmv-november-2025-wir-alle-haben-ein-recht-auf-zukunft-konsequenter-sozial-gerechter-klimaschutz-jetzt","status":"publish","type":"post","link":"https:\/\/www.gjh.de\/frog\/lmv-november-2025-wir-alle-haben-ein-recht-auf-zukunft-konsequenter-sozial-gerechter-klimaschutz-jetzt\/","title":{"rendered":"LMV November 2025: Wir alle haben ein Recht auf Zukunft \u2013 Konsequenter, sozial gerechter Klimaschutz jetzt!"},"content":{"rendered":"\n<p class=\"has-medium-font-size\">Die 2020er Jahre sind gepr\u00e4gt von multiplen Krisen. Die COVID-Pandemie, mehrere neue Kriege, eine schw\u00e4chelnde Wirtschaft, Aufschwung des Rechtsextremismus und -populismus und zunehmende Verm\u00f6gensungleichheit.<br>Doch \u00fcber allem steht mit der Klimakrise die schlimmste Krise der Menschheit. Denn die Klimakrise verschlimmert all diese Krisen um ein Vielfaches, wenn wir nicht endlich anfangen, konsequenten Klimaschutz umzusetzen.<\/p>\n\n\n\n<p class=\"has-medium-font-size\">Daher darf Klimaschutz im \u00f6ffentlichen Diskurs und von den f\u00fchrenden Politiker*innen unseres Landes nicht l\u00e4nger ignoriert werden!<\/p>\n\n\n\n<p class=\"has-medium-font-size\">Vor ungef\u00e4hr einem Monat wurde in Hamburg mit der Zustimmung im Zukunftsentscheid f\u00fcr ein besseres Klimaschutzgesetz in einem Bundesland die Weichen in eine klare Richtung gestellt: konsequenter Klimaschutz ist wieder an der Tagesordnung!<\/p>\n\n\n\n<p class=\"has-medium-font-size\">W\u00e4hrenddessen wird der Klimaschutz auf Hessischer Landesebene stetig ignoriert. Aber in unserer Zeit nicht \u00fcber die Klimakrise zu sprechen, ist eine Verherrlichung unseres Lebens, die wir uns in der aktuellen Zeit nicht leisten k\u00f6nnen!<\/p>\n\n\n\n<p class=\"has-medium-font-size\">In Hessen haben wir eine schwarz-rote Koalition, die, statt sich zum Klimaschutz zu bekennen, lieber die verpflichtende \u201eCO<sub>2 <\/sub>Schatten-Bepreisung\u201c und den \u201eKlimacheck\u201c, welche im Hessischen Klimaschutzgesetz (HKlimaG) vorgesehen sind, abschaffen m\u00f6chte.<\/p>\n\n\n\n<p class=\"has-medium-font-size\">Der \u201eCO<sub>2 <\/sub>Schatten-Preis\u201c aus \u00a7 7 Abs. 4 des HKlimaG bildet die Sch\u00e4den, die der Gesellschaft durch die Klimakrise entstehen in einem fiktiven Preis ab und soll daher daf\u00fcr sorgen, dass Investitionen und Beschaffungen des Landes Hessen m\u00f6glichst klimafreundlich ausfallen.<\/p>\n\n\n\n<p class=\"has-medium-font-size\">Der \u201eKlimacheck\u201c aus \u00a77 Abs. 3 des HKlimaG regelt gesetzlich, dass die Landesregierung bei jedem Gesetzesentwurf die Auswirkungen auf die hessischen Klimaschutzziele abw\u00e4gen muss.<\/p>\n\n\n\n<p class=\"has-medium-font-size\">Der Plan der Abschaffung dieser beiden elementaren Instrumente des Klimaschutzes geschieht gegen die Empfehlungen des Klimabeirats Hessen. Die Landesregierung muss aufh\u00f6ren, die Augen zu verschlie\u00dfen, wenn es unangenehm wird, und endlich konsequenten, sozial gerechten Klimaschutz proaktiv umsetzen!<\/p>\n\n\n\n<p class=\"has-medium-font-size\">Statt das Klimaschutzgesetz auszuh\u00f6hlen, ist es an der Zeit endlich ein gerechtes, zukunftstaugliches Klimaschutzgesetz in Hessen umzusetzen! Denn wir alle haben ein Recht auf Zukunft!<\/p>\n\n\n\n<p class=\"has-medium-font-size\"><strong>Die GR\u00dcNE JUGEND Hessen fordert daher:<\/strong><\/p>\n\n\n\n<ul class=\"has-medium-font-size wp-block-list\">\n<li class=\"has-medium-font-size\">Die Beibehaltung des \u201eCO<sub>2 <\/sub>Schatten-Preises\u201c und des \u201eKlimachecks\u201c im Hessischen Klimaschutzgesetz<\/li>\n\n\n\n<li class=\"has-medium-font-size\">Eine \u00c4nderung des Hessisches Klimaschutzgesetzes um folgende Punkte:\n<ul class=\"wp-block-list\">\n<li>Klimaneutralit\u00e4t Hessens bis sp\u00e4testens 2040<\/li>\n\n\n\n<li>Verbindliche j\u00e4hrliche Sektorziele<\/li>\n\n\n\n<li>Eine verpflichtende soziale Vertr\u00e4glichkeit aller Klimaschutzma\u00dfnahmen<\/li>\n<\/ul>\n<\/li>\n<\/ul>\n","protected":false},"excerpt":{"rendered":"<p>Die 2020er Jahre sind gepr\u00e4gt von multiplen Krisen. Die COVID-Pandemie, mehrere neue Kriege, eine schw\u00e4chelnde Wirtschaft, Aufschwung des Rechtsextremismus und -populismus und zunehmende Verm\u00f6gensungleichheit.Doch \u00fcber allem steht mit der Klimakrise die schlimmste Krise der Menschheit. Denn die Klimakrise verschlimmert all diese Krisen um ein Vielfaches, wenn wir nicht endlich anfangen, konsequenten Klimaschutz umzusetzen. Daher darf [&hellip;]<\/p>\n","protected":false},"author":114,"featured_media":0,"comment_status":"closed","ping_status":"closed","sticky":false,"template":"","format":"standard","meta":{"footnotes":""},"categories":[234,235],"tags":[],"class_list":["post-12813","post","type-post","status-publish","format-standard","hentry","category-beschluesse","category-umwelt-energie"],"yoast_head":"<!-- This site is optimized with the Yoast SEO plugin v27.4 - https:\/\/yoast.com\/product\/yoast-seo-wordpress\/ -->\n<title>LMV November 2025: Konsequenter, gerechter Klimaschutz jetzt!<\/title>\n<meta name=\"description\" content=\"Statt das Klimaschutzgesetz auszuh\u00f6hlen, ist es an der Zeit endlich ein gerechtes, zukunftstaugliches Klimaschutzgesetz in Hessen umzusetzen!\" \/>\n<meta name=\"robots\" content=\"index, follow, max-snippet:-1, max-image-preview:large, max-video-preview:-1\" \/>\n<link rel=\"canonical\" href=\"https:\/\/www.gjh.de\/frog\/lmv-november-2025-wir-alle-haben-ein-recht-auf-zukunft-konsequenter-sozial-gerechter-klimaschutz-jetzt\/\" \/>\n<meta property=\"og:locale\" content=\"de_DE\" \/>\n<meta property=\"og:type\" content=\"article\" \/>\n<meta property=\"og:title\" content=\"LMV November 2025: Konsequenter, gerechter Klimaschutz jetzt!\" \/>\n<meta property=\"og:description\" content=\"Statt das Klimaschutzgesetz auszuh\u00f6hlen, ist es an der Zeit endlich ein gerechtes, zukunftstaugliches Klimaschutzgesetz in Hessen umzusetzen!\" \/>\n<meta property=\"og:url\" content=\"https:\/\/www.gjh.de\/frog\/lmv-november-2025-wir-alle-haben-ein-recht-auf-zukunft-konsequenter-sozial-gerechter-klimaschutz-jetzt\/\" \/>\n<meta property=\"og:site_name\" content=\"GR\u00dcNE JUGEND Hessen\" \/>\n<meta property=\"article:published_time\" content=\"2025-11-02T15:03:00+00:00\" \/>\n<meta property=\"article:modified_time\" content=\"2025-11-04T12:39:23+00:00\" \/>\n<meta name=\"author\" content=\"LaVo\" \/>\n<meta name=\"twitter:card\" content=\"summary_large_image\" \/>\n<meta name=\"twitter:label1\" content=\"Verfasst von\" \/>\n\t<meta name=\"twitter:data1\" content=\"LaVo\" \/>\n\t<meta name=\"twitter:label2\" content=\"Gesch\u00e4tzte Lesezeit\" \/>\n\t<meta name=\"twitter:data2\" content=\"2\u00a0Minuten\" \/>\n<script type=\"application\/ld+json\" class=\"yoast-schema-graph\">{\"@context\":\"https:\\\/\\\/schema.org\",\"@graph\":[{\"@type\":\"Article\",\"@id\":\"https:\\\/\\\/www.gjh.de\\\/frog\\\/lmv-november-2025-wir-alle-haben-ein-recht-auf-zukunft-konsequenter-sozial-gerechter-klimaschutz-jetzt\\\/#article\",\"isPartOf\":{\"@id\":\"https:\\\/\\\/www.gjh.de\\\/frog\\\/lmv-november-2025-wir-alle-haben-ein-recht-auf-zukunft-konsequenter-sozial-gerechter-klimaschutz-jetzt\\\/\"},\"author\":{\"name\":\"LaVo\",\"@id\":\"https:\\\/\\\/www.gjh.de\\\/frog\\\/#\\\/schema\\\/person\\\/b95eae65e58bae367fc7c13e09065b60\"},\"headline\":\"LMV November 2025: Wir alle haben ein Recht auf Zukunft \u2013 Konsequenter, sozial gerechter Klimaschutz jetzt!\",\"datePublished\":\"2025-11-02T15:03:00+00:00\",\"dateModified\":\"2025-11-04T12:39:23+00:00\",\"mainEntityOfPage\":{\"@id\":\"https:\\\/\\\/www.gjh.de\\\/frog\\\/lmv-november-2025-wir-alle-haben-ein-recht-auf-zukunft-konsequenter-sozial-gerechter-klimaschutz-jetzt\\\/\"},\"wordCount\":366,\"articleSection\":[\"Beschl\u00fcsse\",\"Umwelt und Energie\"],\"inLanguage\":\"de\"},{\"@type\":\"WebPage\",\"@id\":\"https:\\\/\\\/www.gjh.de\\\/frog\\\/lmv-november-2025-wir-alle-haben-ein-recht-auf-zukunft-konsequenter-sozial-gerechter-klimaschutz-jetzt\\\/\",\"url\":\"https:\\\/\\\/www.gjh.de\\\/frog\\\/lmv-november-2025-wir-alle-haben-ein-recht-auf-zukunft-konsequenter-sozial-gerechter-klimaschutz-jetzt\\\/\",\"name\":\"LMV November 2025: Konsequenter, gerechter Klimaschutz jetzt!\",\"isPartOf\":{\"@id\":\"https:\\\/\\\/www.gjh.de\\\/frog\\\/#website\"},\"datePublished\":\"2025-11-02T15:03:00+00:00\",\"dateModified\":\"2025-11-04T12:39:23+00:00\",\"author\":{\"@id\":\"https:\\\/\\\/www.gjh.de\\\/frog\\\/#\\\/schema\\\/person\\\/b95eae65e58bae367fc7c13e09065b60\"},\"description\":\"Statt das Klimaschutzgesetz auszuh\u00f6hlen, ist es an der Zeit endlich ein gerechtes, zukunftstaugliches Klimaschutzgesetz in Hessen umzusetzen!\",\"breadcrumb\":{\"@id\":\"https:\\\/\\\/www.gjh.de\\\/frog\\\/lmv-november-2025-wir-alle-haben-ein-recht-auf-zukunft-konsequenter-sozial-gerechter-klimaschutz-jetzt\\\/#breadcrumb\"},\"inLanguage\":\"de\",\"potentialAction\":[{\"@type\":\"ReadAction\",\"target\":[\"https:\\\/\\\/www.gjh.de\\\/frog\\\/lmv-november-2025-wir-alle-haben-ein-recht-auf-zukunft-konsequenter-sozial-gerechter-klimaschutz-jetzt\\\/\"]}]},{\"@type\":\"BreadcrumbList\",\"@id\":\"https:\\\/\\\/www.gjh.de\\\/frog\\\/lmv-november-2025-wir-alle-haben-ein-recht-auf-zukunft-konsequenter-sozial-gerechter-klimaschutz-jetzt\\\/#breadcrumb\",\"itemListElement\":[{\"@type\":\"ListItem\",\"position\":1,\"name\":\"Startseite\",\"item\":\"https:\\\/\\\/www.gjh.de\\\/frog\\\/\"},{\"@type\":\"ListItem\",\"position\":2,\"name\":\"LMV November 2025: Wir alle haben ein Recht auf Zukunft \u2013 Konsequenter, sozial gerechter Klimaschutz jetzt!\"}]},{\"@type\":\"WebSite\",\"@id\":\"https:\\\/\\\/www.gjh.de\\\/frog\\\/#website\",\"url\":\"https:\\\/\\\/www.gjh.de\\\/frog\\\/\",\"name\":\"GR\u00dcNE JUGEND Hessen\",\"description\":\"\",\"potentialAction\":[{\"@type\":\"SearchAction\",\"target\":{\"@type\":\"EntryPoint\",\"urlTemplate\":\"https:\\\/\\\/www.gjh.de\\\/frog\\\/?s={search_term_string}\"},\"query-input\":{\"@type\":\"PropertyValueSpecification\",\"valueRequired\":true,\"valueName\":\"search_term_string\"}}],\"inLanguage\":\"de\"},{\"@type\":\"Person\",\"@id\":\"https:\\\/\\\/www.gjh.de\\\/frog\\\/#\\\/schema\\\/person\\\/b95eae65e58bae367fc7c13e09065b60\",\"name\":\"LaVo\",\"image\":{\"@type\":\"ImageObject\",\"inLanguage\":\"de\",\"@id\":\"https:\\\/\\\/secure.gravatar.com\\\/avatar\\\/0ac087cce100b8947f129d9f312c65c6e1db3a197dbe3421543faae33994a070?s=96&d=mm&r=g\",\"url\":\"https:\\\/\\\/secure.gravatar.com\\\/avatar\\\/0ac087cce100b8947f129d9f312c65c6e1db3a197dbe3421543faae33994a070?s=96&d=mm&r=g\",\"contentUrl\":\"https:\\\/\\\/secure.gravatar.com\\\/avatar\\\/0ac087cce100b8947f129d9f312c65c6e1db3a197dbe3421543faae33994a070?s=96&d=mm&r=g\",\"caption\":\"LaVo\"},\"url\":\"https:\\\/\\\/www.gjh.de\\\/frog\\\/author\\\/lavo\\\/\"}]}<\/script>\n<!-- \/ Yoast SEO plugin. -->","yoast_head_json":{"title":"LMV November 2025: Konsequenter, gerechter Klimaschutz jetzt!","description":"Statt das Klimaschutzgesetz auszuh\u00f6hlen, ist es an der Zeit endlich ein gerechtes, zukunftstaugliches Klimaschutzgesetz in Hessen umzusetzen!","robots":{"index":"index","follow":"follow","max-snippet":"max-snippet:-1","max-image-preview":"max-image-preview:large","max-video-preview":"max-video-preview:-1"},"canonical":"https:\/\/www.gjh.de\/frog\/lmv-november-2025-wir-alle-haben-ein-recht-auf-zukunft-konsequenter-sozial-gerechter-klimaschutz-jetzt\/","og_locale":"de_DE","og_type":"article","og_title":"LMV November 2025: Konsequenter, gerechter Klimaschutz jetzt!","og_description":"Statt das Klimaschutzgesetz auszuh\u00f6hlen, ist es an der Zeit endlich ein gerechtes, zukunftstaugliches Klimaschutzgesetz in Hessen umzusetzen!","og_url":"https:\/\/www.gjh.de\/frog\/lmv-november-2025-wir-alle-haben-ein-recht-auf-zukunft-konsequenter-sozial-gerechter-klimaschutz-jetzt\/","og_site_name":"GR\u00dcNE JUGEND Hessen","article_published_time":"2025-11-02T15:03:00+00:00","article_modified_time":"2025-11-04T12:39:23+00:00","author":"LaVo","twitter_card":"summary_large_image","twitter_misc":{"Verfasst von":"LaVo","Gesch\u00e4tzte Lesezeit":"2\u00a0Minuten"},"schema":{"@context":"https:\/\/schema.org","@graph":[{"@type":"Article","@id":"https:\/\/www.gjh.de\/frog\/lmv-november-2025-wir-alle-haben-ein-recht-auf-zukunft-konsequenter-sozial-gerechter-klimaschutz-jetzt\/#article","isPartOf":{"@id":"https:\/\/www.gjh.de\/frog\/lmv-november-2025-wir-alle-haben-ein-recht-auf-zukunft-konsequenter-sozial-gerechter-klimaschutz-jetzt\/"},"author":{"name":"LaVo","@id":"https:\/\/www.gjh.de\/frog\/#\/schema\/person\/b95eae65e58bae367fc7c13e09065b60"},"headline":"LMV November 2025: Wir alle haben ein Recht auf Zukunft \u2013 Konsequenter, sozial gerechter Klimaschutz jetzt!","datePublished":"2025-11-02T15:03:00+00:00","dateModified":"2025-11-04T12:39:23+00:00","mainEntityOfPage":{"@id":"https:\/\/www.gjh.de\/frog\/lmv-november-2025-wir-alle-haben-ein-recht-auf-zukunft-konsequenter-sozial-gerechter-klimaschutz-jetzt\/"},"wordCount":366,"articleSection":["Beschl\u00fcsse","Umwelt und Energie"],"inLanguage":"de"},{"@type":"WebPage","@id":"https:\/\/www.gjh.de\/frog\/lmv-november-2025-wir-alle-haben-ein-recht-auf-zukunft-konsequenter-sozial-gerechter-klimaschutz-jetzt\/","url":"https:\/\/www.gjh.de\/frog\/lmv-november-2025-wir-alle-haben-ein-recht-auf-zukunft-konsequenter-sozial-gerechter-klimaschutz-jetzt\/","name":"LMV November 2025: Konsequenter, gerechter Klimaschutz jetzt!","isPartOf":{"@id":"https:\/\/www.gjh.de\/frog\/#website"},"datePublished":"2025-11-02T15:03:00+00:00","dateModified":"2025-11-04T12:39:23+00:00","author":{"@id":"https:\/\/www.gjh.de\/frog\/#\/schema\/person\/b95eae65e58bae367fc7c13e09065b60"},"description":"Statt das Klimaschutzgesetz auszuh\u00f6hlen, ist es an der Zeit endlich ein gerechtes, zukunftstaugliches Klimaschutzgesetz in Hessen umzusetzen!","breadcrumb":{"@id":"https:\/\/www.gjh.de\/frog\/lmv-november-2025-wir-alle-haben-ein-recht-auf-zukunft-konsequenter-sozial-gerechter-klimaschutz-jetzt\/#breadcrumb"},"inLanguage":"de","potentialAction":[{"@type":"ReadAction","target":["https:\/\/www.gjh.de\/frog\/lmv-november-2025-wir-alle-haben-ein-recht-auf-zukunft-konsequenter-sozial-gerechter-klimaschutz-jetzt\/"]}]},{"@type":"BreadcrumbList","@id":"https:\/\/www.gjh.de\/frog\/lmv-november-2025-wir-alle-haben-ein-recht-auf-zukunft-konsequenter-sozial-gerechter-klimaschutz-jetzt\/#breadcrumb","itemListElement":[{"@type":"ListItem","position":1,"name":"Startseite","item":"https:\/\/www.gjh.de\/frog\/"},{"@type":"ListItem","position":2,"name":"LMV November 2025: Wir alle haben ein Recht auf Zukunft \u2013 Konsequenter, sozial gerechter Klimaschutz jetzt!"}]},{"@type":"WebSite","@id":"https:\/\/www.gjh.de\/frog\/#website","url":"https:\/\/www.gjh.de\/frog\/","name":"GR\u00dcNE JUGEND Hessen","description":"","potentialAction":[{"@type":"SearchAction","target":{"@type":"EntryPoint","urlTemplate":"https:\/\/www.gjh.de\/frog\/?s={search_term_string}"},"query-input":{"@type":"PropertyValueSpecification","valueRequired":true,"valueName":"search_term_string"}}],"inLanguage":"de"},{"@type":"Person","@id":"https:\/\/www.gjh.de\/frog\/#\/schema\/person\/b95eae65e58bae367fc7c13e09065b60","name":"LaVo","image":{"@type":"ImageObject","inLanguage":"de","@id":"https:\/\/secure.gravatar.com\/avatar\/0ac087cce100b8947f129d9f312c65c6e1db3a197dbe3421543faae33994a070?s=96&d=mm&r=g","url":"https:\/\/secure.gravatar.com\/avatar\/0ac087cce100b8947f129d9f312c65c6e1db3a197dbe3421543faae33994a070?s=96&d=mm&r=g","contentUrl":"https:\/\/secure.gravatar.com\/avatar\/0ac087cce100b8947f129d9f312c65c6e1db3a197dbe3421543faae33994a070?s=96&d=mm&r=g","caption":"LaVo"},"url":"https:\/\/www.gjh.de\/frog\/author\/lavo\/"}]}},"_links":{"self":[{"href":"https:\/\/www.gjh.de\/frog\/wp-json\/wp\/v2\/posts\/12813","targetHints":{"allow":["GET"]}}],"collection":[{"href":"https:\/\/www.gjh.de\/frog\/wp-json\/wp\/v2\/posts"}],"about":[{"href":"https:\/\/www.gjh.de\/frog\/wp-json\/wp\/v2\/types\/post"}],"author":[{"embeddable":true,"href":"https:\/\/www.gjh.de\/frog\/wp-json\/wp\/v2\/users\/114"}],"replies":[{"embeddable":true,"href":"https:\/\/www.gjh.de\/frog\/wp-json\/wp\/v2\/comments?post=12813"}],"version-history":[{"count":1,"href":"https:\/\/www.gjh.de\/frog\/wp-json\/wp\/v2\/posts\/12813\/revisions"}],"predecessor-version":[{"id":12814,"href":"https:\/\/www.gjh.de\/frog\/wp-json\/wp\/v2\/posts\/12813\/revisions\/12814"}],"wp:attachment":[{"href":"https:\/\/www.gjh.de\/frog\/wp-json\/wp\/v2\/media?parent=12813"}],"wp:term":[{"taxonomy":"category","embeddable":true,"href":"https:\/\/www.gjh.de\/frog\/wp-json\/wp\/v2\/categories?post=12813"},{"taxonomy":"post_tag","embeddable":true,"href":"https:\/\/www.gjh.de\/frog\/wp-json\/wp\/v2\/tags?post=12813"}],"curies":[{"name":"wp","href":"https:\/\/api.w.org\/{rel}","templated":true}]}}