{"id":12817,"date":"2025-11-02T16:05:00","date_gmt":"2025-11-02T15:05:00","guid":{"rendered":"https:\/\/www.gjh.de\/frog\/?p=12817"},"modified":"2025-11-04T13:53:02","modified_gmt":"2025-11-04T12:53:02","slug":"lmv-november-2025-gerechtigkeit-statt-kettensaege-fuer-ein-wirksames-lieferkettengesetz","status":"publish","type":"post","link":"https:\/\/www.gjh.de\/frog\/lmv-november-2025-gerechtigkeit-statt-kettensaege-fuer-ein-wirksames-lieferkettengesetz\/","title":{"rendered":"LMV November 2025: Gerechtigkeit statt Kettens\u00e4ge &#8211; F\u00fcr ein wirksames Lieferkettengesetz!"},"content":{"rendered":"\n<p class=\"has-medium-font-size\">Zehn Jahre nach dem Einsturz der Textilfabrik Rana Plaza in Bangladesch am 24. April 2013, bei dem \u00fcber 1100 Menschen starben und 2000 N\u00e4her*innen teils schwer verletzt wurden, einigte sich das Europaparlament gemeinsam mit den EU Staaten im Dezember 2023 auf ein europ\u00e4isches Lieferkettengesetz. Dieses sah vor, dass Unternehmen mit Sitz in der EU, welche mehr als 500 Besch\u00e4ftigte und mindestens 150 Millionen Euro Umsatz haben, f\u00fcr ihre Gesch\u00e4ftsketten verantwortlich gemacht werden sollten. Gro\u00dfe Unternehmen sollten ebenfalls einen Plan zur Einhaltung der Ziele des Pariser Klimaabkommens vorlegen, f\u00fcr Unternehmen mit Sitz au\u00dferhalb der EU, welche dennoch in ihr t\u00e4tig sind, sollten die Ma\u00dfnahmen ab einem Jahresumsatz von 300 Millionen Euro gelten. Unternehmen, welche gegen die EU Standards verstie\u00dfen, sollten zivilrechtlich belangt werden k\u00f6nnen.<\/p>\n\n\n\n<p class=\"has-medium-font-size\">Dieser Beschluss wurde von Gewerkschaften als gro\u00dfer Fortschritt zur Besserung der Arbeitsbedingungen der Arbeiter*innen weltweit und als aus den Trag\u00f6dien der letzten Jahre gezogene Lehre gepriesen. Nachdem das Lieferkettengesetz bereits im April 2024 durch eine Anhebung der Mindestbesch\u00e4ftigtenzahl auf 1000 Besch\u00e4ftigte und des erforderlichen Jahresumsatzes auf mindestens 450 Millionen Euro gelockert wurde, droht es nun endg\u00fcltig zum zahnlosen Papiertiger zu werden:<\/p>\n\n\n\n<p class=\"has-medium-font-size\">Am 13. Oktober 2025 stimmte der Rechtsausschuss des Europaparlaments f\u00fcr eine weitere Abschw\u00e4chung des EU Lieferkettengesetzes, welche vorsieht, dass das Lieferkettengesetz nur noch f\u00fcr Gro\u00dfunternehmen mit mindestens 5000 Besch\u00e4ftigten und einem Jahresumsatz von mindestens 1,5 Milliarden Euro gelten w\u00fcrde. Demnach w\u00e4ren in Deutschland nur noch 120 statt 2700 Unternehmen in der Pflicht, die Menschenrechte entlang ihrer Lieferkette zu achten, Verst\u00f6\u00dfe w\u00fcrden unterdessen nicht mehr zivilrechtlich geahndet werden.<\/p>\n\n\n\n<p class=\"has-medium-font-size\">Auch wenn der Entwurf im Europaparlament vorerst gescheitert ist: Das darf nicht so weitergehen! Die GR\u00dcNE JUGEND Hessen macht sich f\u00fcr die globale Achtung der Menschenrechte und der Umweltschutzstandards stark und fordert, dass das europ\u00e4ische Lieferkettengesetz wieder als wirksamer Mechanismus zum Schutz der Rechte f\u00fcr Arbeiter*innen, welche in der EU t\u00e4tige Unternehmen beliefern, gedacht werden muss.<\/p>\n\n\n\n<p class=\"has-medium-font-size\">Dass das funktionieren kann, beweist das deutsche Lieferkettensorgfaltspflichtengesetz:<\/p>\n\n\n\n<p class=\"has-medium-font-size\">Seitdem es am 1. Januar 2023 in Kraft trat m\u00fcssen in Deutschland t\u00e4tige Unternehmen mit mindestens 3000 Besch\u00e4ftigten und seit Januar 2024 Unternehmen, welche ihren Hauptsitz oder eine Zweigniederlassung in Deutschland und mindestens 1000 Besch\u00e4ftigte haben, auf den UN-Leitprinzipien f\u00fcr Wirtschaft und Menschenrechte basierende Richtlinien zur Achtung der Menschenrechte und festgelegter Umweltstandards nachkommen. Eine beh\u00f6rdliche Durchsetzung sorgt unterdessen daf\u00fcr, dass eine Beh\u00f6rde Unternehmen auf die Einhaltung dieser Standards pr\u00fcfen und im Falle eines Versto\u00dfes sanktionieren kann. So kann das Bundesamt f\u00fcr Wirtschaft- und Ausfuhrkontrolle Unternehmen mit an der Schwere des Vergehens und dem Umsatz des Unternehmens orientierten Bu\u00dfgeldern belegen und ab einer Bu\u00dfgeldh\u00f6he von mindestens 175000\u20ac von der Vergabe \u00f6ffentlicher Auftr\u00e4ge ausschlie\u00dfen. Dieses auch von den Betriebsr\u00e4ten der Dax40-Unternehmen und der DGB als \u00e4u\u00dferst effektiv bescheinigte Werkzeug soll nun nach Willen der Bundesregierung, genau wie das EU Lieferkettengesetz, vollst\u00e4ndig abgeschafft werden.<\/p>\n\n\n\n<p class=\"has-medium-font-size\">Wir als GR\u00dcNE JUGEND Hessen stellen uns entschlossen dagegen und fordern, dass das EU Lieferkettengesetz nicht fallen gelassen werden wird, zugunsten der Umwelt und Besch\u00e4ftigten weltweit weiter gedacht werden muss und als wichtiges Werkzeug zur Sch\u00f6pfung einer gerechteren Wirtschaft genutzt werden soll. Daf\u00fcr m\u00fcssen vor allem die Mindestbesch\u00e4ftigtenzahlen und -Jahresums\u00e4tze gesenkt und wirksame Sanktionsmechanismen wieder eingef\u00fchrt werden. Des Weiteren fordern wir die Erg\u00e4nzung der Frauenrechtskonvention CEDAW und der Konvention 190 der Internationalen Arbeiterorganisation \u00fcber Gewalt und Bel\u00e4stigung in der Arbeitswelt zur Liste der dem Lieferkettengesetz zugrunde liegenden Konventionen, um eine Gleichstellungsperspektive zur Risikoanalyse hinzuzuf\u00fcgen.<\/p>\n","protected":false},"excerpt":{"rendered":"<p>Zehn Jahre nach dem Einsturz der Textilfabrik Rana Plaza in Bangladesch am 24. April 2013, bei dem \u00fcber 1100 Menschen starben und 2000 N\u00e4her*innen teils schwer verletzt wurden, einigte sich das Europaparlament gemeinsam mit den EU Staaten im Dezember 2023 auf ein europ\u00e4isches Lieferkettengesetz. Dieses sah vor, dass Unternehmen mit Sitz in der EU, welche [&hellip;]<\/p>\n","protected":false},"author":114,"featured_media":0,"comment_status":"closed","ping_status":"closed","sticky":false,"template":"","format":"standard","meta":{"footnotes":""},"categories":[234,237,235],"tags":[],"class_list":["post-12817","post","type-post","status-publish","format-standard","hentry","category-beschluesse","category-buergerinnen-rechte-und-demokratie","category-umwelt-energie"],"yoast_head":"<!-- This site is optimized with the Yoast SEO plugin v27.5 - https:\/\/yoast.com\/product\/yoast-seo-wordpress\/ -->\n<title>LMV November 2025: F\u00fcr ein wirksames Lieferkettengesetz!<\/title>\n<meta name=\"description\" content=\"Wir fodern dass das EU Lieferkettengesetz nicht fallen gelassen wird, sondern zugunsten von Umwelt und Besch\u00e4ftigten weitergedacht wird.\" \/>\n<meta name=\"robots\" content=\"index, follow, max-snippet:-1, max-image-preview:large, max-video-preview:-1\" \/>\n<link rel=\"canonical\" href=\"https:\/\/www.gjh.de\/frog\/lmv-november-2025-gerechtigkeit-statt-kettensaege-fuer-ein-wirksames-lieferkettengesetz\/\" \/>\n<meta property=\"og:locale\" content=\"de_DE\" \/>\n<meta property=\"og:type\" content=\"article\" \/>\n<meta property=\"og:title\" content=\"LMV November 2025: F\u00fcr ein wirksames Lieferkettengesetz!\" \/>\n<meta property=\"og:description\" content=\"Wir fodern dass das EU Lieferkettengesetz nicht fallen gelassen wird, sondern zugunsten von Umwelt und Besch\u00e4ftigten weitergedacht wird.\" \/>\n<meta property=\"og:url\" content=\"https:\/\/www.gjh.de\/frog\/lmv-november-2025-gerechtigkeit-statt-kettensaege-fuer-ein-wirksames-lieferkettengesetz\/\" \/>\n<meta property=\"og:site_name\" content=\"GR\u00dcNE JUGEND Hessen\" \/>\n<meta property=\"article:published_time\" content=\"2025-11-02T15:05:00+00:00\" \/>\n<meta property=\"article:modified_time\" content=\"2025-11-04T12:53:02+00:00\" \/>\n<meta name=\"author\" content=\"LaVo\" \/>\n<meta name=\"twitter:card\" content=\"summary_large_image\" \/>\n<meta name=\"twitter:label1\" content=\"Verfasst von\" \/>\n\t<meta name=\"twitter:data1\" content=\"LaVo\" \/>\n\t<meta name=\"twitter:label2\" content=\"Gesch\u00e4tzte Lesezeit\" \/>\n\t<meta name=\"twitter:data2\" content=\"4\u00a0Minuten\" \/>\n<script type=\"application\/ld+json\" class=\"yoast-schema-graph\">{\"@context\":\"https:\\\/\\\/schema.org\",\"@graph\":[{\"@type\":\"Article\",\"@id\":\"https:\\\/\\\/www.gjh.de\\\/frog\\\/lmv-november-2025-gerechtigkeit-statt-kettensaege-fuer-ein-wirksames-lieferkettengesetz\\\/#article\",\"isPartOf\":{\"@id\":\"https:\\\/\\\/www.gjh.de\\\/frog\\\/lmv-november-2025-gerechtigkeit-statt-kettensaege-fuer-ein-wirksames-lieferkettengesetz\\\/\"},\"author\":{\"name\":\"LaVo\",\"@id\":\"https:\\\/\\\/www.gjh.de\\\/frog\\\/#\\\/schema\\\/person\\\/b95eae65e58bae367fc7c13e09065b60\"},\"headline\":\"LMV November 2025: Gerechtigkeit statt Kettens\u00e4ge &#8211; F\u00fcr ein wirksames Lieferkettengesetz!\",\"datePublished\":\"2025-11-02T15:05:00+00:00\",\"dateModified\":\"2025-11-04T12:53:02+00:00\",\"mainEntityOfPage\":{\"@id\":\"https:\\\/\\\/www.gjh.de\\\/frog\\\/lmv-november-2025-gerechtigkeit-statt-kettensaege-fuer-ein-wirksames-lieferkettengesetz\\\/\"},\"wordCount\":603,\"articleSection\":[\"Beschl\u00fcsse\",\"B\u00fcrger*innen-Rechte und Demokratie\",\"Umwelt und Energie\"],\"inLanguage\":\"de\"},{\"@type\":\"WebPage\",\"@id\":\"https:\\\/\\\/www.gjh.de\\\/frog\\\/lmv-november-2025-gerechtigkeit-statt-kettensaege-fuer-ein-wirksames-lieferkettengesetz\\\/\",\"url\":\"https:\\\/\\\/www.gjh.de\\\/frog\\\/lmv-november-2025-gerechtigkeit-statt-kettensaege-fuer-ein-wirksames-lieferkettengesetz\\\/\",\"name\":\"LMV November 2025: F\u00fcr ein wirksames Lieferkettengesetz!\",\"isPartOf\":{\"@id\":\"https:\\\/\\\/www.gjh.de\\\/frog\\\/#website\"},\"datePublished\":\"2025-11-02T15:05:00+00:00\",\"dateModified\":\"2025-11-04T12:53:02+00:00\",\"author\":{\"@id\":\"https:\\\/\\\/www.gjh.de\\\/frog\\\/#\\\/schema\\\/person\\\/b95eae65e58bae367fc7c13e09065b60\"},\"description\":\"Wir fodern dass das EU Lieferkettengesetz nicht fallen gelassen wird, sondern zugunsten von Umwelt und Besch\u00e4ftigten weitergedacht wird.\",\"breadcrumb\":{\"@id\":\"https:\\\/\\\/www.gjh.de\\\/frog\\\/lmv-november-2025-gerechtigkeit-statt-kettensaege-fuer-ein-wirksames-lieferkettengesetz\\\/#breadcrumb\"},\"inLanguage\":\"de\",\"potentialAction\":[{\"@type\":\"ReadAction\",\"target\":[\"https:\\\/\\\/www.gjh.de\\\/frog\\\/lmv-november-2025-gerechtigkeit-statt-kettensaege-fuer-ein-wirksames-lieferkettengesetz\\\/\"]}]},{\"@type\":\"BreadcrumbList\",\"@id\":\"https:\\\/\\\/www.gjh.de\\\/frog\\\/lmv-november-2025-gerechtigkeit-statt-kettensaege-fuer-ein-wirksames-lieferkettengesetz\\\/#breadcrumb\",\"itemListElement\":[{\"@type\":\"ListItem\",\"position\":1,\"name\":\"Startseite\",\"item\":\"https:\\\/\\\/www.gjh.de\\\/frog\\\/\"},{\"@type\":\"ListItem\",\"position\":2,\"name\":\"LMV November 2025: Gerechtigkeit statt Kettens\u00e4ge &#8211; F\u00fcr ein wirksames Lieferkettengesetz!\"}]},{\"@type\":\"WebSite\",\"@id\":\"https:\\\/\\\/www.gjh.de\\\/frog\\\/#website\",\"url\":\"https:\\\/\\\/www.gjh.de\\\/frog\\\/\",\"name\":\"GR\u00dcNE JUGEND Hessen\",\"description\":\"\",\"potentialAction\":[{\"@type\":\"SearchAction\",\"target\":{\"@type\":\"EntryPoint\",\"urlTemplate\":\"https:\\\/\\\/www.gjh.de\\\/frog\\\/?s={search_term_string}\"},\"query-input\":{\"@type\":\"PropertyValueSpecification\",\"valueRequired\":true,\"valueName\":\"search_term_string\"}}],\"inLanguage\":\"de\"},{\"@type\":\"Person\",\"@id\":\"https:\\\/\\\/www.gjh.de\\\/frog\\\/#\\\/schema\\\/person\\\/b95eae65e58bae367fc7c13e09065b60\",\"name\":\"LaVo\",\"image\":{\"@type\":\"ImageObject\",\"inLanguage\":\"de\",\"@id\":\"https:\\\/\\\/secure.gravatar.com\\\/avatar\\\/0ac087cce100b8947f129d9f312c65c6e1db3a197dbe3421543faae33994a070?s=96&d=mm&r=g\",\"url\":\"https:\\\/\\\/secure.gravatar.com\\\/avatar\\\/0ac087cce100b8947f129d9f312c65c6e1db3a197dbe3421543faae33994a070?s=96&d=mm&r=g\",\"contentUrl\":\"https:\\\/\\\/secure.gravatar.com\\\/avatar\\\/0ac087cce100b8947f129d9f312c65c6e1db3a197dbe3421543faae33994a070?s=96&d=mm&r=g\",\"caption\":\"LaVo\"},\"url\":\"https:\\\/\\\/www.gjh.de\\\/frog\\\/author\\\/lavo\\\/\"}]}<\/script>\n<!-- \/ Yoast SEO plugin. -->","yoast_head_json":{"title":"LMV November 2025: F\u00fcr ein wirksames Lieferkettengesetz!","description":"Wir fodern dass das EU Lieferkettengesetz nicht fallen gelassen wird, sondern zugunsten von Umwelt und Besch\u00e4ftigten weitergedacht wird.","robots":{"index":"index","follow":"follow","max-snippet":"max-snippet:-1","max-image-preview":"max-image-preview:large","max-video-preview":"max-video-preview:-1"},"canonical":"https:\/\/www.gjh.de\/frog\/lmv-november-2025-gerechtigkeit-statt-kettensaege-fuer-ein-wirksames-lieferkettengesetz\/","og_locale":"de_DE","og_type":"article","og_title":"LMV November 2025: F\u00fcr ein wirksames Lieferkettengesetz!","og_description":"Wir fodern dass das EU Lieferkettengesetz nicht fallen gelassen wird, sondern zugunsten von Umwelt und Besch\u00e4ftigten weitergedacht wird.","og_url":"https:\/\/www.gjh.de\/frog\/lmv-november-2025-gerechtigkeit-statt-kettensaege-fuer-ein-wirksames-lieferkettengesetz\/","og_site_name":"GR\u00dcNE JUGEND Hessen","article_published_time":"2025-11-02T15:05:00+00:00","article_modified_time":"2025-11-04T12:53:02+00:00","author":"LaVo","twitter_card":"summary_large_image","twitter_misc":{"Verfasst von":"LaVo","Gesch\u00e4tzte Lesezeit":"4\u00a0Minuten"},"schema":{"@context":"https:\/\/schema.org","@graph":[{"@type":"Article","@id":"https:\/\/www.gjh.de\/frog\/lmv-november-2025-gerechtigkeit-statt-kettensaege-fuer-ein-wirksames-lieferkettengesetz\/#article","isPartOf":{"@id":"https:\/\/www.gjh.de\/frog\/lmv-november-2025-gerechtigkeit-statt-kettensaege-fuer-ein-wirksames-lieferkettengesetz\/"},"author":{"name":"LaVo","@id":"https:\/\/www.gjh.de\/frog\/#\/schema\/person\/b95eae65e58bae367fc7c13e09065b60"},"headline":"LMV November 2025: Gerechtigkeit statt Kettens\u00e4ge &#8211; F\u00fcr ein wirksames Lieferkettengesetz!","datePublished":"2025-11-02T15:05:00+00:00","dateModified":"2025-11-04T12:53:02+00:00","mainEntityOfPage":{"@id":"https:\/\/www.gjh.de\/frog\/lmv-november-2025-gerechtigkeit-statt-kettensaege-fuer-ein-wirksames-lieferkettengesetz\/"},"wordCount":603,"articleSection":["Beschl\u00fcsse","B\u00fcrger*innen-Rechte und Demokratie","Umwelt und Energie"],"inLanguage":"de"},{"@type":"WebPage","@id":"https:\/\/www.gjh.de\/frog\/lmv-november-2025-gerechtigkeit-statt-kettensaege-fuer-ein-wirksames-lieferkettengesetz\/","url":"https:\/\/www.gjh.de\/frog\/lmv-november-2025-gerechtigkeit-statt-kettensaege-fuer-ein-wirksames-lieferkettengesetz\/","name":"LMV November 2025: F\u00fcr ein wirksames Lieferkettengesetz!","isPartOf":{"@id":"https:\/\/www.gjh.de\/frog\/#website"},"datePublished":"2025-11-02T15:05:00+00:00","dateModified":"2025-11-04T12:53:02+00:00","author":{"@id":"https:\/\/www.gjh.de\/frog\/#\/schema\/person\/b95eae65e58bae367fc7c13e09065b60"},"description":"Wir fodern dass das EU Lieferkettengesetz nicht fallen gelassen wird, sondern zugunsten von Umwelt und Besch\u00e4ftigten weitergedacht wird.","breadcrumb":{"@id":"https:\/\/www.gjh.de\/frog\/lmv-november-2025-gerechtigkeit-statt-kettensaege-fuer-ein-wirksames-lieferkettengesetz\/#breadcrumb"},"inLanguage":"de","potentialAction":[{"@type":"ReadAction","target":["https:\/\/www.gjh.de\/frog\/lmv-november-2025-gerechtigkeit-statt-kettensaege-fuer-ein-wirksames-lieferkettengesetz\/"]}]},{"@type":"BreadcrumbList","@id":"https:\/\/www.gjh.de\/frog\/lmv-november-2025-gerechtigkeit-statt-kettensaege-fuer-ein-wirksames-lieferkettengesetz\/#breadcrumb","itemListElement":[{"@type":"ListItem","position":1,"name":"Startseite","item":"https:\/\/www.gjh.de\/frog\/"},{"@type":"ListItem","position":2,"name":"LMV November 2025: Gerechtigkeit statt Kettens\u00e4ge &#8211; F\u00fcr ein wirksames Lieferkettengesetz!"}]},{"@type":"WebSite","@id":"https:\/\/www.gjh.de\/frog\/#website","url":"https:\/\/www.gjh.de\/frog\/","name":"GR\u00dcNE JUGEND Hessen","description":"","potentialAction":[{"@type":"SearchAction","target":{"@type":"EntryPoint","urlTemplate":"https:\/\/www.gjh.de\/frog\/?s={search_term_string}"},"query-input":{"@type":"PropertyValueSpecification","valueRequired":true,"valueName":"search_term_string"}}],"inLanguage":"de"},{"@type":"Person","@id":"https:\/\/www.gjh.de\/frog\/#\/schema\/person\/b95eae65e58bae367fc7c13e09065b60","name":"LaVo","image":{"@type":"ImageObject","inLanguage":"de","@id":"https:\/\/secure.gravatar.com\/avatar\/0ac087cce100b8947f129d9f312c65c6e1db3a197dbe3421543faae33994a070?s=96&d=mm&r=g","url":"https:\/\/secure.gravatar.com\/avatar\/0ac087cce100b8947f129d9f312c65c6e1db3a197dbe3421543faae33994a070?s=96&d=mm&r=g","contentUrl":"https:\/\/secure.gravatar.com\/avatar\/0ac087cce100b8947f129d9f312c65c6e1db3a197dbe3421543faae33994a070?s=96&d=mm&r=g","caption":"LaVo"},"url":"https:\/\/www.gjh.de\/frog\/author\/lavo\/"}]}},"_links":{"self":[{"href":"https:\/\/www.gjh.de\/frog\/wp-json\/wp\/v2\/posts\/12817","targetHints":{"allow":["GET"]}}],"collection":[{"href":"https:\/\/www.gjh.de\/frog\/wp-json\/wp\/v2\/posts"}],"about":[{"href":"https:\/\/www.gjh.de\/frog\/wp-json\/wp\/v2\/types\/post"}],"author":[{"embeddable":true,"href":"https:\/\/www.gjh.de\/frog\/wp-json\/wp\/v2\/users\/114"}],"replies":[{"embeddable":true,"href":"https:\/\/www.gjh.de\/frog\/wp-json\/wp\/v2\/comments?post=12817"}],"version-history":[{"count":1,"href":"https:\/\/www.gjh.de\/frog\/wp-json\/wp\/v2\/posts\/12817\/revisions"}],"predecessor-version":[{"id":12818,"href":"https:\/\/www.gjh.de\/frog\/wp-json\/wp\/v2\/posts\/12817\/revisions\/12818"}],"wp:attachment":[{"href":"https:\/\/www.gjh.de\/frog\/wp-json\/wp\/v2\/media?parent=12817"}],"wp:term":[{"taxonomy":"category","embeddable":true,"href":"https:\/\/www.gjh.de\/frog\/wp-json\/wp\/v2\/categories?post=12817"},{"taxonomy":"post_tag","embeddable":true,"href":"https:\/\/www.gjh.de\/frog\/wp-json\/wp\/v2\/tags?post=12817"}],"curies":[{"name":"wp","href":"https:\/\/api.w.org\/{rel}","templated":true}]}}