{"id":3851,"date":"2015-11-19T10:06:03","date_gmt":"2015-11-19T09:06:03","guid":{"rendered":"https:\/\/www.gjh.de\/2014\/?post_type=beschluss&#038;p=3851"},"modified":"2021-11-20T12:11:47","modified_gmt":"2021-11-20T11:11:47","slug":"lmv-oktober-2010-sarrazin-in-der-shisha-rauchen-gruene-jugend-hessen-distanziert-sich-von-plumper-hetze","status":"publish","type":"post","link":"https:\/\/www.gjh.de\/frog\/lmv-oktober-2010-sarrazin-in-der-shisha-rauchen-gruene-jugend-hessen-distanziert-sich-von-plumper-hetze\/","title":{"rendered":"LMV Oktober 2010: Sarrazin in der Shisha rauchen- Gr\u00fcne Jugend Hessen distanziert sich von plumper Hetze"},"content":{"rendered":"<p align=\"LEFT\">Die letzten Wochen waren von emotionalen Debatten gepr\u00e4gt. Rassistische \u00c4u\u00dferungen gegen\u00fcber Migrantinnen und Migranten, wie Streitgespr\u00e4che \u00fcber empirische Erhebungsformen und Zahlen dominierten die Medienlandschaft. Ausl\u00f6ser war ein verkalkter, verbitterter Bundesb\u00e4nkler, der in seinem Buch soziale und ethnische Kategorien zusammen w\u00fcrfelte. Heraus kam das Bild eines dummen, integrationsunwilligen Menschen, der auf Kosten des Staates lebt. Damit hat er der Diskussion um Integration einen B\u00e4rendienst erwiesen: Ganze Gruppen der Gesellschaft wurden pauschal diffamiert und die Bem\u00fchungen all derer, die sich seit Jahren sachlich mit dem Thema Integration auseinandersetzen, wurden durch rassistische Polemisierungen in den Schatten gestellt. Die Medien haben dazu ihren Teil beigetragen.<\/p>\n<p align=\"LEFT\">In Hessen haben wir in den vergangenen Wahlk\u00e4mpfen ebenfalls unsere Erfahrungen sammeln k\u00f6nnen. Roland Koch war daf\u00fcr bekannt auf dem R\u00fccken von MigrantiInnen, rechte W\u00e4hlerInnen f\u00fcr sich zu mobilisieren. Auch Hans-J\u00fcrgen Irmer, der bildungspolitische Sprecher der hessischen CDU Landtagsfraktion, hat mit diskriminierenden \u00c4u\u00dferungen Stimmung gemacht. Dies hat nicht etwa zu seinem R\u00fccktritt gef\u00fchrt. Im Gegenteil: Dieser Tage ist Irmer gar zum bildungspolitischen Sprecher aller CDU\/CSU Fraktionen gew\u00e4hlt worden. Das ist schlicht skandal\u00f6s!<\/p>\n<p align=\"LEFT\">Letztlich sind wir in der Gestaltung einer pluralen Gesellschaft keinen Schritt weiter gekommen. Ganz im Gegenteil. Das Ansehen der Bundesrepublik hat international gelitten. In vielen Nationen ist das Bekenntnis zur Einwanderungsgesellschaft verfassungsrechtlich gesch\u00fctzt. Umso mehr ist man dort ersch\u00fcttert \u00fcber die Debatte in Deutschland. Es ist jetzt an der Zeit einen grundlegenden Dialog zur Gestaltung einer pluralen Gemeinschaft ergebnisorientiert zu f\u00fchren. Mit diesem allgemeinen Konsens, nehmen wir den Hetzern dieser Republik den Wind aus den Segeln.<\/p>\n<p>&nbsp;<\/p>\n","protected":false},"excerpt":{"rendered":"<p>Die letzten Wochen waren von emotionalen Debatten gepr\u00e4gt. Rassistische \u00c4u\u00dferungen gegen\u00fcber Migrantinnen und Migranten, wie Streitgespr\u00e4che \u00fcber empirische Erhebungsformen und Zahlen dominierten die Medienlandschaft. Ausl\u00f6ser war ein verkalkter, verbitterter Bundesb\u00e4nkler, der in seinem Buch soziale und ethnische Kategorien zusammen w\u00fcrfelte. Heraus kam das Bild eines dummen, integrationsunwilligen Menschen, der auf Kosten des Staates lebt. Damit [&hellip;]<\/p>\n","protected":false},"author":1,"featured_media":0,"comment_status":"closed","ping_status":"closed","sticky":false,"template":"","format":"standard","meta":{"footnotes":""},"categories":[234,238],"tags":[],"class_list":["post-3851","post","type-post","status-publish","format-standard","hentry","category-beschluesse","category-bildung-schule-und-hochschule"],"yoast_head":"<!-- This site is optimized with the Yoast SEO plugin v27.5 - https:\/\/yoast.com\/product\/yoast-seo-wordpress\/ -->\n<title>LMV Oktober 2010: Sarrazin in der Shisha rauchen- Gr\u00fcne Jugend Hessen distanziert sich von plumper Hetze - GR\u00dcNE JUGEND Hessen<\/title>\n<meta name=\"robots\" content=\"index, follow, max-snippet:-1, max-image-preview:large, max-video-preview:-1\" \/>\n<link rel=\"canonical\" href=\"https:\/\/www.gjh.de\/frog\/lmv-oktober-2010-sarrazin-in-der-shisha-rauchen-gruene-jugend-hessen-distanziert-sich-von-plumper-hetze\/\" \/>\n<meta property=\"og:locale\" content=\"de_DE\" \/>\n<meta property=\"og:type\" content=\"article\" \/>\n<meta property=\"og:title\" content=\"LMV Oktober 2010: Sarrazin in der Shisha rauchen- Gr\u00fcne Jugend Hessen distanziert sich von plumper Hetze - GR\u00dcNE JUGEND Hessen\" \/>\n<meta property=\"og:description\" content=\"Die letzten Wochen waren von emotionalen Debatten gepr\u00e4gt. Rassistische \u00c4u\u00dferungen gegen\u00fcber Migrantinnen und Migranten, wie Streitgespr\u00e4che \u00fcber empirische Erhebungsformen und Zahlen dominierten die Medienlandschaft. Ausl\u00f6ser war ein verkalkter, verbitterter Bundesb\u00e4nkler, der in seinem Buch soziale und ethnische Kategorien zusammen w\u00fcrfelte. Heraus kam das Bild eines dummen, integrationsunwilligen Menschen, der auf Kosten des Staates lebt. Damit [&hellip;]\" \/>\n<meta property=\"og:url\" content=\"https:\/\/www.gjh.de\/frog\/lmv-oktober-2010-sarrazin-in-der-shisha-rauchen-gruene-jugend-hessen-distanziert-sich-von-plumper-hetze\/\" \/>\n<meta property=\"og:site_name\" content=\"GR\u00dcNE JUGEND Hessen\" \/>\n<meta property=\"article:published_time\" content=\"2015-11-19T09:06:03+00:00\" \/>\n<meta property=\"article:modified_time\" content=\"2021-11-20T11:11:47+00:00\" \/>\n<meta name=\"author\" content=\"Gr\u00fcne Jugend Hessen\" \/>\n<meta name=\"twitter:card\" content=\"summary_large_image\" \/>\n<meta name=\"twitter:label1\" content=\"Verfasst von\" \/>\n\t<meta name=\"twitter:data1\" content=\"Gr\u00fcne Jugend Hessen\" \/>\n\t<meta name=\"twitter:label2\" content=\"Gesch\u00e4tzte Lesezeit\" \/>\n\t<meta name=\"twitter:data2\" content=\"1\u00a0Minute\" \/>\n<script type=\"application\/ld+json\" class=\"yoast-schema-graph\">{\"@context\":\"https:\\\/\\\/schema.org\",\"@graph\":[{\"@type\":\"Article\",\"@id\":\"https:\\\/\\\/www.gjh.de\\\/frog\\\/lmv-oktober-2010-sarrazin-in-der-shisha-rauchen-gruene-jugend-hessen-distanziert-sich-von-plumper-hetze\\\/#article\",\"isPartOf\":{\"@id\":\"https:\\\/\\\/www.gjh.de\\\/frog\\\/lmv-oktober-2010-sarrazin-in-der-shisha-rauchen-gruene-jugend-hessen-distanziert-sich-von-plumper-hetze\\\/\"},\"author\":{\"name\":\"Gr\u00fcne Jugend Hessen\",\"@id\":\"https:\\\/\\\/www.gjh.de\\\/frog\\\/#\\\/schema\\\/person\\\/b8fa006520a86a3226e05402520d4f13\"},\"headline\":\"LMV Oktober 2010: Sarrazin in der Shisha rauchen- Gr\u00fcne Jugend Hessen distanziert sich von plumper Hetze\",\"datePublished\":\"2015-11-19T09:06:03+00:00\",\"dateModified\":\"2021-11-20T11:11:47+00:00\",\"mainEntityOfPage\":{\"@id\":\"https:\\\/\\\/www.gjh.de\\\/frog\\\/lmv-oktober-2010-sarrazin-in-der-shisha-rauchen-gruene-jugend-hessen-distanziert-sich-von-plumper-hetze\\\/\"},\"wordCount\":291,\"articleSection\":[\"Beschl\u00fcsse\",\"Bildung, Schule und Hochschule\"],\"inLanguage\":\"de\"},{\"@type\":\"WebPage\",\"@id\":\"https:\\\/\\\/www.gjh.de\\\/frog\\\/lmv-oktober-2010-sarrazin-in-der-shisha-rauchen-gruene-jugend-hessen-distanziert-sich-von-plumper-hetze\\\/\",\"url\":\"https:\\\/\\\/www.gjh.de\\\/frog\\\/lmv-oktober-2010-sarrazin-in-der-shisha-rauchen-gruene-jugend-hessen-distanziert-sich-von-plumper-hetze\\\/\",\"name\":\"LMV Oktober 2010: Sarrazin in der Shisha rauchen- Gr\u00fcne Jugend Hessen distanziert sich von plumper Hetze - GR\u00dcNE JUGEND Hessen\",\"isPartOf\":{\"@id\":\"https:\\\/\\\/www.gjh.de\\\/frog\\\/#website\"},\"datePublished\":\"2015-11-19T09:06:03+00:00\",\"dateModified\":\"2021-11-20T11:11:47+00:00\",\"author\":{\"@id\":\"https:\\\/\\\/www.gjh.de\\\/frog\\\/#\\\/schema\\\/person\\\/b8fa006520a86a3226e05402520d4f13\"},\"breadcrumb\":{\"@id\":\"https:\\\/\\\/www.gjh.de\\\/frog\\\/lmv-oktober-2010-sarrazin-in-der-shisha-rauchen-gruene-jugend-hessen-distanziert-sich-von-plumper-hetze\\\/#breadcrumb\"},\"inLanguage\":\"de\",\"potentialAction\":[{\"@type\":\"ReadAction\",\"target\":[\"https:\\\/\\\/www.gjh.de\\\/frog\\\/lmv-oktober-2010-sarrazin-in-der-shisha-rauchen-gruene-jugend-hessen-distanziert-sich-von-plumper-hetze\\\/\"]}]},{\"@type\":\"BreadcrumbList\",\"@id\":\"https:\\\/\\\/www.gjh.de\\\/frog\\\/lmv-oktober-2010-sarrazin-in-der-shisha-rauchen-gruene-jugend-hessen-distanziert-sich-von-plumper-hetze\\\/#breadcrumb\",\"itemListElement\":[{\"@type\":\"ListItem\",\"position\":1,\"name\":\"Startseite\",\"item\":\"https:\\\/\\\/www.gjh.de\\\/frog\\\/\"},{\"@type\":\"ListItem\",\"position\":2,\"name\":\"LMV Oktober 2010: Sarrazin in der Shisha rauchen- Gr\u00fcne Jugend Hessen distanziert sich von plumper Hetze\"}]},{\"@type\":\"WebSite\",\"@id\":\"https:\\\/\\\/www.gjh.de\\\/frog\\\/#website\",\"url\":\"https:\\\/\\\/www.gjh.de\\\/frog\\\/\",\"name\":\"GR\u00dcNE JUGEND Hessen\",\"description\":\"\",\"potentialAction\":[{\"@type\":\"SearchAction\",\"target\":{\"@type\":\"EntryPoint\",\"urlTemplate\":\"https:\\\/\\\/www.gjh.de\\\/frog\\\/?s={search_term_string}\"},\"query-input\":{\"@type\":\"PropertyValueSpecification\",\"valueRequired\":true,\"valueName\":\"search_term_string\"}}],\"inLanguage\":\"de\"},{\"@type\":\"Person\",\"@id\":\"https:\\\/\\\/www.gjh.de\\\/frog\\\/#\\\/schema\\\/person\\\/b8fa006520a86a3226e05402520d4f13\",\"name\":\"Gr\u00fcne Jugend Hessen\",\"image\":{\"@type\":\"ImageObject\",\"inLanguage\":\"de\",\"@id\":\"https:\\\/\\\/secure.gravatar.com\\\/avatar\\\/e938d46263c3d10a08350877687bfc15fd4ba70a3de2fa88ac7b3d8603f2ed56?s=96&d=mm&r=g\",\"url\":\"https:\\\/\\\/secure.gravatar.com\\\/avatar\\\/e938d46263c3d10a08350877687bfc15fd4ba70a3de2fa88ac7b3d8603f2ed56?s=96&d=mm&r=g\",\"contentUrl\":\"https:\\\/\\\/secure.gravatar.com\\\/avatar\\\/e938d46263c3d10a08350877687bfc15fd4ba70a3de2fa88ac7b3d8603f2ed56?s=96&d=mm&r=g\",\"caption\":\"Gr\u00fcne Jugend Hessen\"},\"sameAs\":[\"https:\\\/\\\/www.gjh.de\"],\"url\":\"https:\\\/\\\/www.gjh.de\\\/frog\\\/author\\\/admin\\\/\"}]}<\/script>\n<!-- \/ Yoast SEO plugin. -->","yoast_head_json":{"title":"LMV Oktober 2010: Sarrazin in der Shisha rauchen- Gr\u00fcne Jugend Hessen distanziert sich von plumper Hetze - GR\u00dcNE JUGEND Hessen","robots":{"index":"index","follow":"follow","max-snippet":"max-snippet:-1","max-image-preview":"max-image-preview:large","max-video-preview":"max-video-preview:-1"},"canonical":"https:\/\/www.gjh.de\/frog\/lmv-oktober-2010-sarrazin-in-der-shisha-rauchen-gruene-jugend-hessen-distanziert-sich-von-plumper-hetze\/","og_locale":"de_DE","og_type":"article","og_title":"LMV Oktober 2010: Sarrazin in der Shisha rauchen- Gr\u00fcne Jugend Hessen distanziert sich von plumper Hetze - GR\u00dcNE JUGEND Hessen","og_description":"Die letzten Wochen waren von emotionalen Debatten gepr\u00e4gt. Rassistische \u00c4u\u00dferungen gegen\u00fcber Migrantinnen und Migranten, wie Streitgespr\u00e4che \u00fcber empirische Erhebungsformen und Zahlen dominierten die Medienlandschaft. Ausl\u00f6ser war ein verkalkter, verbitterter Bundesb\u00e4nkler, der in seinem Buch soziale und ethnische Kategorien zusammen w\u00fcrfelte. Heraus kam das Bild eines dummen, integrationsunwilligen Menschen, der auf Kosten des Staates lebt. Damit [&hellip;]","og_url":"https:\/\/www.gjh.de\/frog\/lmv-oktober-2010-sarrazin-in-der-shisha-rauchen-gruene-jugend-hessen-distanziert-sich-von-plumper-hetze\/","og_site_name":"GR\u00dcNE JUGEND Hessen","article_published_time":"2015-11-19T09:06:03+00:00","article_modified_time":"2021-11-20T11:11:47+00:00","author":"Gr\u00fcne Jugend Hessen","twitter_card":"summary_large_image","twitter_misc":{"Verfasst von":"Gr\u00fcne Jugend Hessen","Gesch\u00e4tzte Lesezeit":"1\u00a0Minute"},"schema":{"@context":"https:\/\/schema.org","@graph":[{"@type":"Article","@id":"https:\/\/www.gjh.de\/frog\/lmv-oktober-2010-sarrazin-in-der-shisha-rauchen-gruene-jugend-hessen-distanziert-sich-von-plumper-hetze\/#article","isPartOf":{"@id":"https:\/\/www.gjh.de\/frog\/lmv-oktober-2010-sarrazin-in-der-shisha-rauchen-gruene-jugend-hessen-distanziert-sich-von-plumper-hetze\/"},"author":{"name":"Gr\u00fcne Jugend Hessen","@id":"https:\/\/www.gjh.de\/frog\/#\/schema\/person\/b8fa006520a86a3226e05402520d4f13"},"headline":"LMV Oktober 2010: Sarrazin in der Shisha rauchen- Gr\u00fcne Jugend Hessen distanziert sich von plumper Hetze","datePublished":"2015-11-19T09:06:03+00:00","dateModified":"2021-11-20T11:11:47+00:00","mainEntityOfPage":{"@id":"https:\/\/www.gjh.de\/frog\/lmv-oktober-2010-sarrazin-in-der-shisha-rauchen-gruene-jugend-hessen-distanziert-sich-von-plumper-hetze\/"},"wordCount":291,"articleSection":["Beschl\u00fcsse","Bildung, Schule und Hochschule"],"inLanguage":"de"},{"@type":"WebPage","@id":"https:\/\/www.gjh.de\/frog\/lmv-oktober-2010-sarrazin-in-der-shisha-rauchen-gruene-jugend-hessen-distanziert-sich-von-plumper-hetze\/","url":"https:\/\/www.gjh.de\/frog\/lmv-oktober-2010-sarrazin-in-der-shisha-rauchen-gruene-jugend-hessen-distanziert-sich-von-plumper-hetze\/","name":"LMV Oktober 2010: Sarrazin in der Shisha rauchen- Gr\u00fcne Jugend Hessen distanziert sich von plumper Hetze - GR\u00dcNE JUGEND Hessen","isPartOf":{"@id":"https:\/\/www.gjh.de\/frog\/#website"},"datePublished":"2015-11-19T09:06:03+00:00","dateModified":"2021-11-20T11:11:47+00:00","author":{"@id":"https:\/\/www.gjh.de\/frog\/#\/schema\/person\/b8fa006520a86a3226e05402520d4f13"},"breadcrumb":{"@id":"https:\/\/www.gjh.de\/frog\/lmv-oktober-2010-sarrazin-in-der-shisha-rauchen-gruene-jugend-hessen-distanziert-sich-von-plumper-hetze\/#breadcrumb"},"inLanguage":"de","potentialAction":[{"@type":"ReadAction","target":["https:\/\/www.gjh.de\/frog\/lmv-oktober-2010-sarrazin-in-der-shisha-rauchen-gruene-jugend-hessen-distanziert-sich-von-plumper-hetze\/"]}]},{"@type":"BreadcrumbList","@id":"https:\/\/www.gjh.de\/frog\/lmv-oktober-2010-sarrazin-in-der-shisha-rauchen-gruene-jugend-hessen-distanziert-sich-von-plumper-hetze\/#breadcrumb","itemListElement":[{"@type":"ListItem","position":1,"name":"Startseite","item":"https:\/\/www.gjh.de\/frog\/"},{"@type":"ListItem","position":2,"name":"LMV Oktober 2010: Sarrazin in der Shisha rauchen- Gr\u00fcne Jugend Hessen distanziert sich von plumper Hetze"}]},{"@type":"WebSite","@id":"https:\/\/www.gjh.de\/frog\/#website","url":"https:\/\/www.gjh.de\/frog\/","name":"GR\u00dcNE JUGEND Hessen","description":"","potentialAction":[{"@type":"SearchAction","target":{"@type":"EntryPoint","urlTemplate":"https:\/\/www.gjh.de\/frog\/?s={search_term_string}"},"query-input":{"@type":"PropertyValueSpecification","valueRequired":true,"valueName":"search_term_string"}}],"inLanguage":"de"},{"@type":"Person","@id":"https:\/\/www.gjh.de\/frog\/#\/schema\/person\/b8fa006520a86a3226e05402520d4f13","name":"Gr\u00fcne Jugend Hessen","image":{"@type":"ImageObject","inLanguage":"de","@id":"https:\/\/secure.gravatar.com\/avatar\/e938d46263c3d10a08350877687bfc15fd4ba70a3de2fa88ac7b3d8603f2ed56?s=96&d=mm&r=g","url":"https:\/\/secure.gravatar.com\/avatar\/e938d46263c3d10a08350877687bfc15fd4ba70a3de2fa88ac7b3d8603f2ed56?s=96&d=mm&r=g","contentUrl":"https:\/\/secure.gravatar.com\/avatar\/e938d46263c3d10a08350877687bfc15fd4ba70a3de2fa88ac7b3d8603f2ed56?s=96&d=mm&r=g","caption":"Gr\u00fcne Jugend Hessen"},"sameAs":["https:\/\/www.gjh.de"],"url":"https:\/\/www.gjh.de\/frog\/author\/admin\/"}]}},"_links":{"self":[{"href":"https:\/\/www.gjh.de\/frog\/wp-json\/wp\/v2\/posts\/3851","targetHints":{"allow":["GET"]}}],"collection":[{"href":"https:\/\/www.gjh.de\/frog\/wp-json\/wp\/v2\/posts"}],"about":[{"href":"https:\/\/www.gjh.de\/frog\/wp-json\/wp\/v2\/types\/post"}],"author":[{"embeddable":true,"href":"https:\/\/www.gjh.de\/frog\/wp-json\/wp\/v2\/users\/1"}],"replies":[{"embeddable":true,"href":"https:\/\/www.gjh.de\/frog\/wp-json\/wp\/v2\/comments?post=3851"}],"version-history":[{"count":1,"href":"https:\/\/www.gjh.de\/frog\/wp-json\/wp\/v2\/posts\/3851\/revisions"}],"predecessor-version":[{"id":3852,"href":"https:\/\/www.gjh.de\/frog\/wp-json\/wp\/v2\/posts\/3851\/revisions\/3852"}],"wp:attachment":[{"href":"https:\/\/www.gjh.de\/frog\/wp-json\/wp\/v2\/media?parent=3851"}],"wp:term":[{"taxonomy":"category","embeddable":true,"href":"https:\/\/www.gjh.de\/frog\/wp-json\/wp\/v2\/categories?post=3851"},{"taxonomy":"post_tag","embeddable":true,"href":"https:\/\/www.gjh.de\/frog\/wp-json\/wp\/v2\/tags?post=3851"}],"curies":[{"name":"wp","href":"https:\/\/api.w.org\/{rel}","templated":true}]}}