{"id":3908,"date":"2015-11-19T10:36:23","date_gmt":"2015-11-19T09:36:23","guid":{"rendered":"https:\/\/www.gjh.de\/2014\/?post_type=beschluss&#038;p=3908"},"modified":"2021-11-20T12:45:00","modified_gmt":"2021-11-20T11:45:00","slug":"lmv-dezember-2011-mobilitaet-neu-denken","status":"publish","type":"post","link":"https:\/\/www.gjh.de\/frog\/lmv-dezember-2011-mobilitaet-neu-denken\/","title":{"rendered":"LMV Dezember 2011: Mobilit\u00e4t neu denken"},"content":{"rendered":"<p>Die Gr\u00fcne Jugend Hessen setzt sich f\u00fcr eine nachhaltige und zukunftsorientierte Mobilit\u00e4tspolitik ein. Unser jetziges Mobilit\u00e4tsverhalten, welches \u00fcberwiegend auf dem Individualverkehr basiert, f\u00fchrt dazu, dass knapp ein Viertel der Emissionen dem Verkehr zuzuschreiben sind. Immer mehr effizientere Autos k\u00f6nnen das Problem nicht l\u00f6sen, vielmehr mildern sie kurzfristig die schlimmsten Auswirkungen des motorisierten Individualverkehrs auf einem zu vernachl\u00e4ssigenden Niveau ab. Was wir brauchen, ist ein intelligentes Mobilit\u00e4tsangebot, welches das urspr\u00fcngliche Bed\u00fcrfnis befriedigt, m\u00f6glichst bequem und schnell von einem Punkt an den anderen zu kommen. Dabei d\u00fcrfen \u00f6kologische und soziale Aspekte nicht zu kurz kommen. Die GJH hat das Ziel mit gr\u00fcner Verkehrspolitik den Anteil motorisierten Individualverkehrs am Gesamtverkehrsaufkommen m\u00f6glichst zu verringern. Durch politische sprich steuerliche, regulierende sowie lenkende Ma\u00dfnahmen im Bereich der Verkehrs- und Raumentwicklung darf Individualverkehr nicht l\u00e4nger gef\u00f6rdert werden.<\/p>\n<p>1. Die Mobilit\u00e4tsinfrastruktur in Hessen ist sehr unterschiedlich: Einem sehr gut ausgebauten Nahverkehrsnetz im Rhein-Main Gebiet steht ein eher schwacher \u00d6PNV in Mittel, Nord- und Osthessen gegen\u00fcber. Ein neues Mobilit\u00e4tskonzept muss diese Unterschiede durchaus ber\u00fccksichtigen.<\/p>\n<p>2. In der Stadt muss der \u00d6PNV weiterhin bedarfsgerecht ausgebaut werden. Die Angebote f\u00fcr \u00e4ltere Menschen sind zu vertiefen und auch Kindern muss die gefahr- und problemlose Nutzung von S-Bahnen, U-Bahnen und Bussen m\u00f6glich sein. Besonders Jugendliche sind auf den \u00d6PNV auch nachts angewiesen, wof\u00fcr bedarfsgerechte Angebote zu schaffen sind.<\/p>\n<p>3. L\u00e4ndlicher Raum: Auch im l\u00e4ndlichen Raum steht ein weiterer Ausbau des \u00d6PNV an vorderster Stelle. Im l\u00e4ndlichen Raum werden Menschen, die Angebotsverbesserungen im \u00d6PNV erk\u00e4mpfen m\u00f6chten, sehr h\u00e4ufig mit dem Totschlagargument \u201eDas rechnet sich doch eh nicht!\u201c ausgebremst. Wir haben die Position, dass Mobilit\u00e4t ein Grundrecht ist und es jedem Menschen, egal ob sie oder er auf dem Land oder in der Stadt lebt, erm\u00f6glicht werden soll ohne Auto mobil zu sein. Durch intelligente Verzahnungen von \u00f6ffentlichen und privaten Mobilit\u00e4tskonzepten (u.a. B\u00fcrger_innenbus-Angebote,&#8230;), bedarfsgerechte Angebote (z.B. Anruf-Sammeltaxi-Syteme,&#8230;) und Anschlusssicherungen (Wechsel von der Bahn in den Bus) m\u00f6chten wir eine gute Versorgung der l\u00e4ndlichen R\u00e4ume erreichen. Flexibilit\u00e4t ist f\u00fcr viele Verkehrsverb\u00fcnde noch ein Fremdwort, das muss sich \u00e4ndern. Einen weitaus gr\u00f6\u00dferen Baustein nimmt der Individualverkehr in l\u00e4ndlichen Regionen ein. Daraus folgend muss es mehr Park+Ride Parkpl\u00e4tze geben und durch Elektro-Tankstellen an Bahnh\u00f6fen die Elektromobilit\u00e4t gef\u00f6rdert werden.<\/p>\n<p>Individualverkehr soll in St\u00e4dten durch ein gutes \u00d6PNV-Angebot so gut wie unn\u00f6tig gemacht werden. Wir wollen durch eine PKW- Maut im Stadtzentrum, Umweltzonen, beschr\u00e4nkte Parkplatzangebote, Park+Ride-Angebote die Nutzung des \u00d6PNV wesentlich attraktiver machen als die Nutzung des eigenen PKW in der Stadt. Durch besondere Parkplatz- und Fahrbahnangebote f\u00fcr Car-Sharing oder Elektrofahrzeuge sowie f\u00fcr Fahrradfahrer soll die Attraktivit\u00e4t dieser Fortbewegungsarten ebenfalls gesteigert werden.<br \/>\nDoch auch der \u00d6PNV muss optimiert werden. Es ist nicht hinnehmbar, dass ein Gro\u00dfteil der Busse noch immer mit Diesel betrieben wird, teilweise gar noch ohne Ru\u00dfpartikelfilter. Hier muss eine konsequente Umr\u00fcstung auf Fahrzeuge stattfinden, welche mit erneuerbaren Energien betrieben werden.<br \/>\nUns ist klar, dass es ganz ohne Autos oder LKW in der Stadt nicht geht. Allein der Transport von Waren ben\u00f6tigt Verkehrsinfrastruktur. Jedoch m\u00f6chten wir durch eine<br \/>\n\u00c4nderung der Rahmenbedingungen auch diejenigen dazu bringen, den \u00d6PNV zu nutzen, die bisher aus Bequemlichkeit lieber auf ihren eigenen PKW zur\u00fcckgreifen.<br \/>\nIn der Stadt ist Elektromobilit\u00e4t deshalb ein wichtiger Baustein einer nachhaltigen Verkehrspolitik: Klar ist, dass Elektromobilit\u00e4t nur mit erneuerbaren Energien betrieben werden darf und nicht dazu f\u00fchren darf, dass weitere Kohlekraftwerke gebaut werden. Durch Sonderrechte (Steuern, Stadtentwicklung) f\u00fcr E-Mobile und weitere Fahrzeuge mit Elektroantrieb kann dazu beigetragen werden.<br \/>\nDurch eine nachfrageorientierte Mobilit\u00e4tspolitik, die gleicherma\u00dfen soziale und \u00f6kologische Kriterien ber\u00fccksichtigt, soll dazu beigetragen werden, dass in Zukunft die Mobilit\u00e4tsbed\u00fcrfnisse in der Stadt zum Gro\u00dfteil durch den \u00d6PNV befriedigt werden und der Individualverkehr, der \u00fcbrig bleibt, nicht mehr auf umweltbelastenden Motoren basiert.<\/p>\n","protected":false},"excerpt":{"rendered":"<p>Die Gr\u00fcne Jugend Hessen setzt sich f\u00fcr eine nachhaltige und zukunftsorientierte Mobilit\u00e4tspolitik ein. Unser jetziges Mobilit\u00e4tsverhalten, welches \u00fcberwiegend auf dem Individualverkehr basiert, f\u00fchrt dazu, dass knapp ein Viertel der Emissionen dem Verkehr zuzuschreiben sind. Immer mehr effizientere Autos k\u00f6nnen das Problem nicht l\u00f6sen, vielmehr mildern sie kurzfristig die schlimmsten Auswirkungen des motorisierten Individualverkehrs auf einem [&hellip;]<\/p>\n","protected":false},"author":1,"featured_media":0,"comment_status":"closed","ping_status":"closed","sticky":false,"template":"","format":"standard","meta":{"footnotes":""},"categories":[234,235],"tags":[],"class_list":["post-3908","post","type-post","status-publish","format-standard","hentry","category-beschluesse","category-umwelt-energie"],"yoast_head":"<!-- This site is optimized with the Yoast SEO plugin v27.5 - https:\/\/yoast.com\/product\/yoast-seo-wordpress\/ -->\n<title>LMV Dezember 2011: Mobilit\u00e4t neu denken - GR\u00dcNE JUGEND Hessen<\/title>\n<meta name=\"robots\" content=\"index, follow, max-snippet:-1, max-image-preview:large, max-video-preview:-1\" \/>\n<link rel=\"canonical\" href=\"https:\/\/www.gjh.de\/frog\/lmv-dezember-2011-mobilitaet-neu-denken\/\" \/>\n<meta property=\"og:locale\" content=\"de_DE\" \/>\n<meta property=\"og:type\" content=\"article\" \/>\n<meta property=\"og:title\" content=\"LMV Dezember 2011: Mobilit\u00e4t neu denken - GR\u00dcNE JUGEND Hessen\" \/>\n<meta property=\"og:description\" content=\"Die Gr\u00fcne Jugend Hessen setzt sich f\u00fcr eine nachhaltige und zukunftsorientierte Mobilit\u00e4tspolitik ein. Unser jetziges Mobilit\u00e4tsverhalten, welches \u00fcberwiegend auf dem Individualverkehr basiert, f\u00fchrt dazu, dass knapp ein Viertel der Emissionen dem Verkehr zuzuschreiben sind. Immer mehr effizientere Autos k\u00f6nnen das Problem nicht l\u00f6sen, vielmehr mildern sie kurzfristig die schlimmsten Auswirkungen des motorisierten Individualverkehrs auf einem [&hellip;]\" \/>\n<meta property=\"og:url\" content=\"https:\/\/www.gjh.de\/frog\/lmv-dezember-2011-mobilitaet-neu-denken\/\" \/>\n<meta property=\"og:site_name\" content=\"GR\u00dcNE JUGEND Hessen\" \/>\n<meta property=\"article:published_time\" content=\"2015-11-19T09:36:23+00:00\" \/>\n<meta property=\"article:modified_time\" content=\"2021-11-20T11:45:00+00:00\" \/>\n<meta name=\"author\" content=\"Gr\u00fcne Jugend Hessen\" \/>\n<meta name=\"twitter:card\" content=\"summary_large_image\" \/>\n<meta name=\"twitter:label1\" content=\"Verfasst von\" \/>\n\t<meta name=\"twitter:data1\" content=\"Gr\u00fcne Jugend Hessen\" \/>\n\t<meta name=\"twitter:label2\" content=\"Gesch\u00e4tzte Lesezeit\" \/>\n\t<meta name=\"twitter:data2\" content=\"3\u00a0Minuten\" \/>\n<script type=\"application\/ld+json\" class=\"yoast-schema-graph\">{\"@context\":\"https:\\\/\\\/schema.org\",\"@graph\":[{\"@type\":\"Article\",\"@id\":\"https:\\\/\\\/www.gjh.de\\\/frog\\\/lmv-dezember-2011-mobilitaet-neu-denken\\\/#article\",\"isPartOf\":{\"@id\":\"https:\\\/\\\/www.gjh.de\\\/frog\\\/lmv-dezember-2011-mobilitaet-neu-denken\\\/\"},\"author\":{\"name\":\"Gr\u00fcne Jugend Hessen\",\"@id\":\"https:\\\/\\\/www.gjh.de\\\/frog\\\/#\\\/schema\\\/person\\\/b8fa006520a86a3226e05402520d4f13\"},\"headline\":\"LMV Dezember 2011: Mobilit\u00e4t neu denken\",\"datePublished\":\"2015-11-19T09:36:23+00:00\",\"dateModified\":\"2021-11-20T11:45:00+00:00\",\"mainEntityOfPage\":{\"@id\":\"https:\\\/\\\/www.gjh.de\\\/frog\\\/lmv-dezember-2011-mobilitaet-neu-denken\\\/\"},\"wordCount\":678,\"articleSection\":[\"Beschl\u00fcsse\",\"Umwelt und Energie\"],\"inLanguage\":\"de\"},{\"@type\":\"WebPage\",\"@id\":\"https:\\\/\\\/www.gjh.de\\\/frog\\\/lmv-dezember-2011-mobilitaet-neu-denken\\\/\",\"url\":\"https:\\\/\\\/www.gjh.de\\\/frog\\\/lmv-dezember-2011-mobilitaet-neu-denken\\\/\",\"name\":\"LMV Dezember 2011: Mobilit\u00e4t neu denken - GR\u00dcNE JUGEND Hessen\",\"isPartOf\":{\"@id\":\"https:\\\/\\\/www.gjh.de\\\/frog\\\/#website\"},\"datePublished\":\"2015-11-19T09:36:23+00:00\",\"dateModified\":\"2021-11-20T11:45:00+00:00\",\"author\":{\"@id\":\"https:\\\/\\\/www.gjh.de\\\/frog\\\/#\\\/schema\\\/person\\\/b8fa006520a86a3226e05402520d4f13\"},\"breadcrumb\":{\"@id\":\"https:\\\/\\\/www.gjh.de\\\/frog\\\/lmv-dezember-2011-mobilitaet-neu-denken\\\/#breadcrumb\"},\"inLanguage\":\"de\",\"potentialAction\":[{\"@type\":\"ReadAction\",\"target\":[\"https:\\\/\\\/www.gjh.de\\\/frog\\\/lmv-dezember-2011-mobilitaet-neu-denken\\\/\"]}]},{\"@type\":\"BreadcrumbList\",\"@id\":\"https:\\\/\\\/www.gjh.de\\\/frog\\\/lmv-dezember-2011-mobilitaet-neu-denken\\\/#breadcrumb\",\"itemListElement\":[{\"@type\":\"ListItem\",\"position\":1,\"name\":\"Startseite\",\"item\":\"https:\\\/\\\/www.gjh.de\\\/frog\\\/\"},{\"@type\":\"ListItem\",\"position\":2,\"name\":\"LMV Dezember 2011: Mobilit\u00e4t neu denken\"}]},{\"@type\":\"WebSite\",\"@id\":\"https:\\\/\\\/www.gjh.de\\\/frog\\\/#website\",\"url\":\"https:\\\/\\\/www.gjh.de\\\/frog\\\/\",\"name\":\"GR\u00dcNE JUGEND Hessen\",\"description\":\"\",\"potentialAction\":[{\"@type\":\"SearchAction\",\"target\":{\"@type\":\"EntryPoint\",\"urlTemplate\":\"https:\\\/\\\/www.gjh.de\\\/frog\\\/?s={search_term_string}\"},\"query-input\":{\"@type\":\"PropertyValueSpecification\",\"valueRequired\":true,\"valueName\":\"search_term_string\"}}],\"inLanguage\":\"de\"},{\"@type\":\"Person\",\"@id\":\"https:\\\/\\\/www.gjh.de\\\/frog\\\/#\\\/schema\\\/person\\\/b8fa006520a86a3226e05402520d4f13\",\"name\":\"Gr\u00fcne Jugend Hessen\",\"image\":{\"@type\":\"ImageObject\",\"inLanguage\":\"de\",\"@id\":\"https:\\\/\\\/secure.gravatar.com\\\/avatar\\\/e938d46263c3d10a08350877687bfc15fd4ba70a3de2fa88ac7b3d8603f2ed56?s=96&d=mm&r=g\",\"url\":\"https:\\\/\\\/secure.gravatar.com\\\/avatar\\\/e938d46263c3d10a08350877687bfc15fd4ba70a3de2fa88ac7b3d8603f2ed56?s=96&d=mm&r=g\",\"contentUrl\":\"https:\\\/\\\/secure.gravatar.com\\\/avatar\\\/e938d46263c3d10a08350877687bfc15fd4ba70a3de2fa88ac7b3d8603f2ed56?s=96&d=mm&r=g\",\"caption\":\"Gr\u00fcne Jugend Hessen\"},\"sameAs\":[\"https:\\\/\\\/www.gjh.de\"],\"url\":\"https:\\\/\\\/www.gjh.de\\\/frog\\\/author\\\/admin\\\/\"}]}<\/script>\n<!-- \/ Yoast SEO plugin. -->","yoast_head_json":{"title":"LMV Dezember 2011: Mobilit\u00e4t neu denken - GR\u00dcNE JUGEND Hessen","robots":{"index":"index","follow":"follow","max-snippet":"max-snippet:-1","max-image-preview":"max-image-preview:large","max-video-preview":"max-video-preview:-1"},"canonical":"https:\/\/www.gjh.de\/frog\/lmv-dezember-2011-mobilitaet-neu-denken\/","og_locale":"de_DE","og_type":"article","og_title":"LMV Dezember 2011: Mobilit\u00e4t neu denken - GR\u00dcNE JUGEND Hessen","og_description":"Die Gr\u00fcne Jugend Hessen setzt sich f\u00fcr eine nachhaltige und zukunftsorientierte Mobilit\u00e4tspolitik ein. Unser jetziges Mobilit\u00e4tsverhalten, welches \u00fcberwiegend auf dem Individualverkehr basiert, f\u00fchrt dazu, dass knapp ein Viertel der Emissionen dem Verkehr zuzuschreiben sind. Immer mehr effizientere Autos k\u00f6nnen das Problem nicht l\u00f6sen, vielmehr mildern sie kurzfristig die schlimmsten Auswirkungen des motorisierten Individualverkehrs auf einem [&hellip;]","og_url":"https:\/\/www.gjh.de\/frog\/lmv-dezember-2011-mobilitaet-neu-denken\/","og_site_name":"GR\u00dcNE JUGEND Hessen","article_published_time":"2015-11-19T09:36:23+00:00","article_modified_time":"2021-11-20T11:45:00+00:00","author":"Gr\u00fcne Jugend Hessen","twitter_card":"summary_large_image","twitter_misc":{"Verfasst von":"Gr\u00fcne Jugend Hessen","Gesch\u00e4tzte Lesezeit":"3\u00a0Minuten"},"schema":{"@context":"https:\/\/schema.org","@graph":[{"@type":"Article","@id":"https:\/\/www.gjh.de\/frog\/lmv-dezember-2011-mobilitaet-neu-denken\/#article","isPartOf":{"@id":"https:\/\/www.gjh.de\/frog\/lmv-dezember-2011-mobilitaet-neu-denken\/"},"author":{"name":"Gr\u00fcne Jugend Hessen","@id":"https:\/\/www.gjh.de\/frog\/#\/schema\/person\/b8fa006520a86a3226e05402520d4f13"},"headline":"LMV Dezember 2011: Mobilit\u00e4t neu denken","datePublished":"2015-11-19T09:36:23+00:00","dateModified":"2021-11-20T11:45:00+00:00","mainEntityOfPage":{"@id":"https:\/\/www.gjh.de\/frog\/lmv-dezember-2011-mobilitaet-neu-denken\/"},"wordCount":678,"articleSection":["Beschl\u00fcsse","Umwelt und Energie"],"inLanguage":"de"},{"@type":"WebPage","@id":"https:\/\/www.gjh.de\/frog\/lmv-dezember-2011-mobilitaet-neu-denken\/","url":"https:\/\/www.gjh.de\/frog\/lmv-dezember-2011-mobilitaet-neu-denken\/","name":"LMV Dezember 2011: Mobilit\u00e4t neu denken - GR\u00dcNE JUGEND Hessen","isPartOf":{"@id":"https:\/\/www.gjh.de\/frog\/#website"},"datePublished":"2015-11-19T09:36:23+00:00","dateModified":"2021-11-20T11:45:00+00:00","author":{"@id":"https:\/\/www.gjh.de\/frog\/#\/schema\/person\/b8fa006520a86a3226e05402520d4f13"},"breadcrumb":{"@id":"https:\/\/www.gjh.de\/frog\/lmv-dezember-2011-mobilitaet-neu-denken\/#breadcrumb"},"inLanguage":"de","potentialAction":[{"@type":"ReadAction","target":["https:\/\/www.gjh.de\/frog\/lmv-dezember-2011-mobilitaet-neu-denken\/"]}]},{"@type":"BreadcrumbList","@id":"https:\/\/www.gjh.de\/frog\/lmv-dezember-2011-mobilitaet-neu-denken\/#breadcrumb","itemListElement":[{"@type":"ListItem","position":1,"name":"Startseite","item":"https:\/\/www.gjh.de\/frog\/"},{"@type":"ListItem","position":2,"name":"LMV Dezember 2011: Mobilit\u00e4t neu denken"}]},{"@type":"WebSite","@id":"https:\/\/www.gjh.de\/frog\/#website","url":"https:\/\/www.gjh.de\/frog\/","name":"GR\u00dcNE JUGEND Hessen","description":"","potentialAction":[{"@type":"SearchAction","target":{"@type":"EntryPoint","urlTemplate":"https:\/\/www.gjh.de\/frog\/?s={search_term_string}"},"query-input":{"@type":"PropertyValueSpecification","valueRequired":true,"valueName":"search_term_string"}}],"inLanguage":"de"},{"@type":"Person","@id":"https:\/\/www.gjh.de\/frog\/#\/schema\/person\/b8fa006520a86a3226e05402520d4f13","name":"Gr\u00fcne Jugend Hessen","image":{"@type":"ImageObject","inLanguage":"de","@id":"https:\/\/secure.gravatar.com\/avatar\/e938d46263c3d10a08350877687bfc15fd4ba70a3de2fa88ac7b3d8603f2ed56?s=96&d=mm&r=g","url":"https:\/\/secure.gravatar.com\/avatar\/e938d46263c3d10a08350877687bfc15fd4ba70a3de2fa88ac7b3d8603f2ed56?s=96&d=mm&r=g","contentUrl":"https:\/\/secure.gravatar.com\/avatar\/e938d46263c3d10a08350877687bfc15fd4ba70a3de2fa88ac7b3d8603f2ed56?s=96&d=mm&r=g","caption":"Gr\u00fcne Jugend Hessen"},"sameAs":["https:\/\/www.gjh.de"],"url":"https:\/\/www.gjh.de\/frog\/author\/admin\/"}]}},"_links":{"self":[{"href":"https:\/\/www.gjh.de\/frog\/wp-json\/wp\/v2\/posts\/3908","targetHints":{"allow":["GET"]}}],"collection":[{"href":"https:\/\/www.gjh.de\/frog\/wp-json\/wp\/v2\/posts"}],"about":[{"href":"https:\/\/www.gjh.de\/frog\/wp-json\/wp\/v2\/types\/post"}],"author":[{"embeddable":true,"href":"https:\/\/www.gjh.de\/frog\/wp-json\/wp\/v2\/users\/1"}],"replies":[{"embeddable":true,"href":"https:\/\/www.gjh.de\/frog\/wp-json\/wp\/v2\/comments?post=3908"}],"version-history":[{"count":1,"href":"https:\/\/www.gjh.de\/frog\/wp-json\/wp\/v2\/posts\/3908\/revisions"}],"predecessor-version":[{"id":3912,"href":"https:\/\/www.gjh.de\/frog\/wp-json\/wp\/v2\/posts\/3908\/revisions\/3912"}],"wp:attachment":[{"href":"https:\/\/www.gjh.de\/frog\/wp-json\/wp\/v2\/media?parent=3908"}],"wp:term":[{"taxonomy":"category","embeddable":true,"href":"https:\/\/www.gjh.de\/frog\/wp-json\/wp\/v2\/categories?post=3908"},{"taxonomy":"post_tag","embeddable":true,"href":"https:\/\/www.gjh.de\/frog\/wp-json\/wp\/v2\/tags?post=3908"}],"curies":[{"name":"wp","href":"https:\/\/api.w.org\/{rel}","templated":true}]}}