{"id":4012,"date":"2015-11-19T11:33:14","date_gmt":"2015-11-19T10:33:14","guid":{"rendered":"https:\/\/www.gjh.de\/2014\/?post_type=beschluss&#038;p=4012"},"modified":"2021-11-20T12:36:09","modified_gmt":"2021-11-20T11:36:09","slug":"lmv-april-2013-ein-hessisches-feiertagsgesetz-womit-jeder-leben-kann","status":"publish","type":"post","link":"https:\/\/www.gjh.de\/frog\/lmv-april-2013-ein-hessisches-feiertagsgesetz-womit-jeder-leben-kann\/","title":{"rendered":"LMV April 2013: Ein hessisches Feiertagsgesetz womit jede*r leben kann"},"content":{"rendered":"<p>Die Gr\u00fcne Jugend Hessen hat ma\u00dfgeblich zu den Protesten gegen das Tanzverbot und zur Diskussion \u00fcber die Reformierung des Hessischen Feiertagsgesetzes beigetragen. In diesem Jahr haben wir, gem\u00e4\u00df unserer Beschlusslage, die Osterfeiertage genutzt um mit der evangelischen Kirche in einen Dialog zu treten. F\u00fcr uns war und ist es immer wichtig gewesen einen Kompromiss zwischen den unterschiedlichen Interessen zu finden. Ein Grundsatz hierf\u00fcr war die Bereitschaft, das Hessische Feiertagsgesetz in seiner jetzigen Form zu reformieren. Aus den Diskussionen der vergangenen Jahre und speziell am diesj\u00e4hrigen Ostersonntag ergeben sich nun folgende Punkte, die man als Kompromiss verstehen kann:<br \/>\nDie Gr\u00fcne Jugend Hessen setzt sich f\u00fcr die Abschaffung des Tanzverbotes und des Verbots \u00f6ffentlicher sportlicher Veranstaltungen gewerblicher Art laut \u00a78 im Hessischen Feiertagsgesetz an Karfreitag, Volkstrauertag und Totensonntag ein. Die bestehende Rechtslage erachten wir als nicht mehr zeitgem\u00e4\u00df. Dar\u00fcber hinaus fordern wir eine Abschaffung des Tanzverbots an den restlichen gesetzlichen Sonn- und Feiertagen, da diese Vorschrift an der Realit\u00e4t vorbei geht.<br \/>\nWir sind uns der gesellschaftlichen und christlichen Bedeutung der drei stillen Feiertage (Karfreitag, Volkstrauertag und Totensonntag) bewusst. Daher ist uns klar, dass an diesen Tagen nicht nur, aber auch auf religi\u00f6se Gef\u00fchle R\u00fccksicht genommen werden muss. Die Gr\u00fcne Jugend Hessen setzt sich deshalb an diesen drei Tagen f\u00fcr eine Einschr\u00e4nkung von Veranstaltungen auf \u00f6ffentlichen Pl\u00e4tzen in der Zeit von 24.00 bis 0.00 Uhr ein. Von dieser Regelung w\u00e4ren beispielsweise Volksfeste auf \u00f6ffentlichen Pl\u00e4tzen betroffen, nicht jedoch Clubs.<br \/>\nDie Gr\u00fcne Jugend Hessen ist ebenfalls der Auffassung, dass die religi\u00f6se Aus\u00fcbung der beiden gro\u00dfen christlichen Kirchen nicht allein gesch\u00fctzt werden sollte. Wir leben in einer vielf\u00e4ltigen Gesellschaft, die von unterschiedlichen Glaubensrichtungen gepr\u00e4gt ist. Deshalb setzen wir uns auch daf\u00fcr ein, dass an besonderen Feiertagen anderer Religionen der \u00f6ffentliche Raum genutzt bzw. gesch\u00fctzt werden kann. Arbeitsrechtlich wollen wir allen Besch\u00e4ftigten die M\u00f6glichkeit geben an ihren Feiertagen der Arbeit fernzubleiben ohne daf\u00fcr einen zus\u00e4tzlichen Urlaubstag zu nehmen. Niemand sollte bei seiner Religionsaus\u00fcbung bevorzugt behandelt werden, weshalb wir mit einer solchen Regelung die Gleichberechtigung der Religionen f\u00f6rdern wollen. Die konkrete Umsetzung dieses Vorschlags soll auf unterschiedlichen Ebenen diskutiert werden.<\/p>\n","protected":false},"excerpt":{"rendered":"<p>Die Gr\u00fcne Jugend Hessen hat ma\u00dfgeblich zu den Protesten gegen das Tanzverbot und zur Diskussion \u00fcber die Reformierung des Hessischen Feiertagsgesetzes beigetragen. In diesem Jahr haben wir, gem\u00e4\u00df unserer Beschlusslage, die Osterfeiertage genutzt um mit der evangelischen Kirche in einen Dialog zu treten. F\u00fcr uns war und ist es immer wichtig gewesen einen Kompromiss zwischen [&hellip;]<\/p>\n","protected":false},"author":1,"featured_media":0,"comment_status":"closed","ping_status":"closed","sticky":false,"template":"","format":"standard","meta":{"footnotes":""},"categories":[234,240],"tags":[],"class_list":["post-4012","post","type-post","status-publish","format-standard","hentry","category-beschluesse","category-feminismus-gleichberechtigung-sexualitaet"],"yoast_head":"<!-- This site is optimized with the Yoast SEO plugin v27.5 - https:\/\/yoast.com\/product\/yoast-seo-wordpress\/ -->\n<title>LMV April 2013: Ein hessisches Feiertagsgesetz womit jede*r leben kann - GR\u00dcNE JUGEND Hessen<\/title>\n<meta name=\"robots\" content=\"index, follow, max-snippet:-1, max-image-preview:large, max-video-preview:-1\" \/>\n<link rel=\"canonical\" href=\"https:\/\/www.gjh.de\/frog\/lmv-april-2013-ein-hessisches-feiertagsgesetz-womit-jeder-leben-kann\/\" \/>\n<meta property=\"og:locale\" content=\"de_DE\" \/>\n<meta property=\"og:type\" content=\"article\" \/>\n<meta property=\"og:title\" content=\"LMV April 2013: Ein hessisches Feiertagsgesetz womit jede*r leben kann - GR\u00dcNE JUGEND Hessen\" \/>\n<meta property=\"og:description\" content=\"Die Gr\u00fcne Jugend Hessen hat ma\u00dfgeblich zu den Protesten gegen das Tanzverbot und zur Diskussion \u00fcber die Reformierung des Hessischen Feiertagsgesetzes beigetragen. In diesem Jahr haben wir, gem\u00e4\u00df unserer Beschlusslage, die Osterfeiertage genutzt um mit der evangelischen Kirche in einen Dialog zu treten. F\u00fcr uns war und ist es immer wichtig gewesen einen Kompromiss zwischen [&hellip;]\" \/>\n<meta property=\"og:url\" content=\"https:\/\/www.gjh.de\/frog\/lmv-april-2013-ein-hessisches-feiertagsgesetz-womit-jeder-leben-kann\/\" \/>\n<meta property=\"og:site_name\" content=\"GR\u00dcNE JUGEND Hessen\" \/>\n<meta property=\"article:published_time\" content=\"2015-11-19T10:33:14+00:00\" \/>\n<meta property=\"article:modified_time\" content=\"2021-11-20T11:36:09+00:00\" \/>\n<meta name=\"author\" content=\"Gr\u00fcne Jugend Hessen\" \/>\n<meta name=\"twitter:card\" content=\"summary_large_image\" \/>\n<meta name=\"twitter:label1\" content=\"Verfasst von\" \/>\n\t<meta name=\"twitter:data1\" content=\"Gr\u00fcne Jugend Hessen\" \/>\n\t<meta name=\"twitter:label2\" content=\"Gesch\u00e4tzte Lesezeit\" \/>\n\t<meta name=\"twitter:data2\" content=\"2\u00a0Minuten\" \/>\n<script type=\"application\/ld+json\" class=\"yoast-schema-graph\">{\"@context\":\"https:\\\/\\\/schema.org\",\"@graph\":[{\"@type\":\"Article\",\"@id\":\"https:\\\/\\\/www.gjh.de\\\/frog\\\/lmv-april-2013-ein-hessisches-feiertagsgesetz-womit-jeder-leben-kann\\\/#article\",\"isPartOf\":{\"@id\":\"https:\\\/\\\/www.gjh.de\\\/frog\\\/lmv-april-2013-ein-hessisches-feiertagsgesetz-womit-jeder-leben-kann\\\/\"},\"author\":{\"name\":\"Gr\u00fcne Jugend Hessen\",\"@id\":\"https:\\\/\\\/www.gjh.de\\\/frog\\\/#\\\/schema\\\/person\\\/b8fa006520a86a3226e05402520d4f13\"},\"headline\":\"LMV April 2013: Ein hessisches Feiertagsgesetz womit jede*r leben kann\",\"datePublished\":\"2015-11-19T10:33:14+00:00\",\"dateModified\":\"2021-11-20T11:36:09+00:00\",\"mainEntityOfPage\":{\"@id\":\"https:\\\/\\\/www.gjh.de\\\/frog\\\/lmv-april-2013-ein-hessisches-feiertagsgesetz-womit-jeder-leben-kann\\\/\"},\"wordCount\":383,\"articleSection\":[\"Beschl\u00fcsse\",\"Feminismus, Gleichberechtigung, Sexualit\u00e4t\"],\"inLanguage\":\"de\"},{\"@type\":\"WebPage\",\"@id\":\"https:\\\/\\\/www.gjh.de\\\/frog\\\/lmv-april-2013-ein-hessisches-feiertagsgesetz-womit-jeder-leben-kann\\\/\",\"url\":\"https:\\\/\\\/www.gjh.de\\\/frog\\\/lmv-april-2013-ein-hessisches-feiertagsgesetz-womit-jeder-leben-kann\\\/\",\"name\":\"LMV April 2013: Ein hessisches Feiertagsgesetz womit jede*r leben kann - GR\u00dcNE JUGEND Hessen\",\"isPartOf\":{\"@id\":\"https:\\\/\\\/www.gjh.de\\\/frog\\\/#website\"},\"datePublished\":\"2015-11-19T10:33:14+00:00\",\"dateModified\":\"2021-11-20T11:36:09+00:00\",\"author\":{\"@id\":\"https:\\\/\\\/www.gjh.de\\\/frog\\\/#\\\/schema\\\/person\\\/b8fa006520a86a3226e05402520d4f13\"},\"breadcrumb\":{\"@id\":\"https:\\\/\\\/www.gjh.de\\\/frog\\\/lmv-april-2013-ein-hessisches-feiertagsgesetz-womit-jeder-leben-kann\\\/#breadcrumb\"},\"inLanguage\":\"de\",\"potentialAction\":[{\"@type\":\"ReadAction\",\"target\":[\"https:\\\/\\\/www.gjh.de\\\/frog\\\/lmv-april-2013-ein-hessisches-feiertagsgesetz-womit-jeder-leben-kann\\\/\"]}]},{\"@type\":\"BreadcrumbList\",\"@id\":\"https:\\\/\\\/www.gjh.de\\\/frog\\\/lmv-april-2013-ein-hessisches-feiertagsgesetz-womit-jeder-leben-kann\\\/#breadcrumb\",\"itemListElement\":[{\"@type\":\"ListItem\",\"position\":1,\"name\":\"Startseite\",\"item\":\"https:\\\/\\\/www.gjh.de\\\/frog\\\/\"},{\"@type\":\"ListItem\",\"position\":2,\"name\":\"LMV April 2013: Ein hessisches Feiertagsgesetz womit jede*r leben kann\"}]},{\"@type\":\"WebSite\",\"@id\":\"https:\\\/\\\/www.gjh.de\\\/frog\\\/#website\",\"url\":\"https:\\\/\\\/www.gjh.de\\\/frog\\\/\",\"name\":\"GR\u00dcNE JUGEND Hessen\",\"description\":\"\",\"potentialAction\":[{\"@type\":\"SearchAction\",\"target\":{\"@type\":\"EntryPoint\",\"urlTemplate\":\"https:\\\/\\\/www.gjh.de\\\/frog\\\/?s={search_term_string}\"},\"query-input\":{\"@type\":\"PropertyValueSpecification\",\"valueRequired\":true,\"valueName\":\"search_term_string\"}}],\"inLanguage\":\"de\"},{\"@type\":\"Person\",\"@id\":\"https:\\\/\\\/www.gjh.de\\\/frog\\\/#\\\/schema\\\/person\\\/b8fa006520a86a3226e05402520d4f13\",\"name\":\"Gr\u00fcne Jugend Hessen\",\"image\":{\"@type\":\"ImageObject\",\"inLanguage\":\"de\",\"@id\":\"https:\\\/\\\/secure.gravatar.com\\\/avatar\\\/e938d46263c3d10a08350877687bfc15fd4ba70a3de2fa88ac7b3d8603f2ed56?s=96&d=mm&r=g\",\"url\":\"https:\\\/\\\/secure.gravatar.com\\\/avatar\\\/e938d46263c3d10a08350877687bfc15fd4ba70a3de2fa88ac7b3d8603f2ed56?s=96&d=mm&r=g\",\"contentUrl\":\"https:\\\/\\\/secure.gravatar.com\\\/avatar\\\/e938d46263c3d10a08350877687bfc15fd4ba70a3de2fa88ac7b3d8603f2ed56?s=96&d=mm&r=g\",\"caption\":\"Gr\u00fcne Jugend Hessen\"},\"sameAs\":[\"https:\\\/\\\/www.gjh.de\"],\"url\":\"https:\\\/\\\/www.gjh.de\\\/frog\\\/author\\\/admin\\\/\"}]}<\/script>\n<!-- \/ Yoast SEO plugin. -->","yoast_head_json":{"title":"LMV April 2013: Ein hessisches Feiertagsgesetz womit jede*r leben kann - GR\u00dcNE JUGEND Hessen","robots":{"index":"index","follow":"follow","max-snippet":"max-snippet:-1","max-image-preview":"max-image-preview:large","max-video-preview":"max-video-preview:-1"},"canonical":"https:\/\/www.gjh.de\/frog\/lmv-april-2013-ein-hessisches-feiertagsgesetz-womit-jeder-leben-kann\/","og_locale":"de_DE","og_type":"article","og_title":"LMV April 2013: Ein hessisches Feiertagsgesetz womit jede*r leben kann - GR\u00dcNE JUGEND Hessen","og_description":"Die Gr\u00fcne Jugend Hessen hat ma\u00dfgeblich zu den Protesten gegen das Tanzverbot und zur Diskussion \u00fcber die Reformierung des Hessischen Feiertagsgesetzes beigetragen. In diesem Jahr haben wir, gem\u00e4\u00df unserer Beschlusslage, die Osterfeiertage genutzt um mit der evangelischen Kirche in einen Dialog zu treten. F\u00fcr uns war und ist es immer wichtig gewesen einen Kompromiss zwischen [&hellip;]","og_url":"https:\/\/www.gjh.de\/frog\/lmv-april-2013-ein-hessisches-feiertagsgesetz-womit-jeder-leben-kann\/","og_site_name":"GR\u00dcNE JUGEND Hessen","article_published_time":"2015-11-19T10:33:14+00:00","article_modified_time":"2021-11-20T11:36:09+00:00","author":"Gr\u00fcne Jugend Hessen","twitter_card":"summary_large_image","twitter_misc":{"Verfasst von":"Gr\u00fcne Jugend Hessen","Gesch\u00e4tzte Lesezeit":"2\u00a0Minuten"},"schema":{"@context":"https:\/\/schema.org","@graph":[{"@type":"Article","@id":"https:\/\/www.gjh.de\/frog\/lmv-april-2013-ein-hessisches-feiertagsgesetz-womit-jeder-leben-kann\/#article","isPartOf":{"@id":"https:\/\/www.gjh.de\/frog\/lmv-april-2013-ein-hessisches-feiertagsgesetz-womit-jeder-leben-kann\/"},"author":{"name":"Gr\u00fcne Jugend Hessen","@id":"https:\/\/www.gjh.de\/frog\/#\/schema\/person\/b8fa006520a86a3226e05402520d4f13"},"headline":"LMV April 2013: Ein hessisches Feiertagsgesetz womit jede*r leben kann","datePublished":"2015-11-19T10:33:14+00:00","dateModified":"2021-11-20T11:36:09+00:00","mainEntityOfPage":{"@id":"https:\/\/www.gjh.de\/frog\/lmv-april-2013-ein-hessisches-feiertagsgesetz-womit-jeder-leben-kann\/"},"wordCount":383,"articleSection":["Beschl\u00fcsse","Feminismus, Gleichberechtigung, Sexualit\u00e4t"],"inLanguage":"de"},{"@type":"WebPage","@id":"https:\/\/www.gjh.de\/frog\/lmv-april-2013-ein-hessisches-feiertagsgesetz-womit-jeder-leben-kann\/","url":"https:\/\/www.gjh.de\/frog\/lmv-april-2013-ein-hessisches-feiertagsgesetz-womit-jeder-leben-kann\/","name":"LMV April 2013: Ein hessisches Feiertagsgesetz womit jede*r leben kann - GR\u00dcNE JUGEND Hessen","isPartOf":{"@id":"https:\/\/www.gjh.de\/frog\/#website"},"datePublished":"2015-11-19T10:33:14+00:00","dateModified":"2021-11-20T11:36:09+00:00","author":{"@id":"https:\/\/www.gjh.de\/frog\/#\/schema\/person\/b8fa006520a86a3226e05402520d4f13"},"breadcrumb":{"@id":"https:\/\/www.gjh.de\/frog\/lmv-april-2013-ein-hessisches-feiertagsgesetz-womit-jeder-leben-kann\/#breadcrumb"},"inLanguage":"de","potentialAction":[{"@type":"ReadAction","target":["https:\/\/www.gjh.de\/frog\/lmv-april-2013-ein-hessisches-feiertagsgesetz-womit-jeder-leben-kann\/"]}]},{"@type":"BreadcrumbList","@id":"https:\/\/www.gjh.de\/frog\/lmv-april-2013-ein-hessisches-feiertagsgesetz-womit-jeder-leben-kann\/#breadcrumb","itemListElement":[{"@type":"ListItem","position":1,"name":"Startseite","item":"https:\/\/www.gjh.de\/frog\/"},{"@type":"ListItem","position":2,"name":"LMV April 2013: Ein hessisches Feiertagsgesetz womit jede*r leben kann"}]},{"@type":"WebSite","@id":"https:\/\/www.gjh.de\/frog\/#website","url":"https:\/\/www.gjh.de\/frog\/","name":"GR\u00dcNE JUGEND Hessen","description":"","potentialAction":[{"@type":"SearchAction","target":{"@type":"EntryPoint","urlTemplate":"https:\/\/www.gjh.de\/frog\/?s={search_term_string}"},"query-input":{"@type":"PropertyValueSpecification","valueRequired":true,"valueName":"search_term_string"}}],"inLanguage":"de"},{"@type":"Person","@id":"https:\/\/www.gjh.de\/frog\/#\/schema\/person\/b8fa006520a86a3226e05402520d4f13","name":"Gr\u00fcne Jugend Hessen","image":{"@type":"ImageObject","inLanguage":"de","@id":"https:\/\/secure.gravatar.com\/avatar\/e938d46263c3d10a08350877687bfc15fd4ba70a3de2fa88ac7b3d8603f2ed56?s=96&d=mm&r=g","url":"https:\/\/secure.gravatar.com\/avatar\/e938d46263c3d10a08350877687bfc15fd4ba70a3de2fa88ac7b3d8603f2ed56?s=96&d=mm&r=g","contentUrl":"https:\/\/secure.gravatar.com\/avatar\/e938d46263c3d10a08350877687bfc15fd4ba70a3de2fa88ac7b3d8603f2ed56?s=96&d=mm&r=g","caption":"Gr\u00fcne Jugend Hessen"},"sameAs":["https:\/\/www.gjh.de"],"url":"https:\/\/www.gjh.de\/frog\/author\/admin\/"}]}},"_links":{"self":[{"href":"https:\/\/www.gjh.de\/frog\/wp-json\/wp\/v2\/posts\/4012","targetHints":{"allow":["GET"]}}],"collection":[{"href":"https:\/\/www.gjh.de\/frog\/wp-json\/wp\/v2\/posts"}],"about":[{"href":"https:\/\/www.gjh.de\/frog\/wp-json\/wp\/v2\/types\/post"}],"author":[{"embeddable":true,"href":"https:\/\/www.gjh.de\/frog\/wp-json\/wp\/v2\/users\/1"}],"replies":[{"embeddable":true,"href":"https:\/\/www.gjh.de\/frog\/wp-json\/wp\/v2\/comments?post=4012"}],"version-history":[{"count":1,"href":"https:\/\/www.gjh.de\/frog\/wp-json\/wp\/v2\/posts\/4012\/revisions"}],"predecessor-version":[{"id":4014,"href":"https:\/\/www.gjh.de\/frog\/wp-json\/wp\/v2\/posts\/4012\/revisions\/4014"}],"wp:attachment":[{"href":"https:\/\/www.gjh.de\/frog\/wp-json\/wp\/v2\/media?parent=4012"}],"wp:term":[{"taxonomy":"category","embeddable":true,"href":"https:\/\/www.gjh.de\/frog\/wp-json\/wp\/v2\/categories?post=4012"},{"taxonomy":"post_tag","embeddable":true,"href":"https:\/\/www.gjh.de\/frog\/wp-json\/wp\/v2\/tags?post=4012"}],"curies":[{"name":"wp","href":"https:\/\/api.w.org\/{rel}","templated":true}]}}