{"id":4129,"date":"2015-11-19T12:30:58","date_gmt":"2015-11-19T11:30:58","guid":{"rendered":"https:\/\/www.gjh.de\/2014\/?post_type=beschluss&#038;p=4129"},"modified":"2021-11-20T12:45:45","modified_gmt":"2021-11-20T11:45:45","slug":"lmv-september-2014-kali-abbau-umweltfreundlicher-gestalten-und-abbaupfad-verlaengern","status":"publish","type":"post","link":"https:\/\/www.gjh.de\/frog\/lmv-september-2014-kali-abbau-umweltfreundlicher-gestalten-und-abbaupfad-verlaengern\/","title":{"rendered":"LMV September 2014: Kali-Abbau umweltfreundlicher gestalten und Abbaupfad verl\u00e4ngern!"},"content":{"rendered":"<p>Die Werraversalzung ist eines der zentralen umweltpolitischen Themen in Nordhessen. Der Kalibergbau des Unternehmens K+S f\u00fchrt zu salzhaltigen Abf\u00e4llen, die durch Einleitung in die Werra sowie Verpressung im Plattendolomit entsorgt werden. Die Einleitung in den Fluss hat eine massive Verschlechterung der Wasserqualit\u00e4t der Werra zur Folge, die europ\u00e4ischen Grenzwerte der Wasserrahmenrichtlinie werden nicht eingehalten und in dem nat\u00fcrlichen S\u00fc\u00dfwasserfluss leben mittlerweile Salzwassertiere.<br \/>\nAkuter ist jedoch die Verpressung der Laugenabf\u00e4lle im Untergrund, wo die Abf\u00e4lle nat\u00fcrlich nicht bleiben sondern durch Bewegungen im Erdreich aufsteigen und das Grundwasser bedrohen. Die Genehmigung dieser Versenkung l\u00e4uft bis November 2015 und sollte laut Koalitionsvertrag der schwarz-gr\u00fcnen Landesregierung dar\u00fcber hinaus nicht verl\u00e4ngert werden.<br \/>\nDie Landesregierung hat sich au\u00dferdem darauf geeinigt, dass die langfristige Entsorgung der Laugenabf\u00e4lle \u00fcber eine Pipeline zur Nordsee stattfinden soll. Dies ist auch die Empfehlung des Runden Tisches zur Werraversalzung, bei dem sowohl das Unternehmen K+S als auch Umweltverb\u00e4nde beteiligt waren.<br \/>\nAktuelle Pressemeldungen des Umweltministeriums Hessen deuten nun eine Abwendung von der Laugenpipeline zur Nordsee an, da diese wirtschaftlich nicht sinnvoll sei. Dar\u00fcber hinaus wird au\u00dferdem eine Verl\u00e4ngerung der Versenkgenehmigung \u00fcber 2015 hinaus in Erw\u00e4gung gezogen. Das ist eine Katastrophe und wird das Grundwasser der nordhessischen Gemeinden auf Jahre gef\u00e4hrden und ggf. verunreinigen.<br \/>\nDie GR\u00dcNE JUGEND HESSEN verurteilt das Abr\u00fccken von der Empfehlung des Runden Tisches und fordert die Landesregierung auf, eine langfristig tragf\u00e4hige L\u00f6sung zur Entsorgung der Kalilauge in Zusammenarbeit mit dem Runden Tisch zu finden und gleichzeitig Arbeitspl\u00e4tze der Region zu erhalten.<br \/>\nEine M\u00f6glichkeit daf\u00fcr ist die Verl\u00e4ngerung des Abbaupfades. Kalisalz ist eine endliche Ressource und in maximal 30 Jahren wird der Vorrat in Nordhessen ersch\u00f6pft sein. W\u00fcrde man die Produktionsmenge eingrenzen w\u00fcrden sich auch die salzhaltigen Abw\u00e4sser reduzieren und somit die Belastung der Werra.<br \/>\nDeshalb fordert die GR\u00dcNE JUGEND HESSEN fordert von der Landesregierung:<br \/>\n&#8211; Keine Verl\u00e4ngerung der Versenkgenehmigung \u00fcber 2015 hinaus.\u00a0 &#8211; die Entwicklung einer Verl\u00e4ngerung des Produktionspfades zum Kali-Abbau, der eine Reduktion der laugenhaltigen Abf\u00e4lle sowie den Erhalt von Arbeitspl\u00e4tzen zur Folge hat.<\/p>\n","protected":false},"excerpt":{"rendered":"<p>Die Werraversalzung ist eines der zentralen umweltpolitischen Themen in Nordhessen. Der Kalibergbau des Unternehmens K+S f\u00fchrt zu salzhaltigen Abf\u00e4llen, die durch Einleitung in die Werra sowie Verpressung im Plattendolomit entsorgt werden. Die Einleitung in den Fluss hat eine massive Verschlechterung der Wasserqualit\u00e4t der Werra zur Folge, die europ\u00e4ischen Grenzwerte der Wasserrahmenrichtlinie werden nicht eingehalten und [&hellip;]<\/p>\n","protected":false},"author":1,"featured_media":0,"comment_status":"closed","ping_status":"closed","sticky":false,"template":"","format":"standard","meta":{"footnotes":""},"categories":[234,235],"tags":[],"class_list":["post-4129","post","type-post","status-publish","format-standard","hentry","category-beschluesse","category-umwelt-energie"],"yoast_head":"<!-- This site is optimized with the Yoast SEO plugin v27.5 - https:\/\/yoast.com\/product\/yoast-seo-wordpress\/ -->\n<title>LMV September 2014: Kali-Abbau umweltfreundlicher gestalten und Abbaupfad verl\u00e4ngern! - GR\u00dcNE JUGEND Hessen<\/title>\n<meta name=\"robots\" content=\"index, follow, max-snippet:-1, max-image-preview:large, max-video-preview:-1\" \/>\n<link rel=\"canonical\" href=\"https:\/\/www.gjh.de\/frog\/lmv-september-2014-kali-abbau-umweltfreundlicher-gestalten-und-abbaupfad-verlaengern\/\" \/>\n<meta property=\"og:locale\" content=\"de_DE\" \/>\n<meta property=\"og:type\" content=\"article\" \/>\n<meta property=\"og:title\" content=\"LMV September 2014: Kali-Abbau umweltfreundlicher gestalten und Abbaupfad verl\u00e4ngern! - GR\u00dcNE JUGEND Hessen\" \/>\n<meta property=\"og:description\" content=\"Die Werraversalzung ist eines der zentralen umweltpolitischen Themen in Nordhessen. Der Kalibergbau des Unternehmens K+S f\u00fchrt zu salzhaltigen Abf\u00e4llen, die durch Einleitung in die Werra sowie Verpressung im Plattendolomit entsorgt werden. Die Einleitung in den Fluss hat eine massive Verschlechterung der Wasserqualit\u00e4t der Werra zur Folge, die europ\u00e4ischen Grenzwerte der Wasserrahmenrichtlinie werden nicht eingehalten und [&hellip;]\" \/>\n<meta property=\"og:url\" content=\"https:\/\/www.gjh.de\/frog\/lmv-september-2014-kali-abbau-umweltfreundlicher-gestalten-und-abbaupfad-verlaengern\/\" \/>\n<meta property=\"og:site_name\" content=\"GR\u00dcNE JUGEND Hessen\" \/>\n<meta property=\"article:published_time\" content=\"2015-11-19T11:30:58+00:00\" \/>\n<meta property=\"article:modified_time\" content=\"2021-11-20T11:45:45+00:00\" \/>\n<meta name=\"author\" content=\"Gr\u00fcne Jugend Hessen\" \/>\n<meta name=\"twitter:card\" content=\"summary_large_image\" \/>\n<meta name=\"twitter:label1\" content=\"Verfasst von\" \/>\n\t<meta name=\"twitter:data1\" content=\"Gr\u00fcne Jugend Hessen\" \/>\n\t<meta name=\"twitter:label2\" content=\"Gesch\u00e4tzte Lesezeit\" \/>\n\t<meta name=\"twitter:data2\" content=\"2\u00a0Minuten\" \/>\n<script type=\"application\/ld+json\" class=\"yoast-schema-graph\">{\"@context\":\"https:\\\/\\\/schema.org\",\"@graph\":[{\"@type\":\"Article\",\"@id\":\"https:\\\/\\\/www.gjh.de\\\/frog\\\/lmv-september-2014-kali-abbau-umweltfreundlicher-gestalten-und-abbaupfad-verlaengern\\\/#article\",\"isPartOf\":{\"@id\":\"https:\\\/\\\/www.gjh.de\\\/frog\\\/lmv-september-2014-kali-abbau-umweltfreundlicher-gestalten-und-abbaupfad-verlaengern\\\/\"},\"author\":{\"name\":\"Gr\u00fcne Jugend Hessen\",\"@id\":\"https:\\\/\\\/www.gjh.de\\\/frog\\\/#\\\/schema\\\/person\\\/b8fa006520a86a3226e05402520d4f13\"},\"headline\":\"LMV September 2014: Kali-Abbau umweltfreundlicher gestalten und Abbaupfad verl\u00e4ngern!\",\"datePublished\":\"2015-11-19T11:30:58+00:00\",\"dateModified\":\"2021-11-20T11:45:45+00:00\",\"mainEntityOfPage\":{\"@id\":\"https:\\\/\\\/www.gjh.de\\\/frog\\\/lmv-september-2014-kali-abbau-umweltfreundlicher-gestalten-und-abbaupfad-verlaengern\\\/\"},\"wordCount\":370,\"articleSection\":[\"Beschl\u00fcsse\",\"Umwelt und Energie\"],\"inLanguage\":\"de\"},{\"@type\":\"WebPage\",\"@id\":\"https:\\\/\\\/www.gjh.de\\\/frog\\\/lmv-september-2014-kali-abbau-umweltfreundlicher-gestalten-und-abbaupfad-verlaengern\\\/\",\"url\":\"https:\\\/\\\/www.gjh.de\\\/frog\\\/lmv-september-2014-kali-abbau-umweltfreundlicher-gestalten-und-abbaupfad-verlaengern\\\/\",\"name\":\"LMV September 2014: Kali-Abbau umweltfreundlicher gestalten und Abbaupfad verl\u00e4ngern! - GR\u00dcNE JUGEND Hessen\",\"isPartOf\":{\"@id\":\"https:\\\/\\\/www.gjh.de\\\/frog\\\/#website\"},\"datePublished\":\"2015-11-19T11:30:58+00:00\",\"dateModified\":\"2021-11-20T11:45:45+00:00\",\"author\":{\"@id\":\"https:\\\/\\\/www.gjh.de\\\/frog\\\/#\\\/schema\\\/person\\\/b8fa006520a86a3226e05402520d4f13\"},\"breadcrumb\":{\"@id\":\"https:\\\/\\\/www.gjh.de\\\/frog\\\/lmv-september-2014-kali-abbau-umweltfreundlicher-gestalten-und-abbaupfad-verlaengern\\\/#breadcrumb\"},\"inLanguage\":\"de\",\"potentialAction\":[{\"@type\":\"ReadAction\",\"target\":[\"https:\\\/\\\/www.gjh.de\\\/frog\\\/lmv-september-2014-kali-abbau-umweltfreundlicher-gestalten-und-abbaupfad-verlaengern\\\/\"]}]},{\"@type\":\"BreadcrumbList\",\"@id\":\"https:\\\/\\\/www.gjh.de\\\/frog\\\/lmv-september-2014-kali-abbau-umweltfreundlicher-gestalten-und-abbaupfad-verlaengern\\\/#breadcrumb\",\"itemListElement\":[{\"@type\":\"ListItem\",\"position\":1,\"name\":\"Startseite\",\"item\":\"https:\\\/\\\/www.gjh.de\\\/frog\\\/\"},{\"@type\":\"ListItem\",\"position\":2,\"name\":\"LMV September 2014: Kali-Abbau umweltfreundlicher gestalten und Abbaupfad verl\u00e4ngern!\"}]},{\"@type\":\"WebSite\",\"@id\":\"https:\\\/\\\/www.gjh.de\\\/frog\\\/#website\",\"url\":\"https:\\\/\\\/www.gjh.de\\\/frog\\\/\",\"name\":\"GR\u00dcNE JUGEND Hessen\",\"description\":\"\",\"potentialAction\":[{\"@type\":\"SearchAction\",\"target\":{\"@type\":\"EntryPoint\",\"urlTemplate\":\"https:\\\/\\\/www.gjh.de\\\/frog\\\/?s={search_term_string}\"},\"query-input\":{\"@type\":\"PropertyValueSpecification\",\"valueRequired\":true,\"valueName\":\"search_term_string\"}}],\"inLanguage\":\"de\"},{\"@type\":\"Person\",\"@id\":\"https:\\\/\\\/www.gjh.de\\\/frog\\\/#\\\/schema\\\/person\\\/b8fa006520a86a3226e05402520d4f13\",\"name\":\"Gr\u00fcne Jugend Hessen\",\"image\":{\"@type\":\"ImageObject\",\"inLanguage\":\"de\",\"@id\":\"https:\\\/\\\/secure.gravatar.com\\\/avatar\\\/e938d46263c3d10a08350877687bfc15fd4ba70a3de2fa88ac7b3d8603f2ed56?s=96&d=mm&r=g\",\"url\":\"https:\\\/\\\/secure.gravatar.com\\\/avatar\\\/e938d46263c3d10a08350877687bfc15fd4ba70a3de2fa88ac7b3d8603f2ed56?s=96&d=mm&r=g\",\"contentUrl\":\"https:\\\/\\\/secure.gravatar.com\\\/avatar\\\/e938d46263c3d10a08350877687bfc15fd4ba70a3de2fa88ac7b3d8603f2ed56?s=96&d=mm&r=g\",\"caption\":\"Gr\u00fcne Jugend Hessen\"},\"sameAs\":[\"https:\\\/\\\/www.gjh.de\"],\"url\":\"https:\\\/\\\/www.gjh.de\\\/frog\\\/author\\\/admin\\\/\"}]}<\/script>\n<!-- \/ Yoast SEO plugin. -->","yoast_head_json":{"title":"LMV September 2014: Kali-Abbau umweltfreundlicher gestalten und Abbaupfad verl\u00e4ngern! - GR\u00dcNE JUGEND Hessen","robots":{"index":"index","follow":"follow","max-snippet":"max-snippet:-1","max-image-preview":"max-image-preview:large","max-video-preview":"max-video-preview:-1"},"canonical":"https:\/\/www.gjh.de\/frog\/lmv-september-2014-kali-abbau-umweltfreundlicher-gestalten-und-abbaupfad-verlaengern\/","og_locale":"de_DE","og_type":"article","og_title":"LMV September 2014: Kali-Abbau umweltfreundlicher gestalten und Abbaupfad verl\u00e4ngern! - GR\u00dcNE JUGEND Hessen","og_description":"Die Werraversalzung ist eines der zentralen umweltpolitischen Themen in Nordhessen. Der Kalibergbau des Unternehmens K+S f\u00fchrt zu salzhaltigen Abf\u00e4llen, die durch Einleitung in die Werra sowie Verpressung im Plattendolomit entsorgt werden. Die Einleitung in den Fluss hat eine massive Verschlechterung der Wasserqualit\u00e4t der Werra zur Folge, die europ\u00e4ischen Grenzwerte der Wasserrahmenrichtlinie werden nicht eingehalten und [&hellip;]","og_url":"https:\/\/www.gjh.de\/frog\/lmv-september-2014-kali-abbau-umweltfreundlicher-gestalten-und-abbaupfad-verlaengern\/","og_site_name":"GR\u00dcNE JUGEND Hessen","article_published_time":"2015-11-19T11:30:58+00:00","article_modified_time":"2021-11-20T11:45:45+00:00","author":"Gr\u00fcne Jugend Hessen","twitter_card":"summary_large_image","twitter_misc":{"Verfasst von":"Gr\u00fcne Jugend Hessen","Gesch\u00e4tzte Lesezeit":"2\u00a0Minuten"},"schema":{"@context":"https:\/\/schema.org","@graph":[{"@type":"Article","@id":"https:\/\/www.gjh.de\/frog\/lmv-september-2014-kali-abbau-umweltfreundlicher-gestalten-und-abbaupfad-verlaengern\/#article","isPartOf":{"@id":"https:\/\/www.gjh.de\/frog\/lmv-september-2014-kali-abbau-umweltfreundlicher-gestalten-und-abbaupfad-verlaengern\/"},"author":{"name":"Gr\u00fcne Jugend Hessen","@id":"https:\/\/www.gjh.de\/frog\/#\/schema\/person\/b8fa006520a86a3226e05402520d4f13"},"headline":"LMV September 2014: Kali-Abbau umweltfreundlicher gestalten und Abbaupfad verl\u00e4ngern!","datePublished":"2015-11-19T11:30:58+00:00","dateModified":"2021-11-20T11:45:45+00:00","mainEntityOfPage":{"@id":"https:\/\/www.gjh.de\/frog\/lmv-september-2014-kali-abbau-umweltfreundlicher-gestalten-und-abbaupfad-verlaengern\/"},"wordCount":370,"articleSection":["Beschl\u00fcsse","Umwelt und Energie"],"inLanguage":"de"},{"@type":"WebPage","@id":"https:\/\/www.gjh.de\/frog\/lmv-september-2014-kali-abbau-umweltfreundlicher-gestalten-und-abbaupfad-verlaengern\/","url":"https:\/\/www.gjh.de\/frog\/lmv-september-2014-kali-abbau-umweltfreundlicher-gestalten-und-abbaupfad-verlaengern\/","name":"LMV September 2014: Kali-Abbau umweltfreundlicher gestalten und Abbaupfad verl\u00e4ngern! - GR\u00dcNE JUGEND Hessen","isPartOf":{"@id":"https:\/\/www.gjh.de\/frog\/#website"},"datePublished":"2015-11-19T11:30:58+00:00","dateModified":"2021-11-20T11:45:45+00:00","author":{"@id":"https:\/\/www.gjh.de\/frog\/#\/schema\/person\/b8fa006520a86a3226e05402520d4f13"},"breadcrumb":{"@id":"https:\/\/www.gjh.de\/frog\/lmv-september-2014-kali-abbau-umweltfreundlicher-gestalten-und-abbaupfad-verlaengern\/#breadcrumb"},"inLanguage":"de","potentialAction":[{"@type":"ReadAction","target":["https:\/\/www.gjh.de\/frog\/lmv-september-2014-kali-abbau-umweltfreundlicher-gestalten-und-abbaupfad-verlaengern\/"]}]},{"@type":"BreadcrumbList","@id":"https:\/\/www.gjh.de\/frog\/lmv-september-2014-kali-abbau-umweltfreundlicher-gestalten-und-abbaupfad-verlaengern\/#breadcrumb","itemListElement":[{"@type":"ListItem","position":1,"name":"Startseite","item":"https:\/\/www.gjh.de\/frog\/"},{"@type":"ListItem","position":2,"name":"LMV September 2014: Kali-Abbau umweltfreundlicher gestalten und Abbaupfad verl\u00e4ngern!"}]},{"@type":"WebSite","@id":"https:\/\/www.gjh.de\/frog\/#website","url":"https:\/\/www.gjh.de\/frog\/","name":"GR\u00dcNE JUGEND Hessen","description":"","potentialAction":[{"@type":"SearchAction","target":{"@type":"EntryPoint","urlTemplate":"https:\/\/www.gjh.de\/frog\/?s={search_term_string}"},"query-input":{"@type":"PropertyValueSpecification","valueRequired":true,"valueName":"search_term_string"}}],"inLanguage":"de"},{"@type":"Person","@id":"https:\/\/www.gjh.de\/frog\/#\/schema\/person\/b8fa006520a86a3226e05402520d4f13","name":"Gr\u00fcne Jugend Hessen","image":{"@type":"ImageObject","inLanguage":"de","@id":"https:\/\/secure.gravatar.com\/avatar\/e938d46263c3d10a08350877687bfc15fd4ba70a3de2fa88ac7b3d8603f2ed56?s=96&d=mm&r=g","url":"https:\/\/secure.gravatar.com\/avatar\/e938d46263c3d10a08350877687bfc15fd4ba70a3de2fa88ac7b3d8603f2ed56?s=96&d=mm&r=g","contentUrl":"https:\/\/secure.gravatar.com\/avatar\/e938d46263c3d10a08350877687bfc15fd4ba70a3de2fa88ac7b3d8603f2ed56?s=96&d=mm&r=g","caption":"Gr\u00fcne Jugend Hessen"},"sameAs":["https:\/\/www.gjh.de"],"url":"https:\/\/www.gjh.de\/frog\/author\/admin\/"}]}},"_links":{"self":[{"href":"https:\/\/www.gjh.de\/frog\/wp-json\/wp\/v2\/posts\/4129","targetHints":{"allow":["GET"]}}],"collection":[{"href":"https:\/\/www.gjh.de\/frog\/wp-json\/wp\/v2\/posts"}],"about":[{"href":"https:\/\/www.gjh.de\/frog\/wp-json\/wp\/v2\/types\/post"}],"author":[{"embeddable":true,"href":"https:\/\/www.gjh.de\/frog\/wp-json\/wp\/v2\/users\/1"}],"replies":[{"embeddable":true,"href":"https:\/\/www.gjh.de\/frog\/wp-json\/wp\/v2\/comments?post=4129"}],"version-history":[{"count":1,"href":"https:\/\/www.gjh.de\/frog\/wp-json\/wp\/v2\/posts\/4129\/revisions"}],"predecessor-version":[{"id":4131,"href":"https:\/\/www.gjh.de\/frog\/wp-json\/wp\/v2\/posts\/4129\/revisions\/4131"}],"wp:attachment":[{"href":"https:\/\/www.gjh.de\/frog\/wp-json\/wp\/v2\/media?parent=4129"}],"wp:term":[{"taxonomy":"category","embeddable":true,"href":"https:\/\/www.gjh.de\/frog\/wp-json\/wp\/v2\/categories?post=4129"},{"taxonomy":"post_tag","embeddable":true,"href":"https:\/\/www.gjh.de\/frog\/wp-json\/wp\/v2\/tags?post=4129"}],"curies":[{"name":"wp","href":"https:\/\/api.w.org\/{rel}","templated":true}]}}