{"id":4187,"date":"2015-11-19T13:02:24","date_gmt":"2015-11-19T12:02:24","guid":{"rendered":"https:\/\/www.gjh.de\/2014\/?post_type=beschluss&#038;p=4187"},"modified":"2021-11-23T13:09:40","modified_gmt":"2021-11-23T12:09:40","slug":"lmv-november-2015-jaime-le-climat-aufstehen-klima-retten","status":"publish","type":"post","link":"https:\/\/www.gjh.de\/frog\/lmv-november-2015-jaime-le-climat-aufstehen-klima-retten\/","title":{"rendered":"LMV November 2015: J\u2019aime le Climat \u2013 Aufstehen, Klima retten!"},"content":{"rendered":"<p><span style=\"font-family: Cambria, serif;\"><span style=\"font-size: small;\">Unser aller Handeln beschleunigt den Klimawandel. Insbesondere das Weltklima leidet, wenn die fossilen Energietr\u00e4ger \u00d6l, Gas und Kohle verbrannt werden und wenn Kernenergie produziert wird. Doch nicht nur unser Energieverbrauch in Form von Strom, Mobilit\u00e4t und W\u00e4rme, sondern jede Konsumentscheidung, die wir treffen, hat auch einen Klimaaspekt. Klimaverantwortung beginnt daher bei jeder* und jedem*, ebenso bei Kommunen, L\u00e4ndern und der Staatengemeinschaft sowie den Akteur*innen der Wirtschaft. Doch obwohl wir alle mitverantwortlich sind, sind nicht alle von uns gleicherma\u00dfen betroffen. Besonders die Staaten des globalen S\u00fcdens m\u00fcssen jetzt schon die Auswirkungen des Klimawandels bew\u00e4ltigen.<\/span><\/span><\/p>\n<p><span style=\"font-family: Cambria, serif;\"><span style=\"font-size: small;\">Der&nbsp;Klimawandel vollzieht sich weltweit in dramatischer Weise. Die kontinuierlich steigenden CO<sub>2<\/sub>-Emmissionen und weitere klimasch\u00e4dliche Gase erw\u00e4rmen und ver\u00e4ndern das Klima. Auch bedroht der Klimawandel alle Bereiche unserer Lebenswelten: Er l\u00e4sst das Eis an den Polen schmelzen und Meeresspiegel steigen. Extremwetterereignisse wie St\u00fcrme, \u00dcberschwemmungen und Hitzeperioden nehmen zu. Dies zerst\u00f6rt nicht nur den Lebensraum f\u00fcr Menschen, es gef\u00e4hrdet die weltweite Artenvielfalt. Tausende Tier- und Pflanzenarten sterben aus, ganze \u00d6kosysteme wie z.B. Korallenriffe gehen verloren. Setzt sich der Klimawandel in der aktuellen Auspr\u00e4gung fort, werden seine Folgen nicht mehr eind\u00e4mmbar sein. Wir h\u00e4tten eine konsequente Energiewende schon vor vielen Jahren gebraucht &#8211; jetzt ist sie existentiell notwendig und teilweise schon zu sp\u00e4t. <\/span><\/span><\/p>\n<p><span style=\"font-family: Cambria, serif;\"><span style=\"font-size: small;\"><b>Klimaschutz global<\/b><\/span><\/span><\/p>\n<p><span style=\"font-family: Cambria, serif;\"><span style=\"font-size: small;\">Die Welt ben\u00f6tigt ein verbindliches Klimaabkommen! Bereits 1997 wurde mit dem Kyoto-Protokoll ein erster Versuch gestartet, die CO<sub>2<\/sub>-Emissionen weltweit zu senken, jedoch erreichten nur wenige Staaten die festgelegten Ziele dieses ersten Klimaabkommens. Einige Industriestaaten, wie z.B. die USA, ratifizierten dieses Abkommen erst gar nicht oder halten sich bis heute nicht an freiwillige Vereinbarungen. Auf der Klimakonferenz 2009 in Kopenhagen sollte ein Nachfolgeabkommen verabschiedet werden, jedoch gelang den Teilnehmer*innen nur die Einigung auf einen schlechten Minimalkonsens. Aus Ermangelung an Alternativen wurde deswegen das Kyoto-Protokoll bis 2020 verl\u00e4ngert und wertvolle Zeit verschwendet. Die Weltklimakonferenz im Dezember dieses Jahres in Paris muss sich nun endlich auf ein Abkommen einigen, das echten Klimaschutz mit einer massiven Reduzierung des Treibhausgasaussto\u00dfes verbindlich festlegt. <\/span><\/span><\/p>\n<p><span style=\"font-family: Cambria, serif;\"><span style=\"font-size: small;\">Die GJH fordert von einem solchen Abkommen:<\/span><\/span><\/p>\n<ul>\n<li><span style=\"font-family: Cambria, serif;\"><span style=\"font-size: small;\"><u>Verbindliche Vorgaben zur CO<\/u><sub><u>2 <\/u><\/sub><u>\u2013 Reduktion f\u00fcr alle beteiligten Staaten<\/u><\/span><\/span><\/li>\n<\/ul>\n<p><span style=\"font-family: Cambria, serif;\"><span style=\"font-size: small;\">Um die Folgen des Klimawandels in Grenzen zu halten, m\u00fcssen die Industriestaaten bis 2030 ihren CO<sub>2<\/sub>-Aussto\u00df um mindestens 55% (im Vergleich zu 1990) senken. Eine weltweite Reduktion des CO<sub>2<\/sub>-Aussto\u00dfes um 80% muss festgeschrieben und bis 2050 erreicht werden. <\/span><\/span><\/p>\n<p><span style=\"font-family: Cambria, serif;\"><span style=\"font-size: small;\">Um diese Ziele zu erreichen, muss der sofortige, weltweite Ausstieg aus der Kohleenergie vorangebracht werden. Denn Kohlekraftwerke sind der Klimakiller Nummer 1 und blockieren mit ihrer geringen Flexibilit\u00e4t den Ausbau erneuerbarer Energien.  <\/span><\/span><\/p>\n<ul>\n<li><span style=\"font-family: Cambria, serif;\"><span style=\"font-size: small;\"><u>S\u00e4mtliche Atomkraftwerke stilllegen!<\/u><br \/>\nDie Weltgemeinschaft muss endlich einsehen, dass Atomkraftwerke eine veraltete Technologie darstellen, die nicht nur unkalkulierbare Risiken birgt, sondern auch eine verheerende CO<sub>2<\/sub>-Bilanz aufweist. Wir streben deshalb die Stilllegung noch aktiver Anlagen sowie den schnellstm\u00f6glichen R\u00fcckbau von bereits abgeschalteten Kraftwerken an. Gleichzeitig d\u00fcrfen die Kosten der Kernenergie nicht weiterhin durch Subventionen k\u00fcnstlich verringert werden. <\/span><\/span><\/li>\n<\/ul>\n<ul>\n<li><span style=\"font-family: Cambria, serif;\"><span style=\"font-size: small;\"><u>Alternative Antriebsmodelle voranbringen!<br \/>\n<\/u>Mobilit\u00e4t wird durch den Prozess der Globalisierung immer bedeutender f\u00fcr die B\u00fcrger*innen und f\u00fcr die Wirtschaft. Der CO<sub>2<\/sub>-Verbrauch des Flugverkehrs und der Schifffahrt steigt seit den 30er Jahren massiv an. Es m\u00fcssen daher alternative Antriebsmodelle sowie alternative Mobilit\u00e4ts- und Transportmodelle erforscht und gef\u00f6rdert werden. <\/span><\/span><\/li>\n<\/ul>\n<ul>\n<li><span style=\"font-family: Cambria, serif;\"><span style=\"font-size: small;\"><u>Das 2-Grad Ziel einhalten!<\/u><\/span><\/span><\/li>\n<\/ul>\n<p><span style=\"font-family: Cambria, serif;\"><span style=\"font-size: small;\">Mit den oben genannten CO<sub>2<\/sub>-Einsparungen ist es m\u00f6glich, dass sich das Weltklima bis zum Ende unseres Jahrhunderts um nicht mehr als 2 Grad Celsius erw\u00e4rmt. Damit lie\u00dfen sich die Folgen des Klimawandels noch beherrschen. Dennoch m\u00fcssen Vorbereitungen getroffen werden, denn auch bei einer Erw\u00e4rmung um 2 Grad wird es massive Auswirkungen auf unsere \u00d6kosysteme geben.<\/span><\/span><\/p>\n<ul>\n<li><span style=\"font-family: Cambria, serif;\"><span style=\"font-size: small;\"><u>Klimafonds mit ausreichend Finanzmitteln ausstatten:<\/u><\/span><\/span><\/li>\n<\/ul>\n<p><span style=\"font-family: Cambria, serif;\"><span style=\"font-size: small;\">Um Klimaschutz und Klimaanpassung in L\u00e4ndern des globalen S\u00fcdens zu f\u00f6rdern, haben die Industriestaaten die Einf\u00fchrung eines \u201eGreen-Climate-Fund\u201c beschlossen, der bisher noch nicht \u00fcber gen\u00fcgend Geld verf\u00fcgt. Wir fordern, dass dieser Fonds ab dem Jahr 2020 den L\u00e4ndern des globalen S\u00fcdens j\u00e4hrlich 100 Milliarden US-Dollar bereitstellen kann. Zudem m\u00fcssen europ\u00e4ische und internationale Forschungsfonds, die sich mit den Themen Energieeffizienz, Energieeinsparung und Erneuerbare Energien besch\u00e4ftigen, finanziell aufgewertet werden.<\/span><\/span><\/p>\n<ul>\n<li><span style=\"font-family: Cambria, serif;\"><span style=\"font-size: small;\"><u>Klimaschutz ohne Sanktionen<\/u><\/span><\/span><\/li>\n<\/ul>\n<p><span style=\"font-family: Cambria, serif;\"><span style=\"font-size: small;\">Klimaschutzprojekte m\u00fcssen unterst\u00fctzt werden und d\u00fcrfen nicht Opfer von Sanktionsmechanismen werden. So muss weltweit der Umstieg auf Erneuerbare Energien forciert werden, gleich welche Haushaltslage und welcher Reformstand in dem jeweiligen Staat aktuell herrscht. Wir weisen Subventionen f\u00fcr fossile Energien sowie Sanktionen f\u00fcr Erneuerbare Energien konsequent zur\u00fcck.<\/span><\/span><\/p>\n<ul>\n<li><span style=\"font-family: Cambria, serif;\"><span style=\"font-size: small;\"><u>Schutz der Regenw\u00e4lder:<\/u><\/span><\/span><\/li>\n<\/ul>\n<p><span style=\"font-family: Cambria, serif;\"><span style=\"font-size: small;\">Die gro\u00dfen Regenwaldgebiete sind die \u201egr\u00fcnen Lungen\u201c unseres Planeten. Durch deren Abholzung geht nicht nur der kostbare Lebensraum unz\u00e4hliger Arten verloren, es schadet dem Klima in doppelter Hinsicht. Einerseits wird dadurch eine gro\u00dfe Menge CO<sub>2<\/sub> freigesetzt und gleichzeitig nimmt die CO<sub>2<\/sub>-Bindungskapazit\u00e4t weiter ab. Ein Klimaabkommen muss auch den Schutz der Regenw\u00e4lder bewusst regeln und die Staaten f\u00fcr aufkommende finanzielle Ausf\u00e4lle entsch\u00e4digen. <\/span><\/span><\/p>\n<p><span style=\"font-family: Cambria, serif;\"><span style=\"font-size: small;\"><b>Klimaschutz lokal<\/b><\/span><\/span><\/p>\n<p><span style=\"font-family: Cambria, serif;\"><span style=\"font-size: small;\">Die Kommunen stehen sowohl am Anfang als auch am Ende der Wirkungskette des Klimawandels. Vor Ort haben wir die unmittelbare M\u00f6glichkeit, unser Klima zu sch\u00fctzen, gleichzeitig werden wir die Auswirkungen bei uns direkt zu sp\u00fcren bekommen. Von daher muss f\u00fcr uns klar sein: Wo, wenn nicht vor Ort und wer, wenn nicht wir, sollen den Weg des Klimaschutzes konsequent beschreiten? <\/span><\/span><\/p>\n<p><span style=\"font-family: Cambria, serif;\"><span style=\"font-size: small;\"><u>Klimaschutzkonzepte \u00fcberall!<\/u><\/span><\/span><\/p>\n<p><span style=\"font-family: Cambria, serif;\"><span style=\"font-size: small;\">Die besten Ma\u00dfnahmen zum Klimaschutz haben einen sehr geringen Effekt, wenn sie nicht aufeinander abgestimmt sind. Um dies zu vermeiden, fordern wir, dass die Landkreise und Kommunen eigene integrierte Klimaschutzkonzepte erstellen, in denen Ma\u00dfnahmen geb\u00fcndelt werden k\u00f6nnen. Zus\u00e4tzlich zum Beitrag f\u00fcr eine ges\u00fcndere Atmosph\u00e4re k\u00f6nnen Klimaschutzkonzepte auch die interkommunale Zusammenarbeit f\u00f6rdern und damit Geld einsparen. Unersetzlich ist es, dass die im Konzept gesammelten und beschlossenen Ma\u00dfnahmen durch eine*n eigens einzustellende*n Klimaschutzmanager*in in den Landkreisen umgesetzt und vorangetrieben werden. Die Kosten f\u00fcr die Konzepterstellung und das neue Personal bezuschusst das Bundesumweltministerium durch die Programme \u201eNationale Klimaschutzinitiative\u201c und \u201eMasterplan Klimaschutz 100%\u201c mit bis zu 80%.<\/span><\/span><\/p>\n<p><span style=\"font-family: Cambria, serif;\"><span style=\"font-size: small;\"><u>Klimaschutz in der kommunalen Verwaltung: Mit gutem Beispiel vorangehen! <\/u><\/span><\/span><\/p>\n<p><span style=\"font-family: Cambria, serif;\"><span style=\"font-size: small;\">Ambitionierte Klimaschutzziele werden ad absurdum gef\u00fchrt, wenn Politiker*innen und Verwaltungen sich nicht selbst daf\u00fcr einsetzen. Es schadet der Glaubw\u00fcrdigkeit der gesamten Politik, wenn das Dienstfahrzeug der B\u00fcrgermeisterin eine dreckige, PS-starke CO<sub>2<\/sub>-Schleuder ist und in der Verwaltung immer die Lichter brennen. Von daher setzen wir uns daf\u00fcr ein, dass in der Verwaltung und in den kommunalen Betrieben Energiesparma\u00dfnahmen umgesetzt werden. Strom soll aus Erneuerbaren Energien bezogen und am besten selbst produziert werden. Die \u00f6ffentlichen Geb\u00e4ude einer jeden Kommune sollten energetisch saniert sein. Dienstfahrzeuge k\u00f6nnen auf Elektro- oder Erdgasantriebe umgestellt werden, auch (Elektro-)Fahrr\u00e4der stellen eine Alternative dar. F\u00fcr Mitarbeiter*innen ist es m\u00f6glich, Job-Tickets des RMV oder NVV anzubieten, um den Umstieg zum \u00d6PNV zu f\u00f6rdern. All diese Ma\u00dfnahmen helfen nicht nur dem Klima, sondern langfristig auch der Finanzsituation der Kommunen. Wir sprechen uns au\u00dferdem f\u00fcr eine ganzheitliche nachhaltige Beschaffung aus. Bei s\u00e4mtlichen Anschaffungen von \u00f6ffentlichen Einrichtungen, Verwaltungen, bei der Vergabe von Bauauftr\u00e4gen und der Auswahl von Baumaterialien usw. sollen also konkrete Umwelt- und Menschenrechtsstandards eine Rolle spielen.<\/span><\/span><\/p>\n<p><span style=\"font-family: Cambria, serif;\"><span style=\"font-size: small;\"><u>Die Zukunft planen und gestalten:<\/u><\/span><\/span><\/p>\n<p><span style=\"font-family: Cambria, serif;\"><span style=\"font-size: small;\">Kommunen haben vielf\u00e4ltige M\u00f6glichkeiten, den Klimaschutz zu gestalten. Mit ihrer Planungshoheit k\u00f6nnen St\u00e4dte und Gemeinden z.B. Bebauungspl\u00e4ne \u00f6kologisch ausrichten. Sie sollten hierbei F\u00f6rderprojekte f\u00fcr den privaten Wohnungsbau gestalten, die unb\u00fcrokratische und finanzielle Anreize f\u00fcr eine energetische Sanierung oder Nachr\u00fcstung schaffen. Ein sehr wichtiges Werkzeug sind zudem die eigenen Stadtwerke. Sie k\u00f6nnen eigenen \u00d6kostrom anbieten, den Nahverkehr ausbauen und Klimaberatungen anbieten. Eine \u00f6kologisch ausgerichtete Kommune schafft nicht nur Wertsch\u00f6pfung in der Region, sondern steigert auch die Lebensqualit\u00e4t. <\/span><\/span><\/p>\n<p><span style=\"font-family: Cambria, serif;\"><span style=\"font-size: small;\"><u>Landwirtschaft \u00f6kologisch ausrichten!<\/u><\/span><\/span><\/p>\n<p><span style=\"font-family: Cambria, serif;\"><span style=\"font-size: small;\">Klimaschutz ist ebenso in der Landwirtschaft wichtig. Auch Kommunen k\u00f6nnen regionale und nachhaltige Landwirtschaft f\u00f6rdern. Damit leisten sie nicht nur einen enormen Beitrag zum Klimaschutz, sondern greifen den lokalen Kleinbetrieben unter die Arme und beleben den lokalen Handel.<\/span><\/span><\/p>\n<p><span style=\"font-family: Cambria, serif;\"><span style=\"font-size: small;\"><u>Klimaschutz in der Schule:<\/u><\/span><\/span><\/p>\n<p><span style=\"font-family: Cambria, serif;\"><span style=\"font-size: small;\">Um k\u00fcnftigen Generationen n\u00e4her zu bringen, wie wichtig Klimaschutz ist und ihnen die individuellen Handlungsm\u00f6glichkeiten aufzuzeigen, halten wir es f\u00fcr essentiell, dieses Thema im Bildungssystem noch st\u00e4rker als bisher aufzugreifen.<\/span><\/span><\/p>\n<p><span style=\"font-family: Cambria, serif;\"><span style=\"font-size: small;\">Auch die Schule selbst kann mit gutem Beispiel vorangehen, indem sie z.B. ihren eigenen Strom mittels einer Solaranlage auf dem Dach produziert, Energiesparlampen die Flure erhellen oder in moderne Heizungsanlagen investiert. Um die Schulen zu motivieren, das Thema Klimaschutz immer wieder aufzugreifen, fordern wir die Schaffung weiterer Anreize f\u00fcr das Energieeinsparen an Schulen und w\u00fcnschen uns kommunale Initiativen, die die Thematik den Kindern und Jugendlichen mit lokalem Bezug n\u00e4herbringen.  <\/span><\/span><\/p>\n<p><span style=\"font-family: Cambria, serif;\"><span style=\"font-size: small;\"><u>Divestment now \u2013 hessische Kommunen kohlefrei!<\/u><\/span><\/span><\/p>\n<p><a name=\"_GoBack\"><\/a> <span style=\"font-family: Cambria, serif;\"><span style=\"font-size: small;\">\u00dcber Eigenbetriebe und Gesellschaftsbeteiligungen wie Stadtwerke, Schwimmb\u00e4der oder Sparkassen, aber auch als Kommune selbst, haben Gemeinden, St\u00e4dte und Landkreise viel Geld angelegt. Wenn eine Kommune jedoch konsequenten Klimaschutz betreiben will, muss sie daf\u00fcr sorgen, dass ihr Umlaufverm\u00f6gen nicht in fossile Projekte oder Unternehmen investiert wird. Selbst CO<sub>2<\/sub> einsparen zu wollen und gleichzeitig an einem anderen Ort auf der Welt Geld f\u00fcr ein neues Kohlekraftwerk bereitzustellen, ist nicht nur scheinheilig, sondern minimiert die eigenen Anstrengungen. Wir wollen, dass die hessischen Kommunen sich aus diesen Spekulationen zur\u00fcckziehen.<\/span><\/span><\/p>\n<p><span style=\"font-family: Cambria, serif;\"><span style=\"font-size: small;\"><u>Klimaschutz zum Mitmachen <\/u><\/span><\/span><\/p>\n<p><span style=\"font-family: Cambria, serif;\"><span style=\"font-size: small;\">Die besten Ideen, wie mit vielen kleinen und wichtigen Initiativen Klimaschutz umgesetzt werden kann, haben die B\u00fcrger*innen selbst. Ein solcher Dialog von B\u00fcrger*innen und Politik kann vom Klimaschutzmanagement des Kreises unterst\u00fctzt werden. Mit Klima-Aktionstagen kann dieses doch sehr theoretische Thema den Menschen regelm\u00e4\u00dfig und praxisnah begegnen. Energieberatungs- und Energieeffizienzzentren dienen den B\u00fcrger*innen zudem als wichtige Anlauf- und Beratungsstellen und k\u00f6nnen in die Planung und Umsetzung der Klima-Aktionstage integriert werden. <\/span><\/span><\/p>\n","protected":false},"excerpt":{"rendered":"<p>Unser aller Handeln beschleunigt den Klimawandel. Insbesondere das Weltklima leidet, wenn die fossilen Energietr\u00e4ger \u00d6l, Gas und Kohle verbrannt werden und wenn Kernenergie produziert wird. Doch nicht nur unser Energieverbrauch in Form von Strom, Mobilit\u00e4t und W\u00e4rme, sondern jede Konsumentscheidung, die wir treffen, hat auch einen Klimaaspekt. Klimaverantwortung beginnt daher bei jeder* und jedem*, ebenso [&hellip;]<\/p>\n","protected":false},"author":1,"featured_media":0,"comment_status":"closed","ping_status":"closed","sticky":false,"template":"","format":"standard","meta":{"footnotes":""},"categories":[234,235],"tags":[],"class_list":["post-4187","post","type-post","status-publish","format-standard","hentry","category-beschluesse","category-umwelt-energie"],"yoast_head":"<!-- This site is optimized with the Yoast SEO plugin v27.5 - https:\/\/yoast.com\/product\/yoast-seo-wordpress\/ -->\n<title>LMV November 2015: J\u2019aime le Climat \u2013 Aufstehen, Klima retten! - GR\u00dcNE JUGEND Hessen<\/title>\n<meta name=\"robots\" content=\"index, follow, max-snippet:-1, max-image-preview:large, max-video-preview:-1\" \/>\n<link rel=\"canonical\" href=\"https:\/\/www.gjh.de\/frog\/lmv-november-2015-jaime-le-climat-aufstehen-klima-retten\/\" \/>\n<meta property=\"og:locale\" content=\"de_DE\" \/>\n<meta property=\"og:type\" content=\"article\" \/>\n<meta property=\"og:title\" content=\"LMV November 2015: J\u2019aime le Climat \u2013 Aufstehen, Klima retten! - GR\u00dcNE JUGEND Hessen\" \/>\n<meta property=\"og:description\" content=\"Unser aller Handeln beschleunigt den Klimawandel. Insbesondere das Weltklima leidet, wenn die fossilen Energietr\u00e4ger \u00d6l, Gas und Kohle verbrannt werden und wenn Kernenergie produziert wird. Doch nicht nur unser Energieverbrauch in Form von Strom, Mobilit\u00e4t und W\u00e4rme, sondern jede Konsumentscheidung, die wir treffen, hat auch einen Klimaaspekt. Klimaverantwortung beginnt daher bei jeder* und jedem*, ebenso [&hellip;]\" \/>\n<meta property=\"og:url\" content=\"https:\/\/www.gjh.de\/frog\/lmv-november-2015-jaime-le-climat-aufstehen-klima-retten\/\" \/>\n<meta property=\"og:site_name\" content=\"GR\u00dcNE JUGEND Hessen\" \/>\n<meta property=\"article:published_time\" content=\"2015-11-19T12:02:24+00:00\" \/>\n<meta property=\"article:modified_time\" content=\"2021-11-23T12:09:40+00:00\" \/>\n<meta name=\"author\" content=\"Gr\u00fcne Jugend Hessen\" \/>\n<meta name=\"twitter:card\" content=\"summary_large_image\" \/>\n<meta name=\"twitter:label1\" content=\"Verfasst von\" \/>\n\t<meta name=\"twitter:data1\" content=\"Gr\u00fcne Jugend Hessen\" \/>\n\t<meta name=\"twitter:label2\" content=\"Gesch\u00e4tzte Lesezeit\" \/>\n\t<meta name=\"twitter:data2\" content=\"8\u00a0Minuten\" \/>\n<script type=\"application\/ld+json\" class=\"yoast-schema-graph\">{\"@context\":\"https:\\\/\\\/schema.org\",\"@graph\":[{\"@type\":\"Article\",\"@id\":\"https:\\\/\\\/www.gjh.de\\\/frog\\\/lmv-november-2015-jaime-le-climat-aufstehen-klima-retten\\\/#article\",\"isPartOf\":{\"@id\":\"https:\\\/\\\/www.gjh.de\\\/frog\\\/lmv-november-2015-jaime-le-climat-aufstehen-klima-retten\\\/\"},\"author\":{\"name\":\"Gr\u00fcne Jugend Hessen\",\"@id\":\"https:\\\/\\\/www.gjh.de\\\/frog\\\/#\\\/schema\\\/person\\\/b8fa006520a86a3226e05402520d4f13\"},\"headline\":\"LMV November 2015: J\u2019aime le Climat \u2013 Aufstehen, Klima retten!\",\"datePublished\":\"2015-11-19T12:02:24+00:00\",\"dateModified\":\"2021-11-23T12:09:40+00:00\",\"mainEntityOfPage\":{\"@id\":\"https:\\\/\\\/www.gjh.de\\\/frog\\\/lmv-november-2015-jaime-le-climat-aufstehen-klima-retten\\\/\"},\"wordCount\":1644,\"articleSection\":[\"Beschl\u00fcsse\",\"Umwelt und Energie\"],\"inLanguage\":\"de\"},{\"@type\":\"WebPage\",\"@id\":\"https:\\\/\\\/www.gjh.de\\\/frog\\\/lmv-november-2015-jaime-le-climat-aufstehen-klima-retten\\\/\",\"url\":\"https:\\\/\\\/www.gjh.de\\\/frog\\\/lmv-november-2015-jaime-le-climat-aufstehen-klima-retten\\\/\",\"name\":\"LMV November 2015: J\u2019aime le Climat \u2013 Aufstehen, Klima retten! - GR\u00dcNE JUGEND Hessen\",\"isPartOf\":{\"@id\":\"https:\\\/\\\/www.gjh.de\\\/frog\\\/#website\"},\"datePublished\":\"2015-11-19T12:02:24+00:00\",\"dateModified\":\"2021-11-23T12:09:40+00:00\",\"author\":{\"@id\":\"https:\\\/\\\/www.gjh.de\\\/frog\\\/#\\\/schema\\\/person\\\/b8fa006520a86a3226e05402520d4f13\"},\"breadcrumb\":{\"@id\":\"https:\\\/\\\/www.gjh.de\\\/frog\\\/lmv-november-2015-jaime-le-climat-aufstehen-klima-retten\\\/#breadcrumb\"},\"inLanguage\":\"de\",\"potentialAction\":[{\"@type\":\"ReadAction\",\"target\":[\"https:\\\/\\\/www.gjh.de\\\/frog\\\/lmv-november-2015-jaime-le-climat-aufstehen-klima-retten\\\/\"]}]},{\"@type\":\"BreadcrumbList\",\"@id\":\"https:\\\/\\\/www.gjh.de\\\/frog\\\/lmv-november-2015-jaime-le-climat-aufstehen-klima-retten\\\/#breadcrumb\",\"itemListElement\":[{\"@type\":\"ListItem\",\"position\":1,\"name\":\"Startseite\",\"item\":\"https:\\\/\\\/www.gjh.de\\\/frog\\\/\"},{\"@type\":\"ListItem\",\"position\":2,\"name\":\"LMV November 2015: J\u2019aime le Climat \u2013 Aufstehen, Klima retten!\"}]},{\"@type\":\"WebSite\",\"@id\":\"https:\\\/\\\/www.gjh.de\\\/frog\\\/#website\",\"url\":\"https:\\\/\\\/www.gjh.de\\\/frog\\\/\",\"name\":\"GR\u00dcNE JUGEND Hessen\",\"description\":\"\",\"potentialAction\":[{\"@type\":\"SearchAction\",\"target\":{\"@type\":\"EntryPoint\",\"urlTemplate\":\"https:\\\/\\\/www.gjh.de\\\/frog\\\/?s={search_term_string}\"},\"query-input\":{\"@type\":\"PropertyValueSpecification\",\"valueRequired\":true,\"valueName\":\"search_term_string\"}}],\"inLanguage\":\"de\"},{\"@type\":\"Person\",\"@id\":\"https:\\\/\\\/www.gjh.de\\\/frog\\\/#\\\/schema\\\/person\\\/b8fa006520a86a3226e05402520d4f13\",\"name\":\"Gr\u00fcne Jugend Hessen\",\"image\":{\"@type\":\"ImageObject\",\"inLanguage\":\"de\",\"@id\":\"https:\\\/\\\/secure.gravatar.com\\\/avatar\\\/e938d46263c3d10a08350877687bfc15fd4ba70a3de2fa88ac7b3d8603f2ed56?s=96&d=mm&r=g\",\"url\":\"https:\\\/\\\/secure.gravatar.com\\\/avatar\\\/e938d46263c3d10a08350877687bfc15fd4ba70a3de2fa88ac7b3d8603f2ed56?s=96&d=mm&r=g\",\"contentUrl\":\"https:\\\/\\\/secure.gravatar.com\\\/avatar\\\/e938d46263c3d10a08350877687bfc15fd4ba70a3de2fa88ac7b3d8603f2ed56?s=96&d=mm&r=g\",\"caption\":\"Gr\u00fcne Jugend Hessen\"},\"sameAs\":[\"https:\\\/\\\/www.gjh.de\"],\"url\":\"https:\\\/\\\/www.gjh.de\\\/frog\\\/author\\\/admin\\\/\"}]}<\/script>\n<!-- \/ Yoast SEO plugin. -->","yoast_head_json":{"title":"LMV November 2015: J\u2019aime le Climat \u2013 Aufstehen, Klima retten! - GR\u00dcNE JUGEND Hessen","robots":{"index":"index","follow":"follow","max-snippet":"max-snippet:-1","max-image-preview":"max-image-preview:large","max-video-preview":"max-video-preview:-1"},"canonical":"https:\/\/www.gjh.de\/frog\/lmv-november-2015-jaime-le-climat-aufstehen-klima-retten\/","og_locale":"de_DE","og_type":"article","og_title":"LMV November 2015: J\u2019aime le Climat \u2013 Aufstehen, Klima retten! - GR\u00dcNE JUGEND Hessen","og_description":"Unser aller Handeln beschleunigt den Klimawandel. Insbesondere das Weltklima leidet, wenn die fossilen Energietr\u00e4ger \u00d6l, Gas und Kohle verbrannt werden und wenn Kernenergie produziert wird. Doch nicht nur unser Energieverbrauch in Form von Strom, Mobilit\u00e4t und W\u00e4rme, sondern jede Konsumentscheidung, die wir treffen, hat auch einen Klimaaspekt. Klimaverantwortung beginnt daher bei jeder* und jedem*, ebenso [&hellip;]","og_url":"https:\/\/www.gjh.de\/frog\/lmv-november-2015-jaime-le-climat-aufstehen-klima-retten\/","og_site_name":"GR\u00dcNE JUGEND Hessen","article_published_time":"2015-11-19T12:02:24+00:00","article_modified_time":"2021-11-23T12:09:40+00:00","author":"Gr\u00fcne Jugend Hessen","twitter_card":"summary_large_image","twitter_misc":{"Verfasst von":"Gr\u00fcne Jugend Hessen","Gesch\u00e4tzte Lesezeit":"8\u00a0Minuten"},"schema":{"@context":"https:\/\/schema.org","@graph":[{"@type":"Article","@id":"https:\/\/www.gjh.de\/frog\/lmv-november-2015-jaime-le-climat-aufstehen-klima-retten\/#article","isPartOf":{"@id":"https:\/\/www.gjh.de\/frog\/lmv-november-2015-jaime-le-climat-aufstehen-klima-retten\/"},"author":{"name":"Gr\u00fcne Jugend Hessen","@id":"https:\/\/www.gjh.de\/frog\/#\/schema\/person\/b8fa006520a86a3226e05402520d4f13"},"headline":"LMV November 2015: J\u2019aime le Climat \u2013 Aufstehen, Klima retten!","datePublished":"2015-11-19T12:02:24+00:00","dateModified":"2021-11-23T12:09:40+00:00","mainEntityOfPage":{"@id":"https:\/\/www.gjh.de\/frog\/lmv-november-2015-jaime-le-climat-aufstehen-klima-retten\/"},"wordCount":1644,"articleSection":["Beschl\u00fcsse","Umwelt und Energie"],"inLanguage":"de"},{"@type":"WebPage","@id":"https:\/\/www.gjh.de\/frog\/lmv-november-2015-jaime-le-climat-aufstehen-klima-retten\/","url":"https:\/\/www.gjh.de\/frog\/lmv-november-2015-jaime-le-climat-aufstehen-klima-retten\/","name":"LMV November 2015: J\u2019aime le Climat \u2013 Aufstehen, Klima retten! - GR\u00dcNE JUGEND Hessen","isPartOf":{"@id":"https:\/\/www.gjh.de\/frog\/#website"},"datePublished":"2015-11-19T12:02:24+00:00","dateModified":"2021-11-23T12:09:40+00:00","author":{"@id":"https:\/\/www.gjh.de\/frog\/#\/schema\/person\/b8fa006520a86a3226e05402520d4f13"},"breadcrumb":{"@id":"https:\/\/www.gjh.de\/frog\/lmv-november-2015-jaime-le-climat-aufstehen-klima-retten\/#breadcrumb"},"inLanguage":"de","potentialAction":[{"@type":"ReadAction","target":["https:\/\/www.gjh.de\/frog\/lmv-november-2015-jaime-le-climat-aufstehen-klima-retten\/"]}]},{"@type":"BreadcrumbList","@id":"https:\/\/www.gjh.de\/frog\/lmv-november-2015-jaime-le-climat-aufstehen-klima-retten\/#breadcrumb","itemListElement":[{"@type":"ListItem","position":1,"name":"Startseite","item":"https:\/\/www.gjh.de\/frog\/"},{"@type":"ListItem","position":2,"name":"LMV November 2015: J\u2019aime le Climat \u2013 Aufstehen, Klima retten!"}]},{"@type":"WebSite","@id":"https:\/\/www.gjh.de\/frog\/#website","url":"https:\/\/www.gjh.de\/frog\/","name":"GR\u00dcNE JUGEND Hessen","description":"","potentialAction":[{"@type":"SearchAction","target":{"@type":"EntryPoint","urlTemplate":"https:\/\/www.gjh.de\/frog\/?s={search_term_string}"},"query-input":{"@type":"PropertyValueSpecification","valueRequired":true,"valueName":"search_term_string"}}],"inLanguage":"de"},{"@type":"Person","@id":"https:\/\/www.gjh.de\/frog\/#\/schema\/person\/b8fa006520a86a3226e05402520d4f13","name":"Gr\u00fcne Jugend Hessen","image":{"@type":"ImageObject","inLanguage":"de","@id":"https:\/\/secure.gravatar.com\/avatar\/e938d46263c3d10a08350877687bfc15fd4ba70a3de2fa88ac7b3d8603f2ed56?s=96&d=mm&r=g","url":"https:\/\/secure.gravatar.com\/avatar\/e938d46263c3d10a08350877687bfc15fd4ba70a3de2fa88ac7b3d8603f2ed56?s=96&d=mm&r=g","contentUrl":"https:\/\/secure.gravatar.com\/avatar\/e938d46263c3d10a08350877687bfc15fd4ba70a3de2fa88ac7b3d8603f2ed56?s=96&d=mm&r=g","caption":"Gr\u00fcne Jugend Hessen"},"sameAs":["https:\/\/www.gjh.de"],"url":"https:\/\/www.gjh.de\/frog\/author\/admin\/"}]}},"_links":{"self":[{"href":"https:\/\/www.gjh.de\/frog\/wp-json\/wp\/v2\/posts\/4187","targetHints":{"allow":["GET"]}}],"collection":[{"href":"https:\/\/www.gjh.de\/frog\/wp-json\/wp\/v2\/posts"}],"about":[{"href":"https:\/\/www.gjh.de\/frog\/wp-json\/wp\/v2\/types\/post"}],"author":[{"embeddable":true,"href":"https:\/\/www.gjh.de\/frog\/wp-json\/wp\/v2\/users\/1"}],"replies":[{"embeddable":true,"href":"https:\/\/www.gjh.de\/frog\/wp-json\/wp\/v2\/comments?post=4187"}],"version-history":[{"count":2,"href":"https:\/\/www.gjh.de\/frog\/wp-json\/wp\/v2\/posts\/4187\/revisions"}],"predecessor-version":[{"id":10110,"href":"https:\/\/www.gjh.de\/frog\/wp-json\/wp\/v2\/posts\/4187\/revisions\/10110"}],"wp:attachment":[{"href":"https:\/\/www.gjh.de\/frog\/wp-json\/wp\/v2\/media?parent=4187"}],"wp:term":[{"taxonomy":"category","embeddable":true,"href":"https:\/\/www.gjh.de\/frog\/wp-json\/wp\/v2\/categories?post=4187"},{"taxonomy":"post_tag","embeddable":true,"href":"https:\/\/www.gjh.de\/frog\/wp-json\/wp\/v2\/tags?post=4187"}],"curies":[{"name":"wp","href":"https:\/\/api.w.org\/{rel}","templated":true}]}}