{"id":4209,"date":"2015-11-19T13:09:25","date_gmt":"2015-11-19T12:09:25","guid":{"rendered":"https:\/\/www.gjh.de\/2014\/?post_type=beschluss&#038;p=4209"},"modified":"2021-11-20T12:29:36","modified_gmt":"2021-11-20T11:29:36","slug":"lmv-november-2015-npd-bundesparteitag-auf-zur-gegendemo-nach-weinheim-gegen-rassistische-hetze-ueberall","status":"publish","type":"post","link":"https:\/\/www.gjh.de\/frog\/lmv-november-2015-npd-bundesparteitag-auf-zur-gegendemo-nach-weinheim-gegen-rassistische-hetze-ueberall\/","title":{"rendered":"LMV November 2015: NPD-Bundesparteitag: Auf zur Gegendemo nach Weinheim: Gegen rassistische Hetze &#8211; \u00fcberall!"},"content":{"rendered":"<p><span style=\"font-family: Cambria, serif;\"><span style=\"font-size: small;\">Am kommenden Wochenende, den 21. und 22. November 2015, findet in Weinheim zum dritten Mal in Folge der Bundesparteitag der rechtsextremen Partei NPD statt.<\/span><\/span><\/p>\n<p><span style=\"font-family: Cambria, serif;\"><span style=\"font-size: small;\">Dieser rassistischen Hetze gegen\u00fcber Gefl\u00fcchteten und Migrant*innen darf keine Plattform gegeben werden. Gerade jetzt m\u00fcssen wir als Gesellschaft zusammenhalten und ein Zeichen f\u00fcr Menschenrechte, Demokratie, Toleranz und Vielfalt setzen. Die Initiativen &#8222;Weinheim bleibt bunt&#8220;, &#8222;Nazifreies Weinheim&#8220; und &#8222;Weinheim gegen Rechts&#8220; haben bereits Gegenkundgebungen angemeldet, was wir sehr begr\u00fc\u00dfen.<\/span><\/span><\/p>\n<p><span style=\"font-family: Cambria, serif;\"><span style=\"font-size: small;\">Als Gr\u00fcne Jugend Hessen unterst\u00fctzen wir die Gegendemonstrationen und teilen den Aufruf der verschiedenen Initiativen:<\/span><\/span><\/p>\n<p><span style=\"font-family: Cambria, serif;\"><span style=\"font-size: small;\">&#8222;Am 21.\/22. November 2015 soll der nunmehr dritte Bundesparteitag der NPD in Weinheim an der Bergstra\u00dfe stattfinden. Die Stadt entwickelt sich trotz lokaler Proteste immer mehr zu einer Stadt der NPD, einer bedeutenden Partei innerhalb der Nazi-Bewegung. Die NPD versucht derzeit in der Umgebung Weinheims gezielt Ortsgruppen aufzubauen und bereits jetzt die Landtagswahl 2016 f\u00fcr ihre Propaganda zu nutzen. Rechte Bewegungen wie Pegida oder faschistische Organisationen wie die NPD gedeihen auf dem fruchtbaren Boden, den ihnen zahlreiche Politiker*innen und Medien mit ihrer rassistischen Hetze bieten.<\/span><\/span><\/p>\n<p><span style=\"font-family: Cambria, serif;\"><span style=\"font-size: small;\">Beteiligt euch am 21.\/22. November an den Protesten verschiedener antifaschistischer Gruppen in Weinheim! Haltet euch das Wochenende frei! Achtet wegen der Treffpunkte und Uhrzeiten auf aktuelle Ank\u00fcndigungen! Stoppt die NPD! F\u00fcr eine Gesellschaft ohne Rassismus und Faschismus!\u201c<\/span><\/span><\/p>\n","protected":false},"excerpt":{"rendered":"<p>Am kommenden Wochenende, den 21. und 22. November 2015, findet in Weinheim zum dritten Mal in Folge der Bundesparteitag der rechtsextremen Partei NPD statt. Dieser rassistischen Hetze gegen\u00fcber Gefl\u00fcchteten und Migrant*innen darf keine Plattform gegeben werden. Gerade jetzt m\u00fcssen wir als Gesellschaft zusammenhalten und ein Zeichen f\u00fcr Menschenrechte, Demokratie, Toleranz und Vielfalt setzen. Die Initiativen [&hellip;]<\/p>\n","protected":false},"author":1,"featured_media":0,"comment_status":"closed","ping_status":"closed","sticky":false,"template":"","format":"standard","meta":{"footnotes":""},"categories":[234,237,241],"tags":[],"class_list":["post-4209","post","type-post","status-publish","format-standard","hentry","category-beschluesse","category-buergerinnen-rechte-und-demokratie","category-flucht-und-asyl"],"yoast_head":"<!-- This site is optimized with the Yoast SEO plugin v27.4 - https:\/\/yoast.com\/product\/yoast-seo-wordpress\/ -->\n<title>LMV November 2015: NPD-Bundesparteitag: Auf zur Gegendemo nach Weinheim: Gegen rassistische Hetze - \u00fcberall! - GR\u00dcNE JUGEND Hessen<\/title>\n<meta name=\"robots\" content=\"index, follow, max-snippet:-1, max-image-preview:large, max-video-preview:-1\" \/>\n<link rel=\"canonical\" href=\"https:\/\/www.gjh.de\/frog\/lmv-november-2015-npd-bundesparteitag-auf-zur-gegendemo-nach-weinheim-gegen-rassistische-hetze-ueberall\/\" \/>\n<meta property=\"og:locale\" content=\"de_DE\" \/>\n<meta property=\"og:type\" content=\"article\" \/>\n<meta property=\"og:title\" content=\"LMV November 2015: NPD-Bundesparteitag: Auf zur Gegendemo nach Weinheim: Gegen rassistische Hetze - \u00fcberall! - GR\u00dcNE JUGEND Hessen\" \/>\n<meta property=\"og:description\" content=\"Am kommenden Wochenende, den 21. und 22. November 2015, findet in Weinheim zum dritten Mal in Folge der Bundesparteitag der rechtsextremen Partei NPD statt. Dieser rassistischen Hetze gegen\u00fcber Gefl\u00fcchteten und Migrant*innen darf keine Plattform gegeben werden. Gerade jetzt m\u00fcssen wir als Gesellschaft zusammenhalten und ein Zeichen f\u00fcr Menschenrechte, Demokratie, Toleranz und Vielfalt setzen. Die Initiativen [&hellip;]\" \/>\n<meta property=\"og:url\" content=\"https:\/\/www.gjh.de\/frog\/lmv-november-2015-npd-bundesparteitag-auf-zur-gegendemo-nach-weinheim-gegen-rassistische-hetze-ueberall\/\" \/>\n<meta property=\"og:site_name\" content=\"GR\u00dcNE JUGEND Hessen\" \/>\n<meta property=\"article:published_time\" content=\"2015-11-19T12:09:25+00:00\" \/>\n<meta property=\"article:modified_time\" content=\"2021-11-20T11:29:36+00:00\" \/>\n<meta name=\"author\" content=\"Gr\u00fcne Jugend Hessen\" \/>\n<meta name=\"twitter:card\" content=\"summary_large_image\" \/>\n<meta name=\"twitter:label1\" content=\"Verfasst von\" \/>\n\t<meta name=\"twitter:data1\" content=\"Gr\u00fcne Jugend Hessen\" \/>\n\t<meta name=\"twitter:label2\" content=\"Gesch\u00e4tzte Lesezeit\" \/>\n\t<meta name=\"twitter:data2\" content=\"1\u00a0Minute\" \/>\n<script type=\"application\/ld+json\" class=\"yoast-schema-graph\">{\"@context\":\"https:\\\/\\\/schema.org\",\"@graph\":[{\"@type\":\"Article\",\"@id\":\"https:\\\/\\\/www.gjh.de\\\/frog\\\/lmv-november-2015-npd-bundesparteitag-auf-zur-gegendemo-nach-weinheim-gegen-rassistische-hetze-ueberall\\\/#article\",\"isPartOf\":{\"@id\":\"https:\\\/\\\/www.gjh.de\\\/frog\\\/lmv-november-2015-npd-bundesparteitag-auf-zur-gegendemo-nach-weinheim-gegen-rassistische-hetze-ueberall\\\/\"},\"author\":{\"name\":\"Gr\u00fcne Jugend Hessen\",\"@id\":\"https:\\\/\\\/www.gjh.de\\\/frog\\\/#\\\/schema\\\/person\\\/b8fa006520a86a3226e05402520d4f13\"},\"headline\":\"LMV November 2015: NPD-Bundesparteitag: Auf zur Gegendemo nach Weinheim: Gegen rassistische Hetze &#8211; \u00fcberall!\",\"datePublished\":\"2015-11-19T12:09:25+00:00\",\"dateModified\":\"2021-11-20T11:29:36+00:00\",\"mainEntityOfPage\":{\"@id\":\"https:\\\/\\\/www.gjh.de\\\/frog\\\/lmv-november-2015-npd-bundesparteitag-auf-zur-gegendemo-nach-weinheim-gegen-rassistische-hetze-ueberall\\\/\"},\"wordCount\":228,\"articleSection\":[\"Beschl\u00fcsse\",\"B\u00fcrger*innen-Rechte und Demokratie\",\"Flucht und Asyl\"],\"inLanguage\":\"de\"},{\"@type\":\"WebPage\",\"@id\":\"https:\\\/\\\/www.gjh.de\\\/frog\\\/lmv-november-2015-npd-bundesparteitag-auf-zur-gegendemo-nach-weinheim-gegen-rassistische-hetze-ueberall\\\/\",\"url\":\"https:\\\/\\\/www.gjh.de\\\/frog\\\/lmv-november-2015-npd-bundesparteitag-auf-zur-gegendemo-nach-weinheim-gegen-rassistische-hetze-ueberall\\\/\",\"name\":\"LMV November 2015: NPD-Bundesparteitag: Auf zur Gegendemo nach Weinheim: Gegen rassistische Hetze - \u00fcberall! - GR\u00dcNE JUGEND Hessen\",\"isPartOf\":{\"@id\":\"https:\\\/\\\/www.gjh.de\\\/frog\\\/#website\"},\"datePublished\":\"2015-11-19T12:09:25+00:00\",\"dateModified\":\"2021-11-20T11:29:36+00:00\",\"author\":{\"@id\":\"https:\\\/\\\/www.gjh.de\\\/frog\\\/#\\\/schema\\\/person\\\/b8fa006520a86a3226e05402520d4f13\"},\"breadcrumb\":{\"@id\":\"https:\\\/\\\/www.gjh.de\\\/frog\\\/lmv-november-2015-npd-bundesparteitag-auf-zur-gegendemo-nach-weinheim-gegen-rassistische-hetze-ueberall\\\/#breadcrumb\"},\"inLanguage\":\"de\",\"potentialAction\":[{\"@type\":\"ReadAction\",\"target\":[\"https:\\\/\\\/www.gjh.de\\\/frog\\\/lmv-november-2015-npd-bundesparteitag-auf-zur-gegendemo-nach-weinheim-gegen-rassistische-hetze-ueberall\\\/\"]}]},{\"@type\":\"BreadcrumbList\",\"@id\":\"https:\\\/\\\/www.gjh.de\\\/frog\\\/lmv-november-2015-npd-bundesparteitag-auf-zur-gegendemo-nach-weinheim-gegen-rassistische-hetze-ueberall\\\/#breadcrumb\",\"itemListElement\":[{\"@type\":\"ListItem\",\"position\":1,\"name\":\"Startseite\",\"item\":\"https:\\\/\\\/www.gjh.de\\\/frog\\\/\"},{\"@type\":\"ListItem\",\"position\":2,\"name\":\"LMV November 2015: NPD-Bundesparteitag: Auf zur Gegendemo nach Weinheim: Gegen rassistische Hetze &#8211; \u00fcberall!\"}]},{\"@type\":\"WebSite\",\"@id\":\"https:\\\/\\\/www.gjh.de\\\/frog\\\/#website\",\"url\":\"https:\\\/\\\/www.gjh.de\\\/frog\\\/\",\"name\":\"GR\u00dcNE JUGEND Hessen\",\"description\":\"\",\"potentialAction\":[{\"@type\":\"SearchAction\",\"target\":{\"@type\":\"EntryPoint\",\"urlTemplate\":\"https:\\\/\\\/www.gjh.de\\\/frog\\\/?s={search_term_string}\"},\"query-input\":{\"@type\":\"PropertyValueSpecification\",\"valueRequired\":true,\"valueName\":\"search_term_string\"}}],\"inLanguage\":\"de\"},{\"@type\":\"Person\",\"@id\":\"https:\\\/\\\/www.gjh.de\\\/frog\\\/#\\\/schema\\\/person\\\/b8fa006520a86a3226e05402520d4f13\",\"name\":\"Gr\u00fcne Jugend Hessen\",\"image\":{\"@type\":\"ImageObject\",\"inLanguage\":\"de\",\"@id\":\"https:\\\/\\\/secure.gravatar.com\\\/avatar\\\/e938d46263c3d10a08350877687bfc15fd4ba70a3de2fa88ac7b3d8603f2ed56?s=96&d=mm&r=g\",\"url\":\"https:\\\/\\\/secure.gravatar.com\\\/avatar\\\/e938d46263c3d10a08350877687bfc15fd4ba70a3de2fa88ac7b3d8603f2ed56?s=96&d=mm&r=g\",\"contentUrl\":\"https:\\\/\\\/secure.gravatar.com\\\/avatar\\\/e938d46263c3d10a08350877687bfc15fd4ba70a3de2fa88ac7b3d8603f2ed56?s=96&d=mm&r=g\",\"caption\":\"Gr\u00fcne Jugend Hessen\"},\"sameAs\":[\"https:\\\/\\\/www.gjh.de\"],\"url\":\"https:\\\/\\\/www.gjh.de\\\/frog\\\/author\\\/admin\\\/\"}]}<\/script>\n<!-- \/ Yoast SEO plugin. -->","yoast_head_json":{"title":"LMV November 2015: NPD-Bundesparteitag: Auf zur Gegendemo nach Weinheim: Gegen rassistische Hetze - \u00fcberall! - GR\u00dcNE JUGEND Hessen","robots":{"index":"index","follow":"follow","max-snippet":"max-snippet:-1","max-image-preview":"max-image-preview:large","max-video-preview":"max-video-preview:-1"},"canonical":"https:\/\/www.gjh.de\/frog\/lmv-november-2015-npd-bundesparteitag-auf-zur-gegendemo-nach-weinheim-gegen-rassistische-hetze-ueberall\/","og_locale":"de_DE","og_type":"article","og_title":"LMV November 2015: NPD-Bundesparteitag: Auf zur Gegendemo nach Weinheim: Gegen rassistische Hetze - \u00fcberall! - GR\u00dcNE JUGEND Hessen","og_description":"Am kommenden Wochenende, den 21. und 22. November 2015, findet in Weinheim zum dritten Mal in Folge der Bundesparteitag der rechtsextremen Partei NPD statt. Dieser rassistischen Hetze gegen\u00fcber Gefl\u00fcchteten und Migrant*innen darf keine Plattform gegeben werden. Gerade jetzt m\u00fcssen wir als Gesellschaft zusammenhalten und ein Zeichen f\u00fcr Menschenrechte, Demokratie, Toleranz und Vielfalt setzen. Die Initiativen [&hellip;]","og_url":"https:\/\/www.gjh.de\/frog\/lmv-november-2015-npd-bundesparteitag-auf-zur-gegendemo-nach-weinheim-gegen-rassistische-hetze-ueberall\/","og_site_name":"GR\u00dcNE JUGEND Hessen","article_published_time":"2015-11-19T12:09:25+00:00","article_modified_time":"2021-11-20T11:29:36+00:00","author":"Gr\u00fcne Jugend Hessen","twitter_card":"summary_large_image","twitter_misc":{"Verfasst von":"Gr\u00fcne Jugend Hessen","Gesch\u00e4tzte Lesezeit":"1\u00a0Minute"},"schema":{"@context":"https:\/\/schema.org","@graph":[{"@type":"Article","@id":"https:\/\/www.gjh.de\/frog\/lmv-november-2015-npd-bundesparteitag-auf-zur-gegendemo-nach-weinheim-gegen-rassistische-hetze-ueberall\/#article","isPartOf":{"@id":"https:\/\/www.gjh.de\/frog\/lmv-november-2015-npd-bundesparteitag-auf-zur-gegendemo-nach-weinheim-gegen-rassistische-hetze-ueberall\/"},"author":{"name":"Gr\u00fcne Jugend Hessen","@id":"https:\/\/www.gjh.de\/frog\/#\/schema\/person\/b8fa006520a86a3226e05402520d4f13"},"headline":"LMV November 2015: NPD-Bundesparteitag: Auf zur Gegendemo nach Weinheim: Gegen rassistische Hetze &#8211; \u00fcberall!","datePublished":"2015-11-19T12:09:25+00:00","dateModified":"2021-11-20T11:29:36+00:00","mainEntityOfPage":{"@id":"https:\/\/www.gjh.de\/frog\/lmv-november-2015-npd-bundesparteitag-auf-zur-gegendemo-nach-weinheim-gegen-rassistische-hetze-ueberall\/"},"wordCount":228,"articleSection":["Beschl\u00fcsse","B\u00fcrger*innen-Rechte und Demokratie","Flucht und Asyl"],"inLanguage":"de"},{"@type":"WebPage","@id":"https:\/\/www.gjh.de\/frog\/lmv-november-2015-npd-bundesparteitag-auf-zur-gegendemo-nach-weinheim-gegen-rassistische-hetze-ueberall\/","url":"https:\/\/www.gjh.de\/frog\/lmv-november-2015-npd-bundesparteitag-auf-zur-gegendemo-nach-weinheim-gegen-rassistische-hetze-ueberall\/","name":"LMV November 2015: NPD-Bundesparteitag: Auf zur Gegendemo nach Weinheim: Gegen rassistische Hetze - \u00fcberall! - GR\u00dcNE JUGEND Hessen","isPartOf":{"@id":"https:\/\/www.gjh.de\/frog\/#website"},"datePublished":"2015-11-19T12:09:25+00:00","dateModified":"2021-11-20T11:29:36+00:00","author":{"@id":"https:\/\/www.gjh.de\/frog\/#\/schema\/person\/b8fa006520a86a3226e05402520d4f13"},"breadcrumb":{"@id":"https:\/\/www.gjh.de\/frog\/lmv-november-2015-npd-bundesparteitag-auf-zur-gegendemo-nach-weinheim-gegen-rassistische-hetze-ueberall\/#breadcrumb"},"inLanguage":"de","potentialAction":[{"@type":"ReadAction","target":["https:\/\/www.gjh.de\/frog\/lmv-november-2015-npd-bundesparteitag-auf-zur-gegendemo-nach-weinheim-gegen-rassistische-hetze-ueberall\/"]}]},{"@type":"BreadcrumbList","@id":"https:\/\/www.gjh.de\/frog\/lmv-november-2015-npd-bundesparteitag-auf-zur-gegendemo-nach-weinheim-gegen-rassistische-hetze-ueberall\/#breadcrumb","itemListElement":[{"@type":"ListItem","position":1,"name":"Startseite","item":"https:\/\/www.gjh.de\/frog\/"},{"@type":"ListItem","position":2,"name":"LMV November 2015: NPD-Bundesparteitag: Auf zur Gegendemo nach Weinheim: Gegen rassistische Hetze &#8211; \u00fcberall!"}]},{"@type":"WebSite","@id":"https:\/\/www.gjh.de\/frog\/#website","url":"https:\/\/www.gjh.de\/frog\/","name":"GR\u00dcNE JUGEND Hessen","description":"","potentialAction":[{"@type":"SearchAction","target":{"@type":"EntryPoint","urlTemplate":"https:\/\/www.gjh.de\/frog\/?s={search_term_string}"},"query-input":{"@type":"PropertyValueSpecification","valueRequired":true,"valueName":"search_term_string"}}],"inLanguage":"de"},{"@type":"Person","@id":"https:\/\/www.gjh.de\/frog\/#\/schema\/person\/b8fa006520a86a3226e05402520d4f13","name":"Gr\u00fcne Jugend Hessen","image":{"@type":"ImageObject","inLanguage":"de","@id":"https:\/\/secure.gravatar.com\/avatar\/e938d46263c3d10a08350877687bfc15fd4ba70a3de2fa88ac7b3d8603f2ed56?s=96&d=mm&r=g","url":"https:\/\/secure.gravatar.com\/avatar\/e938d46263c3d10a08350877687bfc15fd4ba70a3de2fa88ac7b3d8603f2ed56?s=96&d=mm&r=g","contentUrl":"https:\/\/secure.gravatar.com\/avatar\/e938d46263c3d10a08350877687bfc15fd4ba70a3de2fa88ac7b3d8603f2ed56?s=96&d=mm&r=g","caption":"Gr\u00fcne Jugend Hessen"},"sameAs":["https:\/\/www.gjh.de"],"url":"https:\/\/www.gjh.de\/frog\/author\/admin\/"}]}},"_links":{"self":[{"href":"https:\/\/www.gjh.de\/frog\/wp-json\/wp\/v2\/posts\/4209","targetHints":{"allow":["GET"]}}],"collection":[{"href":"https:\/\/www.gjh.de\/frog\/wp-json\/wp\/v2\/posts"}],"about":[{"href":"https:\/\/www.gjh.de\/frog\/wp-json\/wp\/v2\/types\/post"}],"author":[{"embeddable":true,"href":"https:\/\/www.gjh.de\/frog\/wp-json\/wp\/v2\/users\/1"}],"replies":[{"embeddable":true,"href":"https:\/\/www.gjh.de\/frog\/wp-json\/wp\/v2\/comments?post=4209"}],"version-history":[{"count":1,"href":"https:\/\/www.gjh.de\/frog\/wp-json\/wp\/v2\/posts\/4209\/revisions"}],"predecessor-version":[{"id":4211,"href":"https:\/\/www.gjh.de\/frog\/wp-json\/wp\/v2\/posts\/4209\/revisions\/4211"}],"wp:attachment":[{"href":"https:\/\/www.gjh.de\/frog\/wp-json\/wp\/v2\/media?parent=4209"}],"wp:term":[{"taxonomy":"category","embeddable":true,"href":"https:\/\/www.gjh.de\/frog\/wp-json\/wp\/v2\/categories?post=4209"},{"taxonomy":"post_tag","embeddable":true,"href":"https:\/\/www.gjh.de\/frog\/wp-json\/wp\/v2\/tags?post=4209"}],"curies":[{"name":"wp","href":"https:\/\/api.w.org\/{rel}","templated":true}]}}