{"id":5156,"date":"2016-05-23T16:28:57","date_gmt":"2016-05-23T14:28:57","guid":{"rendered":"https:\/\/www.gjh.de\/frog\/?post_type=beschluss&#038;p=5156"},"modified":"2021-11-20T12:01:48","modified_gmt":"2021-11-20T11:01:48","slug":"lmv-mai-2016-aufstehen-gegen-rassismus-2","status":"publish","type":"post","link":"https:\/\/www.gjh.de\/frog\/lmv-mai-2016-aufstehen-gegen-rassismus-2\/","title":{"rendered":"LMV Mai 2016: Aufstehen gegen Rassismus!"},"content":{"rendered":"<p><span style=\"color: #000000; font-family: Titillium Web;\">Gerade im Kontext steigender Zahlen von gefl\u00fcchteten Menschen in unserer Mitte wird in vielen Teilen der Gesellschaft Unmut gesch\u00fcrt. Die Gr\u00fcne Jugend Hessen sieht eine deutsche Mitverantwortung an einer Vielzahl von Fluchtgeschichte. F\u00fcr uns ist es Pflicht, den Menschen, die zu uns gefunden haben, Chancen und Perspektiven aufzuzeigen dauerhaft hier eine neue Heimat zu finden. Hierzu laufen bereits zahlreiche Programme und viele Ideen warten auf ihre Umsetzung. Viele Menschen lehnen die Aufnahme von Gefl\u00fcchteten zu gro\u00dfen Teilen oder ganz ab \u2013 es wird sich rassistischer Ressentiments bedient, \u00c4ngste werden von rechten Gruppierungen bewusst gesch\u00fcrt. Das wollen wir nicht so hinnehmen! Wir solidarisieren uns daher mit dem Aktionsb\u00fcndnis \u201eAufstehen gegen Rassismus\u201c und den damit verbundenen Veranstaltungen, um gesellschaftliches Engagement gegen rechts zu st\u00e4rken.<\/span><\/p>\n<p><i><span style=\"color: #95c11f; font-family: Titillium Web;\">Beschlossen, am 22.5.2016 auf der Landesmitgliederversammlung in Wiesbaden.<\/span><\/i><\/p>\n","protected":false},"excerpt":{"rendered":"<p>Gerade im Kontext steigender Zahlen von gefl\u00fcchteten Menschen in unserer Mitte wird in vielen Teilen der Gesellschaft Unmut gesch\u00fcrt. Die Gr\u00fcne Jugend Hessen sieht eine deutsche Mitverantwortung an einer Vielzahl von Fluchtgeschichte. F\u00fcr uns ist es Pflicht, den Menschen, die zu uns gefunden haben, Chancen und Perspektiven aufzuzeigen dauerhaft hier eine neue Heimat zu finden. [&hellip;]<\/p>\n","protected":false},"author":1,"featured_media":0,"comment_status":"closed","ping_status":"closed","sticky":false,"template":"","format":"standard","meta":{"footnotes":""},"categories":[234,241],"tags":[],"class_list":["post-5156","post","type-post","status-publish","format-standard","hentry","category-beschluesse","category-flucht-und-asyl"],"yoast_head":"<!-- This site is optimized with the Yoast SEO plugin v27.4 - https:\/\/yoast.com\/product\/yoast-seo-wordpress\/ -->\n<title>LMV Mai 2016: Aufstehen gegen Rassismus! - GR\u00dcNE JUGEND Hessen<\/title>\n<meta name=\"robots\" content=\"index, follow, max-snippet:-1, max-image-preview:large, max-video-preview:-1\" \/>\n<link rel=\"canonical\" href=\"https:\/\/www.gjh.de\/frog\/lmv-mai-2016-aufstehen-gegen-rassismus-2\/\" \/>\n<meta property=\"og:locale\" content=\"de_DE\" \/>\n<meta property=\"og:type\" content=\"article\" \/>\n<meta property=\"og:title\" content=\"LMV Mai 2016: Aufstehen gegen Rassismus! - GR\u00dcNE JUGEND Hessen\" \/>\n<meta property=\"og:description\" content=\"Gerade im Kontext steigender Zahlen von gefl\u00fcchteten Menschen in unserer Mitte wird in vielen Teilen der Gesellschaft Unmut gesch\u00fcrt. Die Gr\u00fcne Jugend Hessen sieht eine deutsche Mitverantwortung an einer Vielzahl von Fluchtgeschichte. F\u00fcr uns ist es Pflicht, den Menschen, die zu uns gefunden haben, Chancen und Perspektiven aufzuzeigen dauerhaft hier eine neue Heimat zu finden. [&hellip;]\" \/>\n<meta property=\"og:url\" content=\"https:\/\/www.gjh.de\/frog\/lmv-mai-2016-aufstehen-gegen-rassismus-2\/\" \/>\n<meta property=\"og:site_name\" content=\"GR\u00dcNE JUGEND Hessen\" \/>\n<meta property=\"article:published_time\" content=\"2016-05-23T14:28:57+00:00\" \/>\n<meta property=\"article:modified_time\" content=\"2021-11-20T11:01:48+00:00\" \/>\n<meta name=\"author\" content=\"Gr\u00fcne Jugend Hessen\" \/>\n<meta name=\"twitter:card\" content=\"summary_large_image\" \/>\n<meta name=\"twitter:label1\" content=\"Verfasst von\" \/>\n\t<meta name=\"twitter:data1\" content=\"Gr\u00fcne Jugend Hessen\" \/>\n\t<meta name=\"twitter:label2\" content=\"Gesch\u00e4tzte Lesezeit\" \/>\n\t<meta name=\"twitter:data2\" content=\"1\u00a0Minute\" \/>\n<script type=\"application\/ld+json\" class=\"yoast-schema-graph\">{\"@context\":\"https:\\\/\\\/schema.org\",\"@graph\":[{\"@type\":\"Article\",\"@id\":\"https:\\\/\\\/www.gjh.de\\\/frog\\\/lmv-mai-2016-aufstehen-gegen-rassismus-2\\\/#article\",\"isPartOf\":{\"@id\":\"https:\\\/\\\/www.gjh.de\\\/frog\\\/lmv-mai-2016-aufstehen-gegen-rassismus-2\\\/\"},\"author\":{\"name\":\"Gr\u00fcne Jugend Hessen\",\"@id\":\"https:\\\/\\\/www.gjh.de\\\/frog\\\/#\\\/schema\\\/person\\\/b8fa006520a86a3226e05402520d4f13\"},\"headline\":\"LMV Mai 2016: Aufstehen gegen Rassismus!\",\"datePublished\":\"2016-05-23T14:28:57+00:00\",\"dateModified\":\"2021-11-20T11:01:48+00:00\",\"mainEntityOfPage\":{\"@id\":\"https:\\\/\\\/www.gjh.de\\\/frog\\\/lmv-mai-2016-aufstehen-gegen-rassismus-2\\\/\"},\"wordCount\":142,\"articleSection\":[\"Beschl\u00fcsse\",\"Flucht und Asyl\"],\"inLanguage\":\"de\"},{\"@type\":\"WebPage\",\"@id\":\"https:\\\/\\\/www.gjh.de\\\/frog\\\/lmv-mai-2016-aufstehen-gegen-rassismus-2\\\/\",\"url\":\"https:\\\/\\\/www.gjh.de\\\/frog\\\/lmv-mai-2016-aufstehen-gegen-rassismus-2\\\/\",\"name\":\"LMV Mai 2016: Aufstehen gegen Rassismus! - GR\u00dcNE JUGEND Hessen\",\"isPartOf\":{\"@id\":\"https:\\\/\\\/www.gjh.de\\\/frog\\\/#website\"},\"datePublished\":\"2016-05-23T14:28:57+00:00\",\"dateModified\":\"2021-11-20T11:01:48+00:00\",\"author\":{\"@id\":\"https:\\\/\\\/www.gjh.de\\\/frog\\\/#\\\/schema\\\/person\\\/b8fa006520a86a3226e05402520d4f13\"},\"breadcrumb\":{\"@id\":\"https:\\\/\\\/www.gjh.de\\\/frog\\\/lmv-mai-2016-aufstehen-gegen-rassismus-2\\\/#breadcrumb\"},\"inLanguage\":\"de\",\"potentialAction\":[{\"@type\":\"ReadAction\",\"target\":[\"https:\\\/\\\/www.gjh.de\\\/frog\\\/lmv-mai-2016-aufstehen-gegen-rassismus-2\\\/\"]}]},{\"@type\":\"BreadcrumbList\",\"@id\":\"https:\\\/\\\/www.gjh.de\\\/frog\\\/lmv-mai-2016-aufstehen-gegen-rassismus-2\\\/#breadcrumb\",\"itemListElement\":[{\"@type\":\"ListItem\",\"position\":1,\"name\":\"Startseite\",\"item\":\"https:\\\/\\\/www.gjh.de\\\/frog\\\/\"},{\"@type\":\"ListItem\",\"position\":2,\"name\":\"LMV Mai 2016: Aufstehen gegen Rassismus!\"}]},{\"@type\":\"WebSite\",\"@id\":\"https:\\\/\\\/www.gjh.de\\\/frog\\\/#website\",\"url\":\"https:\\\/\\\/www.gjh.de\\\/frog\\\/\",\"name\":\"GR\u00dcNE JUGEND Hessen\",\"description\":\"\",\"potentialAction\":[{\"@type\":\"SearchAction\",\"target\":{\"@type\":\"EntryPoint\",\"urlTemplate\":\"https:\\\/\\\/www.gjh.de\\\/frog\\\/?s={search_term_string}\"},\"query-input\":{\"@type\":\"PropertyValueSpecification\",\"valueRequired\":true,\"valueName\":\"search_term_string\"}}],\"inLanguage\":\"de\"},{\"@type\":\"Person\",\"@id\":\"https:\\\/\\\/www.gjh.de\\\/frog\\\/#\\\/schema\\\/person\\\/b8fa006520a86a3226e05402520d4f13\",\"name\":\"Gr\u00fcne Jugend Hessen\",\"image\":{\"@type\":\"ImageObject\",\"inLanguage\":\"de\",\"@id\":\"https:\\\/\\\/secure.gravatar.com\\\/avatar\\\/e938d46263c3d10a08350877687bfc15fd4ba70a3de2fa88ac7b3d8603f2ed56?s=96&d=mm&r=g\",\"url\":\"https:\\\/\\\/secure.gravatar.com\\\/avatar\\\/e938d46263c3d10a08350877687bfc15fd4ba70a3de2fa88ac7b3d8603f2ed56?s=96&d=mm&r=g\",\"contentUrl\":\"https:\\\/\\\/secure.gravatar.com\\\/avatar\\\/e938d46263c3d10a08350877687bfc15fd4ba70a3de2fa88ac7b3d8603f2ed56?s=96&d=mm&r=g\",\"caption\":\"Gr\u00fcne Jugend Hessen\"},\"sameAs\":[\"https:\\\/\\\/www.gjh.de\"],\"url\":\"https:\\\/\\\/www.gjh.de\\\/frog\\\/author\\\/admin\\\/\"}]}<\/script>\n<!-- \/ Yoast SEO plugin. -->","yoast_head_json":{"title":"LMV Mai 2016: Aufstehen gegen Rassismus! - GR\u00dcNE JUGEND Hessen","robots":{"index":"index","follow":"follow","max-snippet":"max-snippet:-1","max-image-preview":"max-image-preview:large","max-video-preview":"max-video-preview:-1"},"canonical":"https:\/\/www.gjh.de\/frog\/lmv-mai-2016-aufstehen-gegen-rassismus-2\/","og_locale":"de_DE","og_type":"article","og_title":"LMV Mai 2016: Aufstehen gegen Rassismus! - GR\u00dcNE JUGEND Hessen","og_description":"Gerade im Kontext steigender Zahlen von gefl\u00fcchteten Menschen in unserer Mitte wird in vielen Teilen der Gesellschaft Unmut gesch\u00fcrt. Die Gr\u00fcne Jugend Hessen sieht eine deutsche Mitverantwortung an einer Vielzahl von Fluchtgeschichte. F\u00fcr uns ist es Pflicht, den Menschen, die zu uns gefunden haben, Chancen und Perspektiven aufzuzeigen dauerhaft hier eine neue Heimat zu finden. [&hellip;]","og_url":"https:\/\/www.gjh.de\/frog\/lmv-mai-2016-aufstehen-gegen-rassismus-2\/","og_site_name":"GR\u00dcNE JUGEND Hessen","article_published_time":"2016-05-23T14:28:57+00:00","article_modified_time":"2021-11-20T11:01:48+00:00","author":"Gr\u00fcne Jugend Hessen","twitter_card":"summary_large_image","twitter_misc":{"Verfasst von":"Gr\u00fcne Jugend Hessen","Gesch\u00e4tzte Lesezeit":"1\u00a0Minute"},"schema":{"@context":"https:\/\/schema.org","@graph":[{"@type":"Article","@id":"https:\/\/www.gjh.de\/frog\/lmv-mai-2016-aufstehen-gegen-rassismus-2\/#article","isPartOf":{"@id":"https:\/\/www.gjh.de\/frog\/lmv-mai-2016-aufstehen-gegen-rassismus-2\/"},"author":{"name":"Gr\u00fcne Jugend Hessen","@id":"https:\/\/www.gjh.de\/frog\/#\/schema\/person\/b8fa006520a86a3226e05402520d4f13"},"headline":"LMV Mai 2016: Aufstehen gegen Rassismus!","datePublished":"2016-05-23T14:28:57+00:00","dateModified":"2021-11-20T11:01:48+00:00","mainEntityOfPage":{"@id":"https:\/\/www.gjh.de\/frog\/lmv-mai-2016-aufstehen-gegen-rassismus-2\/"},"wordCount":142,"articleSection":["Beschl\u00fcsse","Flucht und Asyl"],"inLanguage":"de"},{"@type":"WebPage","@id":"https:\/\/www.gjh.de\/frog\/lmv-mai-2016-aufstehen-gegen-rassismus-2\/","url":"https:\/\/www.gjh.de\/frog\/lmv-mai-2016-aufstehen-gegen-rassismus-2\/","name":"LMV Mai 2016: Aufstehen gegen Rassismus! - GR\u00dcNE JUGEND Hessen","isPartOf":{"@id":"https:\/\/www.gjh.de\/frog\/#website"},"datePublished":"2016-05-23T14:28:57+00:00","dateModified":"2021-11-20T11:01:48+00:00","author":{"@id":"https:\/\/www.gjh.de\/frog\/#\/schema\/person\/b8fa006520a86a3226e05402520d4f13"},"breadcrumb":{"@id":"https:\/\/www.gjh.de\/frog\/lmv-mai-2016-aufstehen-gegen-rassismus-2\/#breadcrumb"},"inLanguage":"de","potentialAction":[{"@type":"ReadAction","target":["https:\/\/www.gjh.de\/frog\/lmv-mai-2016-aufstehen-gegen-rassismus-2\/"]}]},{"@type":"BreadcrumbList","@id":"https:\/\/www.gjh.de\/frog\/lmv-mai-2016-aufstehen-gegen-rassismus-2\/#breadcrumb","itemListElement":[{"@type":"ListItem","position":1,"name":"Startseite","item":"https:\/\/www.gjh.de\/frog\/"},{"@type":"ListItem","position":2,"name":"LMV Mai 2016: Aufstehen gegen Rassismus!"}]},{"@type":"WebSite","@id":"https:\/\/www.gjh.de\/frog\/#website","url":"https:\/\/www.gjh.de\/frog\/","name":"GR\u00dcNE JUGEND Hessen","description":"","potentialAction":[{"@type":"SearchAction","target":{"@type":"EntryPoint","urlTemplate":"https:\/\/www.gjh.de\/frog\/?s={search_term_string}"},"query-input":{"@type":"PropertyValueSpecification","valueRequired":true,"valueName":"search_term_string"}}],"inLanguage":"de"},{"@type":"Person","@id":"https:\/\/www.gjh.de\/frog\/#\/schema\/person\/b8fa006520a86a3226e05402520d4f13","name":"Gr\u00fcne Jugend Hessen","image":{"@type":"ImageObject","inLanguage":"de","@id":"https:\/\/secure.gravatar.com\/avatar\/e938d46263c3d10a08350877687bfc15fd4ba70a3de2fa88ac7b3d8603f2ed56?s=96&d=mm&r=g","url":"https:\/\/secure.gravatar.com\/avatar\/e938d46263c3d10a08350877687bfc15fd4ba70a3de2fa88ac7b3d8603f2ed56?s=96&d=mm&r=g","contentUrl":"https:\/\/secure.gravatar.com\/avatar\/e938d46263c3d10a08350877687bfc15fd4ba70a3de2fa88ac7b3d8603f2ed56?s=96&d=mm&r=g","caption":"Gr\u00fcne Jugend Hessen"},"sameAs":["https:\/\/www.gjh.de"],"url":"https:\/\/www.gjh.de\/frog\/author\/admin\/"}]}},"_links":{"self":[{"href":"https:\/\/www.gjh.de\/frog\/wp-json\/wp\/v2\/posts\/5156","targetHints":{"allow":["GET"]}}],"collection":[{"href":"https:\/\/www.gjh.de\/frog\/wp-json\/wp\/v2\/posts"}],"about":[{"href":"https:\/\/www.gjh.de\/frog\/wp-json\/wp\/v2\/types\/post"}],"author":[{"embeddable":true,"href":"https:\/\/www.gjh.de\/frog\/wp-json\/wp\/v2\/users\/1"}],"replies":[{"embeddable":true,"href":"https:\/\/www.gjh.de\/frog\/wp-json\/wp\/v2\/comments?post=5156"}],"version-history":[{"count":1,"href":"https:\/\/www.gjh.de\/frog\/wp-json\/wp\/v2\/posts\/5156\/revisions"}],"predecessor-version":[{"id":5157,"href":"https:\/\/www.gjh.de\/frog\/wp-json\/wp\/v2\/posts\/5156\/revisions\/5157"}],"wp:attachment":[{"href":"https:\/\/www.gjh.de\/frog\/wp-json\/wp\/v2\/media?parent=5156"}],"wp:term":[{"taxonomy":"category","embeddable":true,"href":"https:\/\/www.gjh.de\/frog\/wp-json\/wp\/v2\/categories?post=5156"},{"taxonomy":"post_tag","embeddable":true,"href":"https:\/\/www.gjh.de\/frog\/wp-json\/wp\/v2\/tags?post=5156"}],"curies":[{"name":"wp","href":"https:\/\/api.w.org\/{rel}","templated":true}]}}