{"id":5164,"date":"2016-05-23T17:11:05","date_gmt":"2016-05-23T15:11:05","guid":{"rendered":"https:\/\/www.gjh.de\/frog\/?post_type=beschluss&#038;p=5164"},"modified":"2021-11-20T12:43:30","modified_gmt":"2021-11-20T11:43:30","slug":"elektromobilitaet-ins-rollen-bringen","status":"publish","type":"post","link":"https:\/\/www.gjh.de\/frog\/elektromobilitaet-ins-rollen-bringen\/","title":{"rendered":"LMV Mai 2016: Elektromobilit\u00e4t ins Rollen bringen"},"content":{"rendered":"<p>Trotz der grundlegenden Einstellung der GR\u00dcNEN JUGEND Hessen, dass nur vermiedener Verkehr guter Verkehr ist und wir den \u00f6ffentlichen Personenverkehr vorziehen, beobachten wir einen zunehmenden Anstieg des Individualverkehrs. Um diesen zu gestalten, setzen wir uns f\u00fcr eine nachhaltige F\u00f6rderung der Elektromobilit\u00e4t ein.<\/p>\n<p>Verbrennungsmotoren sch\u00e4digen Mensch und Umwelt. Insbesondere das erh\u00f6hte Aufkommen von Dieselfahrzeuge ist f\u00fcr die Minderung der Luftqualit\u00e4t in den Innenst\u00e4dten verantwortlich. Als Folge dessen \u00fcberschreiten viele hessische St\u00e4dte, allen voran Offenbach und Limburg, die Grenzwerte f\u00fcr Stickoxide, die haupts\u00e4chlich durch Dieselmotoren ausgesto\u00dfen werden.<\/p>\n<p>Um die EU-Grenzwerte einzuhalten, muss die Innenstadtentwicklung st\u00e4rker auf Elektromobilit\u00e4t ausgerichtet werden. Daf\u00fcr fordern wir ein fl\u00e4chendeckendes Netz von Ladestationen in den St\u00e4dten, das kommunale \u00c4mter und Gemeinschaftszentren mit einbezieht. Zudem m\u00fcssen dort spezielle Parkl\u00e4tze f\u00fcr Elektromobile kostenfrei zur Verf\u00fcgung gestellt werden. Die St\u00e4dte und Gemeinde sollen in Verhandlungen mit der Deutschen Bahn treten, sodass dieses auch auf Ihren Parkm\u00f6glichkeiten vor Bahnh\u00f6fen gilt. Carsharing-Angebote sollen vorrangig mit Elektroautos ausgestattet werden. Busspuren m\u00fcssen als Anreiz f\u00fcr Elektromobile freigegeben werden. Die teilweise existierenden Nutzungsgenehmigungen von Taxen sollen daf\u00fcr zur\u00fcckgenommen werden. Zu den pers\u00f6nlichen und finanziellen Voraussetzungen an den*die Taxiunternehmer*in sollen auch \u00f6kologische Kriterien an die Fahrzeugflotte zur Erteilung einer Lizenz gestellt werden. Die Landkreise und St\u00e4dte fordern wir auf, ihre Fahrzeuge soweit wie m\u00f6glich ebenfalls auf Elektroantriebe umzur\u00fcsten und so eine Vorbildfunktion einzunehmen.<\/p>\n<p>Um die sch\u00e4dliche Entwicklung aufzuhalten, k\u00f6nnen wir jedoch auf repressive Ma\u00dfnahmen nicht verzichten. Durchfahrverbote f\u00fcr Schwerverkehr und Dieselfahrzeuge d\u00fcrfen kein Tabu sein. Auch in kleineren St\u00e4dten mit hoher Feinstaubbelastung m\u00fcssen Umweltzonen eingerichtet werden.<\/p>\n<p>Auch in gr\u00f6\u00dferen Ma\u00dfst\u00e4ben muss gehandelt werden. Die Bundesregierung sollte dem Vorbild Norwegens und der Niederlande folgen und ab 2030 keine Automobile mit Verbrennungsmotoren mehr f\u00fcr den Stra\u00dfenverkehr zulassen. Damit w\u00fcrde der Druck auf die Europ\u00e4ischen Automobilkonzerne erheblich erh\u00f6ht, die Elektromobilit\u00e4t zu einer bezahlbaren Alternative zu entwickeln. Mit einer Signalwirkung Deutschlands kann ein Vorsto\u00df f\u00fcr eine einheitliche europ\u00e4ische Regelung erzielt werden.<\/p>\n<p>Als Zwischenschritt muss eine KFZ-Steuerreform erfolgen. Die Privilegien der Dieselfahrzeuge m\u00fcssen aufgehoben und somit den Benzinern angeglichen werden. Weiterhin muss die Besteuerung st\u00e4rker als bisher vom CO2-Aussto\u00df abh\u00e4ngen. Daf\u00fcr muss der bisherige Freigrenzwert von 110g\/km deutlich gesenkt werden. Davon profitieren ebenfalls reine Elektromobile, aber auch Hybridfahrzeuge.<\/p>\n<p>Zus\u00e4tzlich sollen Elektrofahrzeuge von der PKW-Maut ausgenommen werden bis diese komplett vom Europ\u00e4ischen Gerichtshof aufgehoben wird.<\/p>\n<p>Als GR\u00dcNE JUGEND Hessen treten wir f\u00fcr eine F\u00f6rderung der Elektromobilit\u00e4t ein. Sie bleibt f\u00fcr uns jedoch nur ein Baustein in einem Zusammenspiel zwischen m\u00f6glichst elektrisch betriebenen, \u00d6ffentlichen Verkehrsmitteln, Park-and-Ride-Pl\u00e4tzen, Carsharing-Angeboten, Radverkehr und dem motorisierten Individualverkehr. Voraussetzung bleibt der m\u00f6glichst schnelle Umstieg auf 100% Erneuerbare Energien durch regenerative Erzeugung, Einsparung und Effizienzverbesserung.<\/p>\n<p><em>Beschlossen, am 22.5.2016 auf der Landesmitgliederversammlung in Wiesbaden.<\/em><\/p>\n","protected":false},"excerpt":{"rendered":"<p>Trotz der grundlegenden Einstellung der GR\u00dcNEN JUGEND Hessen, dass nur vermiedener Verkehr guter Verkehr ist und wir den \u00f6ffentlichen Personenverkehr vorziehen, beobachten wir einen zunehmenden Anstieg des Individualverkehrs. Um diesen zu gestalten, setzen wir uns f\u00fcr eine nachhaltige F\u00f6rderung der Elektromobilit\u00e4t ein. Verbrennungsmotoren sch\u00e4digen Mensch und Umwelt. Insbesondere das erh\u00f6hte Aufkommen von Dieselfahrzeuge ist f\u00fcr [&hellip;]<\/p>\n","protected":false},"author":1,"featured_media":0,"comment_status":"closed","ping_status":"closed","sticky":false,"template":"","format":"standard","meta":{"footnotes":""},"categories":[234,235],"tags":[],"class_list":["post-5164","post","type-post","status-publish","format-standard","hentry","category-beschluesse","category-umwelt-energie"],"yoast_head":"<!-- This site is optimized with the Yoast SEO plugin v27.5 - https:\/\/yoast.com\/product\/yoast-seo-wordpress\/ -->\n<title>LMV Mai 2016: Elektromobilit\u00e4t ins Rollen bringen - GR\u00dcNE JUGEND Hessen<\/title>\n<meta name=\"robots\" content=\"index, follow, max-snippet:-1, max-image-preview:large, max-video-preview:-1\" \/>\n<link rel=\"canonical\" href=\"https:\/\/www.gjh.de\/frog\/elektromobilitaet-ins-rollen-bringen\/\" \/>\n<meta property=\"og:locale\" content=\"de_DE\" \/>\n<meta property=\"og:type\" content=\"article\" \/>\n<meta property=\"og:title\" content=\"LMV Mai 2016: Elektromobilit\u00e4t ins Rollen bringen - GR\u00dcNE JUGEND Hessen\" \/>\n<meta property=\"og:description\" content=\"Trotz der grundlegenden Einstellung der GR\u00dcNEN JUGEND Hessen, dass nur vermiedener Verkehr guter Verkehr ist und wir den \u00f6ffentlichen Personenverkehr vorziehen, beobachten wir einen zunehmenden Anstieg des Individualverkehrs. Um diesen zu gestalten, setzen wir uns f\u00fcr eine nachhaltige F\u00f6rderung der Elektromobilit\u00e4t ein. Verbrennungsmotoren sch\u00e4digen Mensch und Umwelt. Insbesondere das erh\u00f6hte Aufkommen von Dieselfahrzeuge ist f\u00fcr [&hellip;]\" \/>\n<meta property=\"og:url\" content=\"https:\/\/www.gjh.de\/frog\/elektromobilitaet-ins-rollen-bringen\/\" \/>\n<meta property=\"og:site_name\" content=\"GR\u00dcNE JUGEND Hessen\" \/>\n<meta property=\"article:published_time\" content=\"2016-05-23T15:11:05+00:00\" \/>\n<meta property=\"article:modified_time\" content=\"2021-11-20T11:43:30+00:00\" \/>\n<meta name=\"author\" content=\"Gr\u00fcne Jugend Hessen\" \/>\n<meta name=\"twitter:card\" content=\"summary_large_image\" \/>\n<meta name=\"twitter:label1\" content=\"Verfasst von\" \/>\n\t<meta name=\"twitter:data1\" content=\"Gr\u00fcne Jugend Hessen\" \/>\n\t<meta name=\"twitter:label2\" content=\"Gesch\u00e4tzte Lesezeit\" \/>\n\t<meta name=\"twitter:data2\" content=\"2\u00a0Minuten\" \/>\n<script type=\"application\/ld+json\" class=\"yoast-schema-graph\">{\"@context\":\"https:\\\/\\\/schema.org\",\"@graph\":[{\"@type\":\"Article\",\"@id\":\"https:\\\/\\\/www.gjh.de\\\/frog\\\/elektromobilitaet-ins-rollen-bringen\\\/#article\",\"isPartOf\":{\"@id\":\"https:\\\/\\\/www.gjh.de\\\/frog\\\/elektromobilitaet-ins-rollen-bringen\\\/\"},\"author\":{\"name\":\"Gr\u00fcne Jugend Hessen\",\"@id\":\"https:\\\/\\\/www.gjh.de\\\/frog\\\/#\\\/schema\\\/person\\\/b8fa006520a86a3226e05402520d4f13\"},\"headline\":\"LMV Mai 2016: Elektromobilit\u00e4t ins Rollen bringen\",\"datePublished\":\"2016-05-23T15:11:05+00:00\",\"dateModified\":\"2021-11-20T11:43:30+00:00\",\"mainEntityOfPage\":{\"@id\":\"https:\\\/\\\/www.gjh.de\\\/frog\\\/elektromobilitaet-ins-rollen-bringen\\\/\"},\"wordCount\":505,\"articleSection\":[\"Beschl\u00fcsse\",\"Umwelt und Energie\"],\"inLanguage\":\"de\"},{\"@type\":\"WebPage\",\"@id\":\"https:\\\/\\\/www.gjh.de\\\/frog\\\/elektromobilitaet-ins-rollen-bringen\\\/\",\"url\":\"https:\\\/\\\/www.gjh.de\\\/frog\\\/elektromobilitaet-ins-rollen-bringen\\\/\",\"name\":\"LMV Mai 2016: Elektromobilit\u00e4t ins Rollen bringen - GR\u00dcNE JUGEND Hessen\",\"isPartOf\":{\"@id\":\"https:\\\/\\\/www.gjh.de\\\/frog\\\/#website\"},\"datePublished\":\"2016-05-23T15:11:05+00:00\",\"dateModified\":\"2021-11-20T11:43:30+00:00\",\"author\":{\"@id\":\"https:\\\/\\\/www.gjh.de\\\/frog\\\/#\\\/schema\\\/person\\\/b8fa006520a86a3226e05402520d4f13\"},\"breadcrumb\":{\"@id\":\"https:\\\/\\\/www.gjh.de\\\/frog\\\/elektromobilitaet-ins-rollen-bringen\\\/#breadcrumb\"},\"inLanguage\":\"de\",\"potentialAction\":[{\"@type\":\"ReadAction\",\"target\":[\"https:\\\/\\\/www.gjh.de\\\/frog\\\/elektromobilitaet-ins-rollen-bringen\\\/\"]}]},{\"@type\":\"BreadcrumbList\",\"@id\":\"https:\\\/\\\/www.gjh.de\\\/frog\\\/elektromobilitaet-ins-rollen-bringen\\\/#breadcrumb\",\"itemListElement\":[{\"@type\":\"ListItem\",\"position\":1,\"name\":\"Startseite\",\"item\":\"https:\\\/\\\/www.gjh.de\\\/frog\\\/\"},{\"@type\":\"ListItem\",\"position\":2,\"name\":\"LMV Mai 2016: Elektromobilit\u00e4t ins Rollen bringen\"}]},{\"@type\":\"WebSite\",\"@id\":\"https:\\\/\\\/www.gjh.de\\\/frog\\\/#website\",\"url\":\"https:\\\/\\\/www.gjh.de\\\/frog\\\/\",\"name\":\"GR\u00dcNE JUGEND Hessen\",\"description\":\"\",\"potentialAction\":[{\"@type\":\"SearchAction\",\"target\":{\"@type\":\"EntryPoint\",\"urlTemplate\":\"https:\\\/\\\/www.gjh.de\\\/frog\\\/?s={search_term_string}\"},\"query-input\":{\"@type\":\"PropertyValueSpecification\",\"valueRequired\":true,\"valueName\":\"search_term_string\"}}],\"inLanguage\":\"de\"},{\"@type\":\"Person\",\"@id\":\"https:\\\/\\\/www.gjh.de\\\/frog\\\/#\\\/schema\\\/person\\\/b8fa006520a86a3226e05402520d4f13\",\"name\":\"Gr\u00fcne Jugend Hessen\",\"image\":{\"@type\":\"ImageObject\",\"inLanguage\":\"de\",\"@id\":\"https:\\\/\\\/secure.gravatar.com\\\/avatar\\\/e938d46263c3d10a08350877687bfc15fd4ba70a3de2fa88ac7b3d8603f2ed56?s=96&d=mm&r=g\",\"url\":\"https:\\\/\\\/secure.gravatar.com\\\/avatar\\\/e938d46263c3d10a08350877687bfc15fd4ba70a3de2fa88ac7b3d8603f2ed56?s=96&d=mm&r=g\",\"contentUrl\":\"https:\\\/\\\/secure.gravatar.com\\\/avatar\\\/e938d46263c3d10a08350877687bfc15fd4ba70a3de2fa88ac7b3d8603f2ed56?s=96&d=mm&r=g\",\"caption\":\"Gr\u00fcne Jugend Hessen\"},\"sameAs\":[\"https:\\\/\\\/www.gjh.de\"],\"url\":\"https:\\\/\\\/www.gjh.de\\\/frog\\\/author\\\/admin\\\/\"}]}<\/script>\n<!-- \/ Yoast SEO plugin. -->","yoast_head_json":{"title":"LMV Mai 2016: Elektromobilit\u00e4t ins Rollen bringen - GR\u00dcNE JUGEND Hessen","robots":{"index":"index","follow":"follow","max-snippet":"max-snippet:-1","max-image-preview":"max-image-preview:large","max-video-preview":"max-video-preview:-1"},"canonical":"https:\/\/www.gjh.de\/frog\/elektromobilitaet-ins-rollen-bringen\/","og_locale":"de_DE","og_type":"article","og_title":"LMV Mai 2016: Elektromobilit\u00e4t ins Rollen bringen - GR\u00dcNE JUGEND Hessen","og_description":"Trotz der grundlegenden Einstellung der GR\u00dcNEN JUGEND Hessen, dass nur vermiedener Verkehr guter Verkehr ist und wir den \u00f6ffentlichen Personenverkehr vorziehen, beobachten wir einen zunehmenden Anstieg des Individualverkehrs. Um diesen zu gestalten, setzen wir uns f\u00fcr eine nachhaltige F\u00f6rderung der Elektromobilit\u00e4t ein. Verbrennungsmotoren sch\u00e4digen Mensch und Umwelt. Insbesondere das erh\u00f6hte Aufkommen von Dieselfahrzeuge ist f\u00fcr [&hellip;]","og_url":"https:\/\/www.gjh.de\/frog\/elektromobilitaet-ins-rollen-bringen\/","og_site_name":"GR\u00dcNE JUGEND Hessen","article_published_time":"2016-05-23T15:11:05+00:00","article_modified_time":"2021-11-20T11:43:30+00:00","author":"Gr\u00fcne Jugend Hessen","twitter_card":"summary_large_image","twitter_misc":{"Verfasst von":"Gr\u00fcne Jugend Hessen","Gesch\u00e4tzte Lesezeit":"2\u00a0Minuten"},"schema":{"@context":"https:\/\/schema.org","@graph":[{"@type":"Article","@id":"https:\/\/www.gjh.de\/frog\/elektromobilitaet-ins-rollen-bringen\/#article","isPartOf":{"@id":"https:\/\/www.gjh.de\/frog\/elektromobilitaet-ins-rollen-bringen\/"},"author":{"name":"Gr\u00fcne Jugend Hessen","@id":"https:\/\/www.gjh.de\/frog\/#\/schema\/person\/b8fa006520a86a3226e05402520d4f13"},"headline":"LMV Mai 2016: Elektromobilit\u00e4t ins Rollen bringen","datePublished":"2016-05-23T15:11:05+00:00","dateModified":"2021-11-20T11:43:30+00:00","mainEntityOfPage":{"@id":"https:\/\/www.gjh.de\/frog\/elektromobilitaet-ins-rollen-bringen\/"},"wordCount":505,"articleSection":["Beschl\u00fcsse","Umwelt und Energie"],"inLanguage":"de"},{"@type":"WebPage","@id":"https:\/\/www.gjh.de\/frog\/elektromobilitaet-ins-rollen-bringen\/","url":"https:\/\/www.gjh.de\/frog\/elektromobilitaet-ins-rollen-bringen\/","name":"LMV Mai 2016: Elektromobilit\u00e4t ins Rollen bringen - GR\u00dcNE JUGEND Hessen","isPartOf":{"@id":"https:\/\/www.gjh.de\/frog\/#website"},"datePublished":"2016-05-23T15:11:05+00:00","dateModified":"2021-11-20T11:43:30+00:00","author":{"@id":"https:\/\/www.gjh.de\/frog\/#\/schema\/person\/b8fa006520a86a3226e05402520d4f13"},"breadcrumb":{"@id":"https:\/\/www.gjh.de\/frog\/elektromobilitaet-ins-rollen-bringen\/#breadcrumb"},"inLanguage":"de","potentialAction":[{"@type":"ReadAction","target":["https:\/\/www.gjh.de\/frog\/elektromobilitaet-ins-rollen-bringen\/"]}]},{"@type":"BreadcrumbList","@id":"https:\/\/www.gjh.de\/frog\/elektromobilitaet-ins-rollen-bringen\/#breadcrumb","itemListElement":[{"@type":"ListItem","position":1,"name":"Startseite","item":"https:\/\/www.gjh.de\/frog\/"},{"@type":"ListItem","position":2,"name":"LMV Mai 2016: Elektromobilit\u00e4t ins Rollen bringen"}]},{"@type":"WebSite","@id":"https:\/\/www.gjh.de\/frog\/#website","url":"https:\/\/www.gjh.de\/frog\/","name":"GR\u00dcNE JUGEND Hessen","description":"","potentialAction":[{"@type":"SearchAction","target":{"@type":"EntryPoint","urlTemplate":"https:\/\/www.gjh.de\/frog\/?s={search_term_string}"},"query-input":{"@type":"PropertyValueSpecification","valueRequired":true,"valueName":"search_term_string"}}],"inLanguage":"de"},{"@type":"Person","@id":"https:\/\/www.gjh.de\/frog\/#\/schema\/person\/b8fa006520a86a3226e05402520d4f13","name":"Gr\u00fcne Jugend Hessen","image":{"@type":"ImageObject","inLanguage":"de","@id":"https:\/\/secure.gravatar.com\/avatar\/e938d46263c3d10a08350877687bfc15fd4ba70a3de2fa88ac7b3d8603f2ed56?s=96&d=mm&r=g","url":"https:\/\/secure.gravatar.com\/avatar\/e938d46263c3d10a08350877687bfc15fd4ba70a3de2fa88ac7b3d8603f2ed56?s=96&d=mm&r=g","contentUrl":"https:\/\/secure.gravatar.com\/avatar\/e938d46263c3d10a08350877687bfc15fd4ba70a3de2fa88ac7b3d8603f2ed56?s=96&d=mm&r=g","caption":"Gr\u00fcne Jugend Hessen"},"sameAs":["https:\/\/www.gjh.de"],"url":"https:\/\/www.gjh.de\/frog\/author\/admin\/"}]}},"_links":{"self":[{"href":"https:\/\/www.gjh.de\/frog\/wp-json\/wp\/v2\/posts\/5164","targetHints":{"allow":["GET"]}}],"collection":[{"href":"https:\/\/www.gjh.de\/frog\/wp-json\/wp\/v2\/posts"}],"about":[{"href":"https:\/\/www.gjh.de\/frog\/wp-json\/wp\/v2\/types\/post"}],"author":[{"embeddable":true,"href":"https:\/\/www.gjh.de\/frog\/wp-json\/wp\/v2\/users\/1"}],"replies":[{"embeddable":true,"href":"https:\/\/www.gjh.de\/frog\/wp-json\/wp\/v2\/comments?post=5164"}],"version-history":[{"count":2,"href":"https:\/\/www.gjh.de\/frog\/wp-json\/wp\/v2\/posts\/5164\/revisions"}],"predecessor-version":[{"id":5166,"href":"https:\/\/www.gjh.de\/frog\/wp-json\/wp\/v2\/posts\/5164\/revisions\/5166"}],"wp:attachment":[{"href":"https:\/\/www.gjh.de\/frog\/wp-json\/wp\/v2\/media?parent=5164"}],"wp:term":[{"taxonomy":"category","embeddable":true,"href":"https:\/\/www.gjh.de\/frog\/wp-json\/wp\/v2\/categories?post=5164"},{"taxonomy":"post_tag","embeddable":true,"href":"https:\/\/www.gjh.de\/frog\/wp-json\/wp\/v2\/tags?post=5164"}],"curies":[{"name":"wp","href":"https:\/\/api.w.org\/{rel}","templated":true}]}}