{"id":5180,"date":"2016-05-23T17:22:30","date_gmt":"2016-05-23T15:22:30","guid":{"rendered":"https:\/\/www.gjh.de\/frog\/?post_type=beschluss&#038;p=5180"},"modified":"2021-11-23T12:40:04","modified_gmt":"2021-11-23T11:40:04","slug":"lmv-mai-2016-nur-fairer-handel-ist-freier-handel","status":"publish","type":"post","link":"https:\/\/www.gjh.de\/frog\/lmv-mai-2016-nur-fairer-handel-ist-freier-handel\/","title":{"rendered":"LMV Mai 2016: Nur fairer Handel ist freier Handel"},"content":{"rendered":"<p><span style=\"color: #000000; font-family: Titillium Web;\">Die Gr\u00fcne Jugend Hessen fordert den hessischen Landesvorstand von B\u00dcNDNIS 90\/DIE GR\u00dcNEN dazu auf, sich eindeutig f\u00fcr einen fairen globalen Handel und gegen die Freihandelsabkommen CETA, EPA, TTIP sowie das Dienstleistungsabkommen TISA in ihrer jetzigen Form auszusprechen. Ferner fordert die Gr\u00fcne Jugend Hessen den hessischen Landesvorstand und die hessische Landtagsfraktion von B\u00dcNDNIS 90\/DIE GR\u00dcNEN dazu auf, die oben genannte Forderung gegen\u00fcber der Landesregierung zu vertreten und darauf hinzuarbeiten, dass die Landesregierung diese Forderung gegebenenfalls auch im Bundesrat mit aller Deutlichkeit vertritt.<\/span><\/p>\n<p><i><span style=\"color: #95c11f; font-family: Titillium Web;\">Beschlossen, am 22.5.2016 auf der Landesmitgliederversammlung in Wiesbaden.<\/span><\/i><\/p>\n","protected":false},"excerpt":{"rendered":"<p>Die Gr\u00fcne Jugend Hessen fordert den hessischen Landesvorstand von B\u00dcNDNIS 90\/DIE GR\u00dcNEN dazu auf, sich eindeutig f\u00fcr einen fairen globalen Handel und gegen die Freihandelsabkommen CETA, EPA, TTIP sowie das Dienstleistungsabkommen TISA in ihrer jetzigen Form auszusprechen. Ferner fordert die Gr\u00fcne Jugend Hessen den hessischen Landesvorstand und die hessische Landtagsfraktion von B\u00dcNDNIS 90\/DIE GR\u00dcNEN dazu [&hellip;]<\/p>\n","protected":false},"author":1,"featured_media":0,"comment_status":"closed","ping_status":"closed","sticky":false,"template":"","format":"standard","meta":{"footnotes":""},"categories":[234,235],"tags":[],"class_list":["post-5180","post","type-post","status-publish","format-standard","hentry","category-beschluesse","category-umwelt-energie"],"yoast_head":"<!-- This site is optimized with the Yoast SEO plugin v27.5 - https:\/\/yoast.com\/product\/yoast-seo-wordpress\/ -->\n<title>LMV Mai 2016: Nur fairer Handel ist freier Handel - GR\u00dcNE JUGEND Hessen<\/title>\n<meta name=\"robots\" content=\"index, follow, max-snippet:-1, max-image-preview:large, max-video-preview:-1\" \/>\n<link rel=\"canonical\" href=\"https:\/\/www.gjh.de\/frog\/lmv-mai-2016-nur-fairer-handel-ist-freier-handel\/\" \/>\n<meta property=\"og:locale\" content=\"de_DE\" \/>\n<meta property=\"og:type\" content=\"article\" \/>\n<meta property=\"og:title\" content=\"LMV Mai 2016: Nur fairer Handel ist freier Handel - GR\u00dcNE JUGEND Hessen\" \/>\n<meta property=\"og:description\" content=\"Die Gr\u00fcne Jugend Hessen fordert den hessischen Landesvorstand von B\u00dcNDNIS 90\/DIE GR\u00dcNEN dazu auf, sich eindeutig f\u00fcr einen fairen globalen Handel und gegen die Freihandelsabkommen CETA, EPA, TTIP sowie das Dienstleistungsabkommen TISA in ihrer jetzigen Form auszusprechen. Ferner fordert die Gr\u00fcne Jugend Hessen den hessischen Landesvorstand und die hessische Landtagsfraktion von B\u00dcNDNIS 90\/DIE GR\u00dcNEN dazu [&hellip;]\" \/>\n<meta property=\"og:url\" content=\"https:\/\/www.gjh.de\/frog\/lmv-mai-2016-nur-fairer-handel-ist-freier-handel\/\" \/>\n<meta property=\"og:site_name\" content=\"GR\u00dcNE JUGEND Hessen\" \/>\n<meta property=\"article:published_time\" content=\"2016-05-23T15:22:30+00:00\" \/>\n<meta property=\"article:modified_time\" content=\"2021-11-23T11:40:04+00:00\" \/>\n<meta name=\"author\" content=\"Gr\u00fcne Jugend Hessen\" \/>\n<meta name=\"twitter:card\" content=\"summary_large_image\" \/>\n<meta name=\"twitter:label1\" content=\"Verfasst von\" \/>\n\t<meta name=\"twitter:data1\" content=\"Gr\u00fcne Jugend Hessen\" \/>\n<script type=\"application\/ld+json\" class=\"yoast-schema-graph\">{\"@context\":\"https:\\\/\\\/schema.org\",\"@graph\":[{\"@type\":\"Article\",\"@id\":\"https:\\\/\\\/www.gjh.de\\\/frog\\\/lmv-mai-2016-nur-fairer-handel-ist-freier-handel\\\/#article\",\"isPartOf\":{\"@id\":\"https:\\\/\\\/www.gjh.de\\\/frog\\\/lmv-mai-2016-nur-fairer-handel-ist-freier-handel\\\/\"},\"author\":{\"name\":\"Gr\u00fcne Jugend Hessen\",\"@id\":\"https:\\\/\\\/www.gjh.de\\\/frog\\\/#\\\/schema\\\/person\\\/b8fa006520a86a3226e05402520d4f13\"},\"headline\":\"LMV Mai 2016: Nur fairer Handel ist freier Handel\",\"datePublished\":\"2016-05-23T15:22:30+00:00\",\"dateModified\":\"2021-11-23T11:40:04+00:00\",\"mainEntityOfPage\":{\"@id\":\"https:\\\/\\\/www.gjh.de\\\/frog\\\/lmv-mai-2016-nur-fairer-handel-ist-freier-handel\\\/\"},\"wordCount\":104,\"articleSection\":[\"Beschl\u00fcsse\",\"Umwelt und Energie\"],\"inLanguage\":\"de\"},{\"@type\":\"WebPage\",\"@id\":\"https:\\\/\\\/www.gjh.de\\\/frog\\\/lmv-mai-2016-nur-fairer-handel-ist-freier-handel\\\/\",\"url\":\"https:\\\/\\\/www.gjh.de\\\/frog\\\/lmv-mai-2016-nur-fairer-handel-ist-freier-handel\\\/\",\"name\":\"LMV Mai 2016: Nur fairer Handel ist freier Handel - GR\u00dcNE JUGEND Hessen\",\"isPartOf\":{\"@id\":\"https:\\\/\\\/www.gjh.de\\\/frog\\\/#website\"},\"datePublished\":\"2016-05-23T15:22:30+00:00\",\"dateModified\":\"2021-11-23T11:40:04+00:00\",\"author\":{\"@id\":\"https:\\\/\\\/www.gjh.de\\\/frog\\\/#\\\/schema\\\/person\\\/b8fa006520a86a3226e05402520d4f13\"},\"breadcrumb\":{\"@id\":\"https:\\\/\\\/www.gjh.de\\\/frog\\\/lmv-mai-2016-nur-fairer-handel-ist-freier-handel\\\/#breadcrumb\"},\"inLanguage\":\"de\",\"potentialAction\":[{\"@type\":\"ReadAction\",\"target\":[\"https:\\\/\\\/www.gjh.de\\\/frog\\\/lmv-mai-2016-nur-fairer-handel-ist-freier-handel\\\/\"]}]},{\"@type\":\"BreadcrumbList\",\"@id\":\"https:\\\/\\\/www.gjh.de\\\/frog\\\/lmv-mai-2016-nur-fairer-handel-ist-freier-handel\\\/#breadcrumb\",\"itemListElement\":[{\"@type\":\"ListItem\",\"position\":1,\"name\":\"Startseite\",\"item\":\"https:\\\/\\\/www.gjh.de\\\/frog\\\/\"},{\"@type\":\"ListItem\",\"position\":2,\"name\":\"LMV Mai 2016: Nur fairer Handel ist freier Handel\"}]},{\"@type\":\"WebSite\",\"@id\":\"https:\\\/\\\/www.gjh.de\\\/frog\\\/#website\",\"url\":\"https:\\\/\\\/www.gjh.de\\\/frog\\\/\",\"name\":\"GR\u00dcNE JUGEND Hessen\",\"description\":\"\",\"potentialAction\":[{\"@type\":\"SearchAction\",\"target\":{\"@type\":\"EntryPoint\",\"urlTemplate\":\"https:\\\/\\\/www.gjh.de\\\/frog\\\/?s={search_term_string}\"},\"query-input\":{\"@type\":\"PropertyValueSpecification\",\"valueRequired\":true,\"valueName\":\"search_term_string\"}}],\"inLanguage\":\"de\"},{\"@type\":\"Person\",\"@id\":\"https:\\\/\\\/www.gjh.de\\\/frog\\\/#\\\/schema\\\/person\\\/b8fa006520a86a3226e05402520d4f13\",\"name\":\"Gr\u00fcne Jugend Hessen\",\"image\":{\"@type\":\"ImageObject\",\"inLanguage\":\"de\",\"@id\":\"https:\\\/\\\/secure.gravatar.com\\\/avatar\\\/e938d46263c3d10a08350877687bfc15fd4ba70a3de2fa88ac7b3d8603f2ed56?s=96&d=mm&r=g\",\"url\":\"https:\\\/\\\/secure.gravatar.com\\\/avatar\\\/e938d46263c3d10a08350877687bfc15fd4ba70a3de2fa88ac7b3d8603f2ed56?s=96&d=mm&r=g\",\"contentUrl\":\"https:\\\/\\\/secure.gravatar.com\\\/avatar\\\/e938d46263c3d10a08350877687bfc15fd4ba70a3de2fa88ac7b3d8603f2ed56?s=96&d=mm&r=g\",\"caption\":\"Gr\u00fcne Jugend Hessen\"},\"sameAs\":[\"https:\\\/\\\/www.gjh.de\"],\"url\":\"https:\\\/\\\/www.gjh.de\\\/frog\\\/author\\\/admin\\\/\"}]}<\/script>\n<!-- \/ Yoast SEO plugin. -->","yoast_head_json":{"title":"LMV Mai 2016: Nur fairer Handel ist freier Handel - GR\u00dcNE JUGEND Hessen","robots":{"index":"index","follow":"follow","max-snippet":"max-snippet:-1","max-image-preview":"max-image-preview:large","max-video-preview":"max-video-preview:-1"},"canonical":"https:\/\/www.gjh.de\/frog\/lmv-mai-2016-nur-fairer-handel-ist-freier-handel\/","og_locale":"de_DE","og_type":"article","og_title":"LMV Mai 2016: Nur fairer Handel ist freier Handel - GR\u00dcNE JUGEND Hessen","og_description":"Die Gr\u00fcne Jugend Hessen fordert den hessischen Landesvorstand von B\u00dcNDNIS 90\/DIE GR\u00dcNEN dazu auf, sich eindeutig f\u00fcr einen fairen globalen Handel und gegen die Freihandelsabkommen CETA, EPA, TTIP sowie das Dienstleistungsabkommen TISA in ihrer jetzigen Form auszusprechen. Ferner fordert die Gr\u00fcne Jugend Hessen den hessischen Landesvorstand und die hessische Landtagsfraktion von B\u00dcNDNIS 90\/DIE GR\u00dcNEN dazu [&hellip;]","og_url":"https:\/\/www.gjh.de\/frog\/lmv-mai-2016-nur-fairer-handel-ist-freier-handel\/","og_site_name":"GR\u00dcNE JUGEND Hessen","article_published_time":"2016-05-23T15:22:30+00:00","article_modified_time":"2021-11-23T11:40:04+00:00","author":"Gr\u00fcne Jugend Hessen","twitter_card":"summary_large_image","twitter_misc":{"Verfasst von":"Gr\u00fcne Jugend Hessen"},"schema":{"@context":"https:\/\/schema.org","@graph":[{"@type":"Article","@id":"https:\/\/www.gjh.de\/frog\/lmv-mai-2016-nur-fairer-handel-ist-freier-handel\/#article","isPartOf":{"@id":"https:\/\/www.gjh.de\/frog\/lmv-mai-2016-nur-fairer-handel-ist-freier-handel\/"},"author":{"name":"Gr\u00fcne Jugend Hessen","@id":"https:\/\/www.gjh.de\/frog\/#\/schema\/person\/b8fa006520a86a3226e05402520d4f13"},"headline":"LMV Mai 2016: Nur fairer Handel ist freier Handel","datePublished":"2016-05-23T15:22:30+00:00","dateModified":"2021-11-23T11:40:04+00:00","mainEntityOfPage":{"@id":"https:\/\/www.gjh.de\/frog\/lmv-mai-2016-nur-fairer-handel-ist-freier-handel\/"},"wordCount":104,"articleSection":["Beschl\u00fcsse","Umwelt und Energie"],"inLanguage":"de"},{"@type":"WebPage","@id":"https:\/\/www.gjh.de\/frog\/lmv-mai-2016-nur-fairer-handel-ist-freier-handel\/","url":"https:\/\/www.gjh.de\/frog\/lmv-mai-2016-nur-fairer-handel-ist-freier-handel\/","name":"LMV Mai 2016: Nur fairer Handel ist freier Handel - GR\u00dcNE JUGEND Hessen","isPartOf":{"@id":"https:\/\/www.gjh.de\/frog\/#website"},"datePublished":"2016-05-23T15:22:30+00:00","dateModified":"2021-11-23T11:40:04+00:00","author":{"@id":"https:\/\/www.gjh.de\/frog\/#\/schema\/person\/b8fa006520a86a3226e05402520d4f13"},"breadcrumb":{"@id":"https:\/\/www.gjh.de\/frog\/lmv-mai-2016-nur-fairer-handel-ist-freier-handel\/#breadcrumb"},"inLanguage":"de","potentialAction":[{"@type":"ReadAction","target":["https:\/\/www.gjh.de\/frog\/lmv-mai-2016-nur-fairer-handel-ist-freier-handel\/"]}]},{"@type":"BreadcrumbList","@id":"https:\/\/www.gjh.de\/frog\/lmv-mai-2016-nur-fairer-handel-ist-freier-handel\/#breadcrumb","itemListElement":[{"@type":"ListItem","position":1,"name":"Startseite","item":"https:\/\/www.gjh.de\/frog\/"},{"@type":"ListItem","position":2,"name":"LMV Mai 2016: Nur fairer Handel ist freier Handel"}]},{"@type":"WebSite","@id":"https:\/\/www.gjh.de\/frog\/#website","url":"https:\/\/www.gjh.de\/frog\/","name":"GR\u00dcNE JUGEND Hessen","description":"","potentialAction":[{"@type":"SearchAction","target":{"@type":"EntryPoint","urlTemplate":"https:\/\/www.gjh.de\/frog\/?s={search_term_string}"},"query-input":{"@type":"PropertyValueSpecification","valueRequired":true,"valueName":"search_term_string"}}],"inLanguage":"de"},{"@type":"Person","@id":"https:\/\/www.gjh.de\/frog\/#\/schema\/person\/b8fa006520a86a3226e05402520d4f13","name":"Gr\u00fcne Jugend Hessen","image":{"@type":"ImageObject","inLanguage":"de","@id":"https:\/\/secure.gravatar.com\/avatar\/e938d46263c3d10a08350877687bfc15fd4ba70a3de2fa88ac7b3d8603f2ed56?s=96&d=mm&r=g","url":"https:\/\/secure.gravatar.com\/avatar\/e938d46263c3d10a08350877687bfc15fd4ba70a3de2fa88ac7b3d8603f2ed56?s=96&d=mm&r=g","contentUrl":"https:\/\/secure.gravatar.com\/avatar\/e938d46263c3d10a08350877687bfc15fd4ba70a3de2fa88ac7b3d8603f2ed56?s=96&d=mm&r=g","caption":"Gr\u00fcne Jugend Hessen"},"sameAs":["https:\/\/www.gjh.de"],"url":"https:\/\/www.gjh.de\/frog\/author\/admin\/"}]}},"_links":{"self":[{"href":"https:\/\/www.gjh.de\/frog\/wp-json\/wp\/v2\/posts\/5180","targetHints":{"allow":["GET"]}}],"collection":[{"href":"https:\/\/www.gjh.de\/frog\/wp-json\/wp\/v2\/posts"}],"about":[{"href":"https:\/\/www.gjh.de\/frog\/wp-json\/wp\/v2\/types\/post"}],"author":[{"embeddable":true,"href":"https:\/\/www.gjh.de\/frog\/wp-json\/wp\/v2\/users\/1"}],"replies":[{"embeddable":true,"href":"https:\/\/www.gjh.de\/frog\/wp-json\/wp\/v2\/comments?post=5180"}],"version-history":[{"count":1,"href":"https:\/\/www.gjh.de\/frog\/wp-json\/wp\/v2\/posts\/5180\/revisions"}],"predecessor-version":[{"id":5181,"href":"https:\/\/www.gjh.de\/frog\/wp-json\/wp\/v2\/posts\/5180\/revisions\/5181"}],"wp:attachment":[{"href":"https:\/\/www.gjh.de\/frog\/wp-json\/wp\/v2\/media?parent=5180"}],"wp:term":[{"taxonomy":"category","embeddable":true,"href":"https:\/\/www.gjh.de\/frog\/wp-json\/wp\/v2\/categories?post=5180"},{"taxonomy":"post_tag","embeddable":true,"href":"https:\/\/www.gjh.de\/frog\/wp-json\/wp\/v2\/tags?post=5180"}],"curies":[{"name":"wp","href":"https:\/\/api.w.org\/{rel}","templated":true}]}}