{"id":8196,"date":"2019-10-29T12:02:12","date_gmt":"2019-10-29T11:02:12","guid":{"rendered":"https:\/\/www.gjh.de\/frog\/?post_type=beschluss&#038;p=8196"},"modified":"2021-11-23T11:53:45","modified_gmt":"2021-11-23T10:53:45","slug":"lmv-oktober-2019-kein-ausbau-der-a-49","status":"publish","type":"post","link":"https:\/\/www.gjh.de\/frog\/lmv-oktober-2019-kein-ausbau-der-a-49\/","title":{"rendered":"LMV Oktober 2019: Kein Ausbau der A 49!"},"content":{"rendered":"<p>Wir als Gr\u00fcne Jugend Hessen solidarisieren uns mit den Demonstrierenden und den Aktivist*innen im Dannenr\u00f6der Forst gegen den Ausbau der A 49 von Neuental nach Felda.<\/p>\n<p>Vor dem Hintergrund der Klimakrise 570 Millionen Euro f\u00fcr den Ausbau einer Autobahn auszugeben, anstatt das Geld beispielsweise in den Ausbau des Schienennetzes zu stecken, den wir f\u00fcr die Verkehrswende dringend ben\u00f6tigen, ist nicht nachzuvollziehen.<\/p>\n<p>F\u00fcr den Ausbau der A 49 sollen 85 Hektar gesunder Mischwald gerodet werden.<\/p>\n<p>Der geplante Ausbau f\u00fchrt au\u00dferdem im Gleental durch ein Trinkwasserschutzgebiet. Es ist zu bef\u00fcrchten, dass die Bauarbeiten das Grundwasser in der Region stark verschmutzen k\u00f6nnten.<\/p>\n<p>Der Ausbau der A 49 soll eine Entlastung f\u00fcr die Autobahnen und Landstra\u00dfen auf der Strecke zwischen Kassel und Gie\u00dfen darstellen. Eine L\u00f6sung muss aber die Verbesserung des Schienenverkehrs sein, damit mehr G\u00fcter- und Personenverkehr von der Stra\u00dfe auf die Schiene verlagert werden k\u00f6nnen.<\/p>\n<p>F\u00fcr den Bau von Autobahnen ist der Bund zust\u00e4ndig, die L\u00e4nder sind jedoch bisher f\u00fcr die Ausf\u00fchrung und Ausstellung der Planfeststellungsbeschl\u00fcsse zust\u00e4ndig. Der Planfeststellungsbeschluss f\u00fcr den Ausbau der A 49 wurde bereits im Jahre 2012 gefasst und hatte bisher auch vor Gericht bestand. Jedoch bestehen erhebliche Zweifel an der Richtigkeit der Annahmen, die die Europ\u00e4ische Kommission bei ihrer Stellungnahme zu \u201eZwingenden Gr\u00fcnden des \u00fcberwiegenden \u00f6ffentlichen Interesses\u201c bez\u00fcglich der A 49 zugrunde gelegt hat. Bei der Klage des BUND gegen den geplanten Ausbau der A 49 bezog sich das Bundesverwaltungsgericht in Leipzig auf diese Stellungnahme der Europ\u00e4ischen Kommission. Der Europ\u00e4ischen Kommission liegt seit Jahren eine Petition vor, die auf die Sachfehler in der Stellungnahme hinweist, reagiert darauf aber nicht.<\/p>\n<p>Au\u00dferdem entsprechen die Ausgleichsma\u00dfnahmen der DEGES zum Beispiel in Homberg Ohm (Bereich St\u00f6rnteich) nicht den Bestimmungen des Planfeststellungsbeschlusses.<\/p>\n<p>Die hessische Landesregierung hat dieses Projekt von der vorangegangenen schwarz-gelben Koalition geerbt. F\u00fcr zuk\u00fcnftige Projekte dieser Art w\u00fcnschen wir uns eine deutlichere Positionierung der Gr\u00fcnen Fraktion im Sinne einer klimafreundlichen Verkehrswende. Aus diesem Grund fordern wir von der Seite der Landesregierung und der Gr\u00fcnen Fraktion.<\/p>\n<ul>\n<li>Den konsequenten Einsatz f\u00fcr den Schutz des Grundwassers und der tats\u00e4chlichen Umsetzung des Rodungsausgleichs.<\/li>\n<\/ul>\n<ul>\n<li>\u00dcberpr\u00fcfung aller bereits ausgef\u00fchrten oder geplanten Ausgleichsma\u00dfnahmen der DEGES und sofortige Durchsetzung eines Baustopps bei nicht dem Planfeststellungsbeschlusses entsprechender Umsetzung.<\/li>\n<\/ul>\n<ul>\n<li>Aufforderung der Europ\u00e4ischen Kommission auf die Sachfehler in der Stellungnahme einzugehen und diese gegebenenfalls zu berichtigen.<\/li>\n<\/ul>\n<p>Diese und weitere Forderungen wollen wir gemeinsam als Verband entwickeln und in die Partei und deren Gremien hineintragen.<\/p>\n<p>&nbsp;<\/p>\n<p><span style=\"color: #99cc00;\"><em>Beschlossen am 27.10.2019 auf der Landesmitgliederversammlung in Wetzlar.<\/em><\/span><\/p>\n","protected":false},"excerpt":{"rendered":"<p>Wir als Gr\u00fcne Jugend Hessen solidarisieren uns mit den Demonstrierenden und den Aktivist*innen im Dannenr\u00f6der Forst gegen den Ausbau der A 49 von Neuental nach Felda. Vor dem Hintergrund der Klimakrise 570 Millionen Euro f\u00fcr den Ausbau einer Autobahn auszugeben, anstatt das Geld beispielsweise in den Ausbau des Schienennetzes zu stecken, den wir f\u00fcr die [&hellip;]<\/p>\n","protected":false},"author":1,"featured_media":0,"comment_status":"closed","ping_status":"closed","sticky":false,"template":"","format":"standard","meta":{"footnotes":""},"categories":[234,235],"tags":[],"class_list":["post-8196","post","type-post","status-publish","format-standard","hentry","category-beschluesse","category-umwelt-energie"],"yoast_head":"<!-- This site is optimized with the Yoast SEO plugin v27.5 - https:\/\/yoast.com\/product\/yoast-seo-wordpress\/ -->\n<title>LMV Oktober 2019: Kein Ausbau der A 49! - GR\u00dcNE JUGEND Hessen<\/title>\n<meta name=\"robots\" content=\"index, follow, max-snippet:-1, max-image-preview:large, max-video-preview:-1\" \/>\n<link rel=\"canonical\" href=\"https:\/\/www.gjh.de\/frog\/lmv-oktober-2019-kein-ausbau-der-a-49\/\" \/>\n<meta property=\"og:locale\" content=\"de_DE\" \/>\n<meta property=\"og:type\" content=\"article\" \/>\n<meta property=\"og:title\" content=\"LMV Oktober 2019: Kein Ausbau der A 49! - GR\u00dcNE JUGEND Hessen\" \/>\n<meta property=\"og:description\" content=\"Wir als Gr\u00fcne Jugend Hessen solidarisieren uns mit den Demonstrierenden und den Aktivist*innen im Dannenr\u00f6der Forst gegen den Ausbau der A 49 von Neuental nach Felda. Vor dem Hintergrund der Klimakrise 570 Millionen Euro f\u00fcr den Ausbau einer Autobahn auszugeben, anstatt das Geld beispielsweise in den Ausbau des Schienennetzes zu stecken, den wir f\u00fcr die [&hellip;]\" \/>\n<meta property=\"og:url\" content=\"https:\/\/www.gjh.de\/frog\/lmv-oktober-2019-kein-ausbau-der-a-49\/\" \/>\n<meta property=\"og:site_name\" content=\"GR\u00dcNE JUGEND Hessen\" \/>\n<meta property=\"article:published_time\" content=\"2019-10-29T11:02:12+00:00\" \/>\n<meta property=\"article:modified_time\" content=\"2021-11-23T10:53:45+00:00\" \/>\n<meta name=\"author\" content=\"Gr\u00fcne Jugend Hessen\" \/>\n<meta name=\"twitter:card\" content=\"summary_large_image\" \/>\n<meta name=\"twitter:label1\" content=\"Verfasst von\" \/>\n\t<meta name=\"twitter:data1\" content=\"Gr\u00fcne Jugend Hessen\" \/>\n\t<meta name=\"twitter:label2\" content=\"Gesch\u00e4tzte Lesezeit\" \/>\n\t<meta name=\"twitter:data2\" content=\"2\u00a0Minuten\" \/>\n<script type=\"application\/ld+json\" class=\"yoast-schema-graph\">{\"@context\":\"https:\\\/\\\/schema.org\",\"@graph\":[{\"@type\":\"Article\",\"@id\":\"https:\\\/\\\/www.gjh.de\\\/frog\\\/lmv-oktober-2019-kein-ausbau-der-a-49\\\/#article\",\"isPartOf\":{\"@id\":\"https:\\\/\\\/www.gjh.de\\\/frog\\\/lmv-oktober-2019-kein-ausbau-der-a-49\\\/\"},\"author\":{\"name\":\"Gr\u00fcne Jugend Hessen\",\"@id\":\"https:\\\/\\\/www.gjh.de\\\/frog\\\/#\\\/schema\\\/person\\\/b8fa006520a86a3226e05402520d4f13\"},\"headline\":\"LMV Oktober 2019: Kein Ausbau der A 49!\",\"datePublished\":\"2019-10-29T11:02:12+00:00\",\"dateModified\":\"2021-11-23T10:53:45+00:00\",\"mainEntityOfPage\":{\"@id\":\"https:\\\/\\\/www.gjh.de\\\/frog\\\/lmv-oktober-2019-kein-ausbau-der-a-49\\\/\"},\"wordCount\":442,\"articleSection\":[\"Beschl\u00fcsse\",\"Umwelt und Energie\"],\"inLanguage\":\"de\"},{\"@type\":\"WebPage\",\"@id\":\"https:\\\/\\\/www.gjh.de\\\/frog\\\/lmv-oktober-2019-kein-ausbau-der-a-49\\\/\",\"url\":\"https:\\\/\\\/www.gjh.de\\\/frog\\\/lmv-oktober-2019-kein-ausbau-der-a-49\\\/\",\"name\":\"LMV Oktober 2019: Kein Ausbau der A 49! - GR\u00dcNE JUGEND Hessen\",\"isPartOf\":{\"@id\":\"https:\\\/\\\/www.gjh.de\\\/frog\\\/#website\"},\"datePublished\":\"2019-10-29T11:02:12+00:00\",\"dateModified\":\"2021-11-23T10:53:45+00:00\",\"author\":{\"@id\":\"https:\\\/\\\/www.gjh.de\\\/frog\\\/#\\\/schema\\\/person\\\/b8fa006520a86a3226e05402520d4f13\"},\"breadcrumb\":{\"@id\":\"https:\\\/\\\/www.gjh.de\\\/frog\\\/lmv-oktober-2019-kein-ausbau-der-a-49\\\/#breadcrumb\"},\"inLanguage\":\"de\",\"potentialAction\":[{\"@type\":\"ReadAction\",\"target\":[\"https:\\\/\\\/www.gjh.de\\\/frog\\\/lmv-oktober-2019-kein-ausbau-der-a-49\\\/\"]}]},{\"@type\":\"BreadcrumbList\",\"@id\":\"https:\\\/\\\/www.gjh.de\\\/frog\\\/lmv-oktober-2019-kein-ausbau-der-a-49\\\/#breadcrumb\",\"itemListElement\":[{\"@type\":\"ListItem\",\"position\":1,\"name\":\"Startseite\",\"item\":\"https:\\\/\\\/www.gjh.de\\\/frog\\\/\"},{\"@type\":\"ListItem\",\"position\":2,\"name\":\"LMV Oktober 2019: Kein Ausbau der A 49!\"}]},{\"@type\":\"WebSite\",\"@id\":\"https:\\\/\\\/www.gjh.de\\\/frog\\\/#website\",\"url\":\"https:\\\/\\\/www.gjh.de\\\/frog\\\/\",\"name\":\"GR\u00dcNE JUGEND Hessen\",\"description\":\"\",\"potentialAction\":[{\"@type\":\"SearchAction\",\"target\":{\"@type\":\"EntryPoint\",\"urlTemplate\":\"https:\\\/\\\/www.gjh.de\\\/frog\\\/?s={search_term_string}\"},\"query-input\":{\"@type\":\"PropertyValueSpecification\",\"valueRequired\":true,\"valueName\":\"search_term_string\"}}],\"inLanguage\":\"de\"},{\"@type\":\"Person\",\"@id\":\"https:\\\/\\\/www.gjh.de\\\/frog\\\/#\\\/schema\\\/person\\\/b8fa006520a86a3226e05402520d4f13\",\"name\":\"Gr\u00fcne Jugend Hessen\",\"image\":{\"@type\":\"ImageObject\",\"inLanguage\":\"de\",\"@id\":\"https:\\\/\\\/secure.gravatar.com\\\/avatar\\\/e938d46263c3d10a08350877687bfc15fd4ba70a3de2fa88ac7b3d8603f2ed56?s=96&d=mm&r=g\",\"url\":\"https:\\\/\\\/secure.gravatar.com\\\/avatar\\\/e938d46263c3d10a08350877687bfc15fd4ba70a3de2fa88ac7b3d8603f2ed56?s=96&d=mm&r=g\",\"contentUrl\":\"https:\\\/\\\/secure.gravatar.com\\\/avatar\\\/e938d46263c3d10a08350877687bfc15fd4ba70a3de2fa88ac7b3d8603f2ed56?s=96&d=mm&r=g\",\"caption\":\"Gr\u00fcne Jugend Hessen\"},\"sameAs\":[\"https:\\\/\\\/www.gjh.de\"],\"url\":\"https:\\\/\\\/www.gjh.de\\\/frog\\\/author\\\/admin\\\/\"}]}<\/script>\n<!-- \/ Yoast SEO plugin. -->","yoast_head_json":{"title":"LMV Oktober 2019: Kein Ausbau der A 49! - GR\u00dcNE JUGEND Hessen","robots":{"index":"index","follow":"follow","max-snippet":"max-snippet:-1","max-image-preview":"max-image-preview:large","max-video-preview":"max-video-preview:-1"},"canonical":"https:\/\/www.gjh.de\/frog\/lmv-oktober-2019-kein-ausbau-der-a-49\/","og_locale":"de_DE","og_type":"article","og_title":"LMV Oktober 2019: Kein Ausbau der A 49! - GR\u00dcNE JUGEND Hessen","og_description":"Wir als Gr\u00fcne Jugend Hessen solidarisieren uns mit den Demonstrierenden und den Aktivist*innen im Dannenr\u00f6der Forst gegen den Ausbau der A 49 von Neuental nach Felda. Vor dem Hintergrund der Klimakrise 570 Millionen Euro f\u00fcr den Ausbau einer Autobahn auszugeben, anstatt das Geld beispielsweise in den Ausbau des Schienennetzes zu stecken, den wir f\u00fcr die [&hellip;]","og_url":"https:\/\/www.gjh.de\/frog\/lmv-oktober-2019-kein-ausbau-der-a-49\/","og_site_name":"GR\u00dcNE JUGEND Hessen","article_published_time":"2019-10-29T11:02:12+00:00","article_modified_time":"2021-11-23T10:53:45+00:00","author":"Gr\u00fcne Jugend Hessen","twitter_card":"summary_large_image","twitter_misc":{"Verfasst von":"Gr\u00fcne Jugend Hessen","Gesch\u00e4tzte Lesezeit":"2\u00a0Minuten"},"schema":{"@context":"https:\/\/schema.org","@graph":[{"@type":"Article","@id":"https:\/\/www.gjh.de\/frog\/lmv-oktober-2019-kein-ausbau-der-a-49\/#article","isPartOf":{"@id":"https:\/\/www.gjh.de\/frog\/lmv-oktober-2019-kein-ausbau-der-a-49\/"},"author":{"name":"Gr\u00fcne Jugend Hessen","@id":"https:\/\/www.gjh.de\/frog\/#\/schema\/person\/b8fa006520a86a3226e05402520d4f13"},"headline":"LMV Oktober 2019: Kein Ausbau der A 49!","datePublished":"2019-10-29T11:02:12+00:00","dateModified":"2021-11-23T10:53:45+00:00","mainEntityOfPage":{"@id":"https:\/\/www.gjh.de\/frog\/lmv-oktober-2019-kein-ausbau-der-a-49\/"},"wordCount":442,"articleSection":["Beschl\u00fcsse","Umwelt und Energie"],"inLanguage":"de"},{"@type":"WebPage","@id":"https:\/\/www.gjh.de\/frog\/lmv-oktober-2019-kein-ausbau-der-a-49\/","url":"https:\/\/www.gjh.de\/frog\/lmv-oktober-2019-kein-ausbau-der-a-49\/","name":"LMV Oktober 2019: Kein Ausbau der A 49! - GR\u00dcNE JUGEND Hessen","isPartOf":{"@id":"https:\/\/www.gjh.de\/frog\/#website"},"datePublished":"2019-10-29T11:02:12+00:00","dateModified":"2021-11-23T10:53:45+00:00","author":{"@id":"https:\/\/www.gjh.de\/frog\/#\/schema\/person\/b8fa006520a86a3226e05402520d4f13"},"breadcrumb":{"@id":"https:\/\/www.gjh.de\/frog\/lmv-oktober-2019-kein-ausbau-der-a-49\/#breadcrumb"},"inLanguage":"de","potentialAction":[{"@type":"ReadAction","target":["https:\/\/www.gjh.de\/frog\/lmv-oktober-2019-kein-ausbau-der-a-49\/"]}]},{"@type":"BreadcrumbList","@id":"https:\/\/www.gjh.de\/frog\/lmv-oktober-2019-kein-ausbau-der-a-49\/#breadcrumb","itemListElement":[{"@type":"ListItem","position":1,"name":"Startseite","item":"https:\/\/www.gjh.de\/frog\/"},{"@type":"ListItem","position":2,"name":"LMV Oktober 2019: Kein Ausbau der A 49!"}]},{"@type":"WebSite","@id":"https:\/\/www.gjh.de\/frog\/#website","url":"https:\/\/www.gjh.de\/frog\/","name":"GR\u00dcNE JUGEND Hessen","description":"","potentialAction":[{"@type":"SearchAction","target":{"@type":"EntryPoint","urlTemplate":"https:\/\/www.gjh.de\/frog\/?s={search_term_string}"},"query-input":{"@type":"PropertyValueSpecification","valueRequired":true,"valueName":"search_term_string"}}],"inLanguage":"de"},{"@type":"Person","@id":"https:\/\/www.gjh.de\/frog\/#\/schema\/person\/b8fa006520a86a3226e05402520d4f13","name":"Gr\u00fcne Jugend Hessen","image":{"@type":"ImageObject","inLanguage":"de","@id":"https:\/\/secure.gravatar.com\/avatar\/e938d46263c3d10a08350877687bfc15fd4ba70a3de2fa88ac7b3d8603f2ed56?s=96&d=mm&r=g","url":"https:\/\/secure.gravatar.com\/avatar\/e938d46263c3d10a08350877687bfc15fd4ba70a3de2fa88ac7b3d8603f2ed56?s=96&d=mm&r=g","contentUrl":"https:\/\/secure.gravatar.com\/avatar\/e938d46263c3d10a08350877687bfc15fd4ba70a3de2fa88ac7b3d8603f2ed56?s=96&d=mm&r=g","caption":"Gr\u00fcne Jugend Hessen"},"sameAs":["https:\/\/www.gjh.de"],"url":"https:\/\/www.gjh.de\/frog\/author\/admin\/"}]}},"_links":{"self":[{"href":"https:\/\/www.gjh.de\/frog\/wp-json\/wp\/v2\/posts\/8196","targetHints":{"allow":["GET"]}}],"collection":[{"href":"https:\/\/www.gjh.de\/frog\/wp-json\/wp\/v2\/posts"}],"about":[{"href":"https:\/\/www.gjh.de\/frog\/wp-json\/wp\/v2\/types\/post"}],"author":[{"embeddable":true,"href":"https:\/\/www.gjh.de\/frog\/wp-json\/wp\/v2\/users\/1"}],"replies":[{"embeddable":true,"href":"https:\/\/www.gjh.de\/frog\/wp-json\/wp\/v2\/comments?post=8196"}],"version-history":[{"count":1,"href":"https:\/\/www.gjh.de\/frog\/wp-json\/wp\/v2\/posts\/8196\/revisions"}],"predecessor-version":[{"id":8197,"href":"https:\/\/www.gjh.de\/frog\/wp-json\/wp\/v2\/posts\/8196\/revisions\/8197"}],"wp:attachment":[{"href":"https:\/\/www.gjh.de\/frog\/wp-json\/wp\/v2\/media?parent=8196"}],"wp:term":[{"taxonomy":"category","embeddable":true,"href":"https:\/\/www.gjh.de\/frog\/wp-json\/wp\/v2\/categories?post=8196"},{"taxonomy":"post_tag","embeddable":true,"href":"https:\/\/www.gjh.de\/frog\/wp-json\/wp\/v2\/tags?post=8196"}],"curies":[{"name":"wp","href":"https:\/\/api.w.org\/{rel}","templated":true}]}}