{"id":8220,"date":"2019-10-29T12:09:05","date_gmt":"2019-10-29T11:09:05","guid":{"rendered":"https:\/\/www.gjh.de\/frog\/?post_type=beschluss&#038;p=8220"},"modified":"2021-11-23T11:47:29","modified_gmt":"2021-11-23T10:47:29","slug":"lmv-oktober-2019-foerderung-des-ausbaus-der-windenergie-in-hessen","status":"publish","type":"post","link":"https:\/\/www.gjh.de\/frog\/lmv-oktober-2019-foerderung-des-ausbaus-der-windenergie-in-hessen\/","title":{"rendered":"LMV Oktober 2019: F\u00f6rderung des Ausbaus der Windenergie in Hessen"},"content":{"rendered":"<p>Um die Ziele des Pariser Klimaabkommens zu erreichen, ist eine Beschleunigung des Ausbaus der Erneuerbaren Energien unerl\u00e4sslich. Es ist Kernaufgabe der Politik, die Rahmenbedingungen daf\u00fcr zu schaffen.<\/p>\n<p>Die Bundesregierung f\u00fchrt in dem \u201eKlimaschutzprogramm 2030 zur Umsetzung des Klimaschutzplans 2050\u201c [1] hier unter 3.4.1.2. (<em>Ausbau der EE[Erneuerbaren Energien] auf 65 Prozent Anteil am Bruttostromverbrauch bis 2030<\/em>) f\u00fcr die Errichtung neuer Windenergieanlagen einen allgemeinen Mindestabstand von 1000 m zu \u201ereine[n] und allgemeine[n] Wohngebiete[n]\u201c und \u201ed\u00f6rfliche[n] Strukturen mit signifikanter Wohnbebauung\u201c an. Unter Berufung auf die Analyse des Umweltbundesamtes \u201eAuswirkungen von Mindestabst\u00e4nden zwischen Windenergieanlagen und Siedlungen\u201c (vgl. [2], Seite 22) halten wir diese Ma\u00dfnahme nicht nur f\u00fcr unwirksam zur Steigerung der Akzeptanz von Windenergieanlagen (vgl. [3], Seite 22), sondern bef\u00fcrchten dass somit das Leistungspotenzial der Windenergie deutlich sinken w\u00fcrde, weil die verf\u00fcgbaren Fl\u00e4chen um 20 bis 50 Prozent reduziert werden k\u00f6nnten (vgl. [2], Seite 6).<\/p>\n<p>Die Gr\u00fcne Jugend Hessen fordert daher die Hessische Landesregierung und insbesondere die Landtagsfraktion von B\u00dcNDNIS 90\/DIE GR\u00dcNEN Hessen (sollte es zu dieser Neuregelung in der jetzigen Form kommen) auf, innerhalb der ersten 18 Monate nach Inkrafttreten die Mindestabstandsregelung abzulegen (vgl. [1], Seite 36ff., 3.4.1.2., \u201eopt out\u201c).<\/p>\n<p>Eine Mindestabstandsregelung, welche \u00fcber den, aufgrund der sogenannten \u201eoptisch bedr\u00e4ngenden Wirkung\u201c, wie sie in der Anleitung zum \u201eGenehmigungsverfahren nach dem Bundes-Immissionsschutzgesetz\u201c des <em>Hessisches Ministerium f\u00fcr Umwelt, Klimaschutz, Landwirtschaft und Verbraucherschutz<\/em> (vgl. [4], Seite 53) genannt wird, vorgesehenen Abstand der \u201e3-fachen WEA[Windenergieanlagen]-Gesamth\u00f6he\u201c hinausgeht, sollte den Ausbau der Windenergieanlagen in Hessen nicht verlangsamen\u2013 insbesondere, da wie in der Studie von H\u00fcbner und Pohl dargelegt (s. [3], Seite 22), es keinen bedeutenden Zusammenhang zwischen der Akzeptanz der Windenergieanlagen und deren Abstand nachweisen l\u00e4sst. Deshalb ist auch der gegenw\u00e4rtig geltende Abstand von 1000m zu \u201eden in Plankarten festgelegten \u201eVorranggebieten Siedlungen\u201c\u201c kritisch zu hinterfragen.<\/p>\n<p>Um dar\u00fcber hinaus den Ausbau der Windenergie zu beschleunigen, setzen wir uns f\u00fcr eine \u00dcberpr\u00fcfung der gegenw\u00e4rtigen Regelungen bei der Zulassung von neuen Windenergieanlagen im Bereich Flugsicherung, Milit\u00e4r, Denkmalpflege und Arten- und Naturschutz ein.<\/p>\n<p>Wie in der Umfrage der Fachagentur <em>Windenergie an Land<\/em> \u201eHemmnisse beim Ausbau der Windenergie in Deutschland\u201c [5] benannt, sind beklagte Windenergieanlagen zwar nicht gesetzlich f\u00fcr eine Ausschreibung ausgeschlossen, allerdings ein finanzielles Wagnis, Neubauten werden damit verhindert. Au\u00dferdem geht aus der Studie hervor (vgl. Seite 3), dass bei ca. einem Viertel der beklagten Windenergieanlagen Arten- und Naturschutzanliegen der Klagegrund waren. Diese Fragen m\u00fcssen im Vorfeld eines Planungsverfahrens gekl\u00e4rt werden.<\/p>\n<p>Der Klimawandel stellt eine substanzielle Gefahr f\u00fcr die meisten Tier- und Pflanzenarten dar. Die dramatischen Folgen der Erderw\u00e4rmung f\u00fcr Natur und Artenvielfalt m\u00fcssen daher bei der Genehmigung von Windenergieanlagen st\u00e4rker ber\u00fccksichtigt werden.<\/p>\n<p>Letztendlich muss sich vor allem die gesellschaftliche Akzeptanz der Windenergie verbessern. Ohne einen verst\u00e4rkten Ausbau der erneuerbaren Energien scheint die Klimakatastrophe weiterhin unausweichlich.<\/p>\n<p><strong>Quellen:<\/strong><\/p>\n<p>[1] \u201eKlimaschutzprogramm 2030 der Bundesregierung zur Umsetzung des Klimaschutzplans 2050\u201c<\/p>\n<p><a href=\"https:\/\/www.bmu.de\/fileadmin\/Daten_BMU\/Download_PDF\/Klimaschutz\/klimaschutzprogramm_2030_umsetzung_klimaschutzplan.pdf\"><em>https:\/\/www.bmu.de\/fileadmin\/Daten_BMU\/Download_PDF\/Klimaschutz\/klimaschutzprogr-amm_2030_umsetzung_klimaschutzplan.pdf<\/em><\/a> (zuletzt aufgerufen am 13. Oktober 2019)<\/p>\n<p>[2] \u201eAuswirkungen von Mindestabst\u00e4nden zwischen Windenergieanlagen und Siedlungen\u201c, Marie-Luise Plappert, Manuel Rudolph, Carla Vollmer f\u00fcr das Umweltbundesamt<\/p>\n<p><a href=\"https:\/\/www.umweltbundesamt.de\/sites\/default\/files\/medien\/1410\/publikationen\/2019-03-20_pp_mindestabstaende-windenergieanlagen.pdf\"><em>https:\/\/www.umweltbundesamt.de\/sites\/default\/files\/medien\/1410\/publikationen\/201-9-03-20_pp_mindestabstaende-windenergieanlagen.pdf<\/em><\/a> (zuletzt aufgerufen am 13. Oktober 2019)<\/p>\n<p>[3] \u201eMehr Abstand \u2013 mehr Akzeptanz? Ein umweltpsychologischer Studienvergleich\u201c, Prof. Dr. Gundula H\u00fcbner, Dr. Johannes Pohl f\u00fcr die Fachagentur Windenergie an Land e.V.<\/p>\n<p><a href=\"https:\/\/www.fachagentur-windenergie.de\/fileadmin\/files\/Akzeptanz\/FA-Wind_Abstand-Akzeptanz_Broschuere_2015.pdf\"><em>https:\/\/www.fachagentur-windenergie.de\/fileadmin\/files\/Akzeptanz\/FA-Wind_Abstand-Akzeptanz_Broschuere_2015.pdf<\/em><\/a> (zuletzt aufgerufen am 13. Oktober 2019)<\/p>\n<p>[4] \u201eGenehmigungsverfahren nach dem Bundes-Immissionsschutzgesetz\u201c (Stand 15.01.2016)<\/p>\n<p><a href=\"https:\/\/www.hlnug.de\/fileadmin\/downloads\/luft\/Anleitung_Antragsunterlagen_Windenergieanlagen_Mai_2015.pdf\"><em>https:\/\/www.hlnug.de\/fileadmin\/downloads\/luft\/Anleitung_Antragsunterlagen_Winden-ergieanlagen_Mai_2015.pdf<\/em><\/a>(zuletzt aufgerufen am 17. Oktober 2019)<\/p>\n<p>[5] \u201eHemmnisse beim Ausbau der Windenergie in Deutschland\u201c, J\u00fcrgen Quentin f\u00fcr die Fachagentur Windenergie an Land e.V.<\/p>\n<p><a href=\"https:\/\/www.wind-energie.de\/fileadmin\/redaktion\/dokumente\/pressemitteilungen\/2019\/20190719_FA_Wind_Branchenumfrage_beklagte_WEA_Hemmnisse_DVOR_und_Militaer.pdf\"><em>https:\/\/www.wind-energie.de\/fileadmin\/redaktion\/dokumente\/pressemitteilungen\/2019\/20190719_FA_Win-d_Branchenumfrage_beklagte_WEA_Hemmnisse_DVOR_und_Militaer.pdf<\/em><\/a>(zuletzt aufgerufen am 8. Oktober 2019)<\/p>\n<p>&nbsp;<\/p>\n<p><em><span style=\"color: #99cc00;\">Beschlossen am 27.10.2019 auf der Landesmitgliederversammlung in Wetzlar.<\/span><\/em><\/p>\n","protected":false},"excerpt":{"rendered":"<p>Um die Ziele des Pariser Klimaabkommens zu erreichen, ist eine Beschleunigung des Ausbaus der Erneuerbaren Energien unerl\u00e4sslich. Es ist Kernaufgabe der Politik, die Rahmenbedingungen daf\u00fcr zu schaffen. Die Bundesregierung f\u00fchrt in dem \u201eKlimaschutzprogramm 2030 zur Umsetzung des Klimaschutzplans 2050\u201c [1] hier unter 3.4.1.2. (Ausbau der EE[Erneuerbaren Energien] auf 65 Prozent Anteil am Bruttostromverbrauch bis 2030) [&hellip;]<\/p>\n","protected":false},"author":1,"featured_media":0,"comment_status":"closed","ping_status":"closed","sticky":false,"template":"","format":"standard","meta":{"footnotes":""},"categories":[234,235],"tags":[],"class_list":["post-8220","post","type-post","status-publish","format-standard","hentry","category-beschluesse","category-umwelt-energie"],"yoast_head":"<!-- This site is optimized with the Yoast SEO plugin v27.5 - https:\/\/yoast.com\/product\/yoast-seo-wordpress\/ -->\n<title>LMV Oktober 2019: F\u00f6rderung des Ausbaus der Windenergie in Hessen - GR\u00dcNE JUGEND Hessen<\/title>\n<meta name=\"robots\" content=\"index, follow, max-snippet:-1, max-image-preview:large, max-video-preview:-1\" \/>\n<link rel=\"canonical\" href=\"https:\/\/www.gjh.de\/frog\/lmv-oktober-2019-foerderung-des-ausbaus-der-windenergie-in-hessen\/\" \/>\n<meta property=\"og:locale\" content=\"de_DE\" \/>\n<meta property=\"og:type\" content=\"article\" \/>\n<meta property=\"og:title\" content=\"LMV Oktober 2019: F\u00f6rderung des Ausbaus der Windenergie in Hessen - GR\u00dcNE JUGEND Hessen\" \/>\n<meta property=\"og:description\" content=\"Um die Ziele des Pariser Klimaabkommens zu erreichen, ist eine Beschleunigung des Ausbaus der Erneuerbaren Energien unerl\u00e4sslich. Es ist Kernaufgabe der Politik, die Rahmenbedingungen daf\u00fcr zu schaffen. Die Bundesregierung f\u00fchrt in dem \u201eKlimaschutzprogramm 2030 zur Umsetzung des Klimaschutzplans 2050\u201c [1] hier unter 3.4.1.2. (Ausbau der EE[Erneuerbaren Energien] auf 65 Prozent Anteil am Bruttostromverbrauch bis 2030) [&hellip;]\" \/>\n<meta property=\"og:url\" content=\"https:\/\/www.gjh.de\/frog\/lmv-oktober-2019-foerderung-des-ausbaus-der-windenergie-in-hessen\/\" \/>\n<meta property=\"og:site_name\" content=\"GR\u00dcNE JUGEND Hessen\" \/>\n<meta property=\"article:published_time\" content=\"2019-10-29T11:09:05+00:00\" \/>\n<meta property=\"article:modified_time\" content=\"2021-11-23T10:47:29+00:00\" \/>\n<meta name=\"author\" content=\"Gr\u00fcne Jugend Hessen\" \/>\n<meta name=\"twitter:card\" content=\"summary_large_image\" \/>\n<meta name=\"twitter:label1\" content=\"Verfasst von\" \/>\n\t<meta name=\"twitter:data1\" content=\"Gr\u00fcne Jugend Hessen\" \/>\n\t<meta name=\"twitter:label2\" content=\"Gesch\u00e4tzte Lesezeit\" \/>\n\t<meta name=\"twitter:data2\" content=\"3\u00a0Minuten\" \/>\n<script type=\"application\/ld+json\" class=\"yoast-schema-graph\">{\"@context\":\"https:\\\/\\\/schema.org\",\"@graph\":[{\"@type\":\"Article\",\"@id\":\"https:\\\/\\\/www.gjh.de\\\/frog\\\/lmv-oktober-2019-foerderung-des-ausbaus-der-windenergie-in-hessen\\\/#article\",\"isPartOf\":{\"@id\":\"https:\\\/\\\/www.gjh.de\\\/frog\\\/lmv-oktober-2019-foerderung-des-ausbaus-der-windenergie-in-hessen\\\/\"},\"author\":{\"name\":\"Gr\u00fcne Jugend Hessen\",\"@id\":\"https:\\\/\\\/www.gjh.de\\\/frog\\\/#\\\/schema\\\/person\\\/b8fa006520a86a3226e05402520d4f13\"},\"headline\":\"LMV Oktober 2019: F\u00f6rderung des Ausbaus der Windenergie in Hessen\",\"datePublished\":\"2019-10-29T11:09:05+00:00\",\"dateModified\":\"2021-11-23T10:47:29+00:00\",\"mainEntityOfPage\":{\"@id\":\"https:\\\/\\\/www.gjh.de\\\/frog\\\/lmv-oktober-2019-foerderung-des-ausbaus-der-windenergie-in-hessen\\\/\"},\"wordCount\":646,\"articleSection\":[\"Beschl\u00fcsse\",\"Umwelt und Energie\"],\"inLanguage\":\"de\"},{\"@type\":\"WebPage\",\"@id\":\"https:\\\/\\\/www.gjh.de\\\/frog\\\/lmv-oktober-2019-foerderung-des-ausbaus-der-windenergie-in-hessen\\\/\",\"url\":\"https:\\\/\\\/www.gjh.de\\\/frog\\\/lmv-oktober-2019-foerderung-des-ausbaus-der-windenergie-in-hessen\\\/\",\"name\":\"LMV Oktober 2019: F\u00f6rderung des Ausbaus der Windenergie in Hessen - GR\u00dcNE JUGEND Hessen\",\"isPartOf\":{\"@id\":\"https:\\\/\\\/www.gjh.de\\\/frog\\\/#website\"},\"datePublished\":\"2019-10-29T11:09:05+00:00\",\"dateModified\":\"2021-11-23T10:47:29+00:00\",\"author\":{\"@id\":\"https:\\\/\\\/www.gjh.de\\\/frog\\\/#\\\/schema\\\/person\\\/b8fa006520a86a3226e05402520d4f13\"},\"breadcrumb\":{\"@id\":\"https:\\\/\\\/www.gjh.de\\\/frog\\\/lmv-oktober-2019-foerderung-des-ausbaus-der-windenergie-in-hessen\\\/#breadcrumb\"},\"inLanguage\":\"de\",\"potentialAction\":[{\"@type\":\"ReadAction\",\"target\":[\"https:\\\/\\\/www.gjh.de\\\/frog\\\/lmv-oktober-2019-foerderung-des-ausbaus-der-windenergie-in-hessen\\\/\"]}]},{\"@type\":\"BreadcrumbList\",\"@id\":\"https:\\\/\\\/www.gjh.de\\\/frog\\\/lmv-oktober-2019-foerderung-des-ausbaus-der-windenergie-in-hessen\\\/#breadcrumb\",\"itemListElement\":[{\"@type\":\"ListItem\",\"position\":1,\"name\":\"Startseite\",\"item\":\"https:\\\/\\\/www.gjh.de\\\/frog\\\/\"},{\"@type\":\"ListItem\",\"position\":2,\"name\":\"LMV Oktober 2019: F\u00f6rderung des Ausbaus der Windenergie in Hessen\"}]},{\"@type\":\"WebSite\",\"@id\":\"https:\\\/\\\/www.gjh.de\\\/frog\\\/#website\",\"url\":\"https:\\\/\\\/www.gjh.de\\\/frog\\\/\",\"name\":\"GR\u00dcNE JUGEND Hessen\",\"description\":\"\",\"potentialAction\":[{\"@type\":\"SearchAction\",\"target\":{\"@type\":\"EntryPoint\",\"urlTemplate\":\"https:\\\/\\\/www.gjh.de\\\/frog\\\/?s={search_term_string}\"},\"query-input\":{\"@type\":\"PropertyValueSpecification\",\"valueRequired\":true,\"valueName\":\"search_term_string\"}}],\"inLanguage\":\"de\"},{\"@type\":\"Person\",\"@id\":\"https:\\\/\\\/www.gjh.de\\\/frog\\\/#\\\/schema\\\/person\\\/b8fa006520a86a3226e05402520d4f13\",\"name\":\"Gr\u00fcne Jugend Hessen\",\"image\":{\"@type\":\"ImageObject\",\"inLanguage\":\"de\",\"@id\":\"https:\\\/\\\/secure.gravatar.com\\\/avatar\\\/e938d46263c3d10a08350877687bfc15fd4ba70a3de2fa88ac7b3d8603f2ed56?s=96&d=mm&r=g\",\"url\":\"https:\\\/\\\/secure.gravatar.com\\\/avatar\\\/e938d46263c3d10a08350877687bfc15fd4ba70a3de2fa88ac7b3d8603f2ed56?s=96&d=mm&r=g\",\"contentUrl\":\"https:\\\/\\\/secure.gravatar.com\\\/avatar\\\/e938d46263c3d10a08350877687bfc15fd4ba70a3de2fa88ac7b3d8603f2ed56?s=96&d=mm&r=g\",\"caption\":\"Gr\u00fcne Jugend Hessen\"},\"sameAs\":[\"https:\\\/\\\/www.gjh.de\"],\"url\":\"https:\\\/\\\/www.gjh.de\\\/frog\\\/author\\\/admin\\\/\"}]}<\/script>\n<!-- \/ Yoast SEO plugin. -->","yoast_head_json":{"title":"LMV Oktober 2019: F\u00f6rderung des Ausbaus der Windenergie in Hessen - GR\u00dcNE JUGEND Hessen","robots":{"index":"index","follow":"follow","max-snippet":"max-snippet:-1","max-image-preview":"max-image-preview:large","max-video-preview":"max-video-preview:-1"},"canonical":"https:\/\/www.gjh.de\/frog\/lmv-oktober-2019-foerderung-des-ausbaus-der-windenergie-in-hessen\/","og_locale":"de_DE","og_type":"article","og_title":"LMV Oktober 2019: F\u00f6rderung des Ausbaus der Windenergie in Hessen - GR\u00dcNE JUGEND Hessen","og_description":"Um die Ziele des Pariser Klimaabkommens zu erreichen, ist eine Beschleunigung des Ausbaus der Erneuerbaren Energien unerl\u00e4sslich. Es ist Kernaufgabe der Politik, die Rahmenbedingungen daf\u00fcr zu schaffen. Die Bundesregierung f\u00fchrt in dem \u201eKlimaschutzprogramm 2030 zur Umsetzung des Klimaschutzplans 2050\u201c [1] hier unter 3.4.1.2. (Ausbau der EE[Erneuerbaren Energien] auf 65 Prozent Anteil am Bruttostromverbrauch bis 2030) [&hellip;]","og_url":"https:\/\/www.gjh.de\/frog\/lmv-oktober-2019-foerderung-des-ausbaus-der-windenergie-in-hessen\/","og_site_name":"GR\u00dcNE JUGEND Hessen","article_published_time":"2019-10-29T11:09:05+00:00","article_modified_time":"2021-11-23T10:47:29+00:00","author":"Gr\u00fcne Jugend Hessen","twitter_card":"summary_large_image","twitter_misc":{"Verfasst von":"Gr\u00fcne Jugend Hessen","Gesch\u00e4tzte Lesezeit":"3\u00a0Minuten"},"schema":{"@context":"https:\/\/schema.org","@graph":[{"@type":"Article","@id":"https:\/\/www.gjh.de\/frog\/lmv-oktober-2019-foerderung-des-ausbaus-der-windenergie-in-hessen\/#article","isPartOf":{"@id":"https:\/\/www.gjh.de\/frog\/lmv-oktober-2019-foerderung-des-ausbaus-der-windenergie-in-hessen\/"},"author":{"name":"Gr\u00fcne Jugend Hessen","@id":"https:\/\/www.gjh.de\/frog\/#\/schema\/person\/b8fa006520a86a3226e05402520d4f13"},"headline":"LMV Oktober 2019: F\u00f6rderung des Ausbaus der Windenergie in Hessen","datePublished":"2019-10-29T11:09:05+00:00","dateModified":"2021-11-23T10:47:29+00:00","mainEntityOfPage":{"@id":"https:\/\/www.gjh.de\/frog\/lmv-oktober-2019-foerderung-des-ausbaus-der-windenergie-in-hessen\/"},"wordCount":646,"articleSection":["Beschl\u00fcsse","Umwelt und Energie"],"inLanguage":"de"},{"@type":"WebPage","@id":"https:\/\/www.gjh.de\/frog\/lmv-oktober-2019-foerderung-des-ausbaus-der-windenergie-in-hessen\/","url":"https:\/\/www.gjh.de\/frog\/lmv-oktober-2019-foerderung-des-ausbaus-der-windenergie-in-hessen\/","name":"LMV Oktober 2019: F\u00f6rderung des Ausbaus der Windenergie in Hessen - GR\u00dcNE JUGEND Hessen","isPartOf":{"@id":"https:\/\/www.gjh.de\/frog\/#website"},"datePublished":"2019-10-29T11:09:05+00:00","dateModified":"2021-11-23T10:47:29+00:00","author":{"@id":"https:\/\/www.gjh.de\/frog\/#\/schema\/person\/b8fa006520a86a3226e05402520d4f13"},"breadcrumb":{"@id":"https:\/\/www.gjh.de\/frog\/lmv-oktober-2019-foerderung-des-ausbaus-der-windenergie-in-hessen\/#breadcrumb"},"inLanguage":"de","potentialAction":[{"@type":"ReadAction","target":["https:\/\/www.gjh.de\/frog\/lmv-oktober-2019-foerderung-des-ausbaus-der-windenergie-in-hessen\/"]}]},{"@type":"BreadcrumbList","@id":"https:\/\/www.gjh.de\/frog\/lmv-oktober-2019-foerderung-des-ausbaus-der-windenergie-in-hessen\/#breadcrumb","itemListElement":[{"@type":"ListItem","position":1,"name":"Startseite","item":"https:\/\/www.gjh.de\/frog\/"},{"@type":"ListItem","position":2,"name":"LMV Oktober 2019: F\u00f6rderung des Ausbaus der Windenergie in Hessen"}]},{"@type":"WebSite","@id":"https:\/\/www.gjh.de\/frog\/#website","url":"https:\/\/www.gjh.de\/frog\/","name":"GR\u00dcNE JUGEND Hessen","description":"","potentialAction":[{"@type":"SearchAction","target":{"@type":"EntryPoint","urlTemplate":"https:\/\/www.gjh.de\/frog\/?s={search_term_string}"},"query-input":{"@type":"PropertyValueSpecification","valueRequired":true,"valueName":"search_term_string"}}],"inLanguage":"de"},{"@type":"Person","@id":"https:\/\/www.gjh.de\/frog\/#\/schema\/person\/b8fa006520a86a3226e05402520d4f13","name":"Gr\u00fcne Jugend Hessen","image":{"@type":"ImageObject","inLanguage":"de","@id":"https:\/\/secure.gravatar.com\/avatar\/e938d46263c3d10a08350877687bfc15fd4ba70a3de2fa88ac7b3d8603f2ed56?s=96&d=mm&r=g","url":"https:\/\/secure.gravatar.com\/avatar\/e938d46263c3d10a08350877687bfc15fd4ba70a3de2fa88ac7b3d8603f2ed56?s=96&d=mm&r=g","contentUrl":"https:\/\/secure.gravatar.com\/avatar\/e938d46263c3d10a08350877687bfc15fd4ba70a3de2fa88ac7b3d8603f2ed56?s=96&d=mm&r=g","caption":"Gr\u00fcne Jugend Hessen"},"sameAs":["https:\/\/www.gjh.de"],"url":"https:\/\/www.gjh.de\/frog\/author\/admin\/"}]}},"_links":{"self":[{"href":"https:\/\/www.gjh.de\/frog\/wp-json\/wp\/v2\/posts\/8220","targetHints":{"allow":["GET"]}}],"collection":[{"href":"https:\/\/www.gjh.de\/frog\/wp-json\/wp\/v2\/posts"}],"about":[{"href":"https:\/\/www.gjh.de\/frog\/wp-json\/wp\/v2\/types\/post"}],"author":[{"embeddable":true,"href":"https:\/\/www.gjh.de\/frog\/wp-json\/wp\/v2\/users\/1"}],"replies":[{"embeddable":true,"href":"https:\/\/www.gjh.de\/frog\/wp-json\/wp\/v2\/comments?post=8220"}],"version-history":[{"count":1,"href":"https:\/\/www.gjh.de\/frog\/wp-json\/wp\/v2\/posts\/8220\/revisions"}],"predecessor-version":[{"id":8221,"href":"https:\/\/www.gjh.de\/frog\/wp-json\/wp\/v2\/posts\/8220\/revisions\/8221"}],"wp:attachment":[{"href":"https:\/\/www.gjh.de\/frog\/wp-json\/wp\/v2\/media?parent=8220"}],"wp:term":[{"taxonomy":"category","embeddable":true,"href":"https:\/\/www.gjh.de\/frog\/wp-json\/wp\/v2\/categories?post=8220"},{"taxonomy":"post_tag","embeddable":true,"href":"https:\/\/www.gjh.de\/frog\/wp-json\/wp\/v2\/tags?post=8220"}],"curies":[{"name":"wp","href":"https:\/\/api.w.org\/{rel}","templated":true}]}}