{"id":8458,"date":"2020-03-13T19:48:00","date_gmt":"2020-03-13T18:48:00","guid":{"rendered":"https:\/\/www.gjh.de\/frog\/?post_type=beschluss&#038;p=8458"},"modified":"2021-11-23T11:36:16","modified_gmt":"2021-11-23T10:36:16","slug":"lmv-maerz-2020-leitantrag-machen-wir-die-kommunalwahl-zu-unserer-wahl","status":"publish","type":"post","link":"https:\/\/www.gjh.de\/frog\/lmv-maerz-2020-leitantrag-machen-wir-die-kommunalwahl-zu-unserer-wahl\/","title":{"rendered":"LMV M\u00e4rz 2020: Leitantrag &#8222;Machen wir die Kommunalwahl zu unserer Wahl!&#8220;"},"content":{"rendered":"<p>In diesem Jahrzehnt steht Vieles am Scheideweg. Unsere Art des Wirtschaftens, des Zehrens an den natu\u0308rlichen und endlichen Ressourcen, fu\u0308hrt zu globaler Verschmutzung. Immer noch werden Frauen* schlechter bezahlt und bis sie* in Fu\u0308hrungspositionen gelangen, bedarf es mindestens der doppelten Anstrengung. Wir arbeiten uns immer noch in Praktika oder in prek\u00e4ren Jobs zu Tode, die teilweise gar nicht oder unter dem Mindestlohn vergu\u0308tet werden.<br \/>\nViele dieser Probleme sind international, supranational und\/oder auf nationaler Ebene anzupacken, die Weichen fu\u0308r eine bessere Zukunft fu\u0308r alle k\u00f6nnen wir aber auf kommunaler Ebene stellen. Deswegen k\u00e4mpfen wir als GR\u00dcNE JUGEND Hessen fu\u0308r gute Listenpl\u00e4tze fu\u0308r junge Kandidat*innen bei der Kommunalwahl 2021. Wir wollen neuen Wind, Utopien und progressive Ideen in die Gemeindevertretungen und Kommunalparlamente einbringen.<br \/>\nDiese Kommunalwahl wollen wir zur Wahl fu\u0308r den gesellschaftlichen Zusammenhalt machen, denn unsere Gesellschaft driftet immer weiter auseinander.<\/p>\n<p><strong>Wir k\u00e4mpfen fu\u0308r das Recht auf Wohnen!<\/strong><\/p>\n<p>Den gr\u00f6\u00dften Sprengstoff fu\u0308r ein gutes Miteinander stellt dabei das Recht auf Wohnen dar. Wir wollen, dass sowohl die Sozialbindung fu\u0308r Sozialwohnungen verl\u00e4ngert wird als auch eine signifikante Erh\u00f6hung der Quote fu\u0308r Sozialwohnungsbau. Dabei gilt es, diese Quoten umzusetzen und zur Not Bebauungspl\u00e4ne zu stoppen. Denn wir wollen keine neuen Wohnungen, die sich nur die reichsten zehn Prozent der Bev\u00f6lkerung leisten k\u00f6nnen, sondern Wohnraum fu\u0308r alle, ob in den Ballungszentren oder im l\u00e4ndlichen Raum. Eine heterogene Zusammenstellung der Mieter*innenschaft unterstu\u0308tzt die Wiederbelebung der Innenst\u00e4dte sowie strukturschwacher Regionen und wirkt somit durch attraktivere Innenst\u00e4dte einer weiteren Ballung in Gro\u00dfst\u00e4dten entgegen.<\/p>\n<p><strong>Wir k\u00e4mpfen fu\u0308r \u00f6kologisch vertr\u00e4gliches Bauen!<\/strong><\/p>\n<p>Dabei muss neben der Sozialquote auch auf die \u00f6kologische Vertr\u00e4glichkeit der Bebauung geachtet werden. Es darf keine Erh\u00f6hung des Mietpreises unter dem Deckmantel der \u00f6kologischen Sanierung geben! Es muss proaktiv darauf geachtet werden, keine weiteren Fl\u00e4chen zu versiegeln und stattdessen dafu\u0308r gesorgt werden, auch auf Wohngrundstu\u0308cken so viele Gru\u0308nfl\u00e4chen wie m\u00f6glich zu erhalten oder neu zu schaffen.<\/p>\n<p><strong>Wir k\u00e4mpfen fu\u0308r die Mobilit\u00e4tswende!<\/strong><\/p>\n<p>Wir setzen uns u\u0308berall fu\u0308r ein Umdenken bei der Mobilit\u00e4t ein. Es darf nicht vom Einkommen der Eltern oder vom sozialen Hintergrund abh\u00e4ngen, ob mensch vor Ort Bus und Bahn nutzen kann. Wir fordern kostenlose Tickets der \u00f6rtlichen Nahverkehrsunternehmen, sowie die Ausweitung des \u00f6ffentlichen Nahverkehrsangebots und deren \u00f6kologische Vertr\u00e4glichkeit. Wir wollen innovative Verkehrskonzepte in den Kommunen. Diese mu\u0308ssen auf die sich \u00e4ndernden Mobilit\u00e4tsanforderungen angepasst sein. Wir fordern mehr Carsharing, um jungen Menschen auch in l\u00e4ndlichen Regionen eine bessere Mobilit\u00e4t erm\u00f6glichen zu k\u00f6nnen. Mobilit\u00e4t ist der Schlu\u0308ssel zur Ann\u00e4herung der Lebensbedingungen zwischen Land und Stadt. Wir wollen den barrierefreien Zugang fu\u0308r alle Menschen!<\/p>\n<p><strong>Wir k\u00e4mpfen fu\u0308r bessere Bildung von Anfang an!<\/strong><\/p>\n<p>Fu\u0308r das Leben in einer Gemeinde oder Stadt ist gute Bildung von Anfang an der Schlu\u0308ssel zu einem selbstbestimmten Leben. Wir k\u00e4mpfen fu\u0308r die beste Bildung, ab dem fru\u0308hen Kindesalter, eine bessere Bezahlung der Angestellten sowie der besseren Ausstattung der Bildungseinrichtungen. Wir k\u00e4mpfen fu\u0308r den barrierefreien und kostengu\u0308nstigen Zugang zu kulturellen Einrichtungen, denn auch diese stellen einen essentiellen Teil der Bildung dar. Wir ben\u00f6tigen Jugendzentren, in denen sich Jugendliche miteinander vernetzen und gegenseitig unterstu\u0308tzen k\u00f6nnen und das durch alle sozialen Milieus hindurch! Auch hierbei muss klar sein: Wir geben uns nicht mit Kleinigkeiten zufrieden, unsere gesellschaftliche Vielfalt l\u00e4sst sich nicht durch Konkurrenz beseitigen, sondern nur durch Zusammenarbeit und Solidarit\u00e4t. Wir brauchen einen klaren Paradigmenwechsel.<\/p>\n<p><strong>Wir k\u00e4mpfen fu\u0308r mehr Mitbestimmung von Kindern und Jugendlichen!<\/strong><\/p>\n<p>Zu einer lebenswerten Kommune geh\u00f6rt neben einem Gemeinde- und Kommunalparlament auch eine gute Jugendvertretung. Wir wollen Jugendvertretungen st\u00e4rken oder dort einfu\u0308hren, wo es noch keine gibt. Dabei gilt es, die Belange der gesamten Jugend und aller Kinder zu vertreten und Jugendpartizipation neu zu denken.<\/p>\n<p><strong>Wir k\u00e4mpfen fu\u0308r die Abbildung der gesamten Gesellschaft in den Parlamenten!<\/strong><\/p>\n<p>Der Kampf fu\u0308r eine inklusive Gesellschaft beginnt ebenfalls direkt vor unserer Haustu\u0308r. Alle Menschen haben das Recht, am allt\u00e4glichen Leben, ohne Benachteiligung oder Diskriminierung teilnehmen zu k\u00f6nnen. Dafu\u0308r wollen wir in ganz Hessen streiten. Es braucht auch in Kommunalparlamenten die Abbildung der gesamten Gesellschaft. Wir k\u00e4mpfen dabei nicht nur fu\u0308r mehr Frauen* und junge Menschen in Parlamenten, wir k\u00e4mpfen fu\u0308r mehr Mitbestimmung von Migrant*innen sowie Menschen mit Beeintr\u00e4chtigung. Nur so l\u00e4sst sich unsere offene und vielf\u00e4ltige Gesellschaft weiter gestalten. Politische Partizipation muss neu gedacht werden, sodass alle Menschen daran teilnehmen k\u00f6nnen.<\/p>\n<p><strong>Wir k\u00e4mpfen fu\u0308r solidarische Kommunen!<\/strong><\/p>\n<p>Wir fordern, dass unsere Kommunen bei der Aufnahme von Geflu\u0308chteten vorangehen und gemeinsam ein Zeichen fu\u0308r sichere H\u00e4fen setzen.<br \/>\nInnerhalb der Kommunen setzen wir uns fu\u0308r eine bessere Kontrolle der Kommunalpolizei sowie gegen die Videou\u0308berwachung ein, denn unser Leben geh\u00f6rt uns! Wir fordern gr\u00f6\u00dfere Anstrengungen beim Kampf fu\u0308r eine liberale Drogenpolitik und statt Stigmatisierung die Unterstu\u0308tzung von suchtkranken Menschen!<\/p>\n<p><strong>Wir k\u00e4mpfen fu\u0308r den \u00f6kologisch-sozialen Wandel in den Kommunen!<\/strong><\/p>\n<p>Ein soziales Miteinander h\u00e4ngt immer auch von einem \u00f6kologischen Miteinander ab. Deshalb wollen wir in unseren Kommunen ein klares Zeichen fu\u0308r die \u00f6kologische Wende setzen. So k\u00e4mpfen wir fu\u0308r mehr Gru\u0308n in den St\u00e4dten, weniger Fl\u00e4chenversiegelung, mehr Nachverdichtung, fu\u0308r den Zusammenschluss verschiedenster Kommunen zu Klimakommunen und der Entwicklung hin zu Fairtrade-Kommunen. Wir k\u00e4mpfen fu\u0308r gru\u0308nen Strom der kommunalen Energieerzeuger*innen und wollen jede einzelne Kommune zu mehr Tierschutz bewegen.<br \/>\nUnsere Kommunen sind nur so stark wie deren Bu\u0308rger*innen.<\/p>\n<p><strong>Wir k\u00e4mpfen fu\u0308r mehr Diversit\u00e4t in unseren kommunalen Betrieben!<\/strong><\/p>\n<p>Wir wollen kommunale Betriebe verpflichten, die Diversit\u00e4t unserer Gesellschaft abzubilden. Wir fordern mehr Frauen* in Fu\u0308hrungspositionen und mehr Menschen mit Migrationshintergrund und Behinderung an den Verhandlungstischen. Wir k\u00e4mpfen fu\u0308r eine inklusive Gesellschaft und eine Abbildung unserer Gesellschaft in den kommunalen Betrieben.<\/p>\n<p><strong>Wir k\u00e4mpfen fu\u0308r nazifreie Kommunen!<\/strong><\/p>\n<p>Wir machen uns vor Ort stark im Kampf gegen Rechts und setzen uns, egal ob im Bus oder in der Bahn, gegen Rechts ein. So dr\u00e4ngen wir auf mehr von lokal und Landesseite unterstu\u0308tzte Informationskampagnen und Aktionspl\u00e4ne.Wir fordern die Umbenennung von Stra\u00dfen und Pl\u00e4tzen, die nach Nazis benannt wurden. Denn wir haben keinen Platz fu\u0308r Nazis!<\/p>\n<p><strong>Wir k\u00e4mpfen fu\u0308r unsere Zukunft!<\/strong><\/p>\n<p>Dabei spielt auch die finanzielle Situation eine Rolle, wir wollen dem Investitionsstau innerhalb der Kommunen entschlossen entgegentreten. Wenn wir nicht jetzt handeln, ist die Zukunft unserer Kommunen in Gefahr. Die notwendigen finanziellen Spielr\u00e4ume werden jetzt ben\u00f6tigt, um agieren zu k\u00f6nnen und keine Einschr\u00e4nkungen, die es blo\u00df m\u00f6glich machen, ausschlie\u00dflich auf die gr\u00f6\u00dften Probleme reagieren zu k\u00f6nnen.<\/p>\n<p><span style=\"color: #99cc00;\"><em>Beschlossen am 07.03.2020 auf der Landesmitgliederversammlung in Darmstadt.<\/em><\/span><\/p>\n","protected":false},"excerpt":{"rendered":"<p>In diesem Jahrzehnt steht Vieles am Scheideweg. Unsere Art des Wirtschaftens, des Zehrens an den natu\u0308rlichen und endlichen Ressourcen, fu\u0308hrt zu globaler Verschmutzung. Immer noch werden Frauen* schlechter bezahlt und bis sie* in Fu\u0308hrungspositionen gelangen, bedarf es mindestens der doppelten Anstrengung. Wir arbeiten uns immer noch in Praktika oder in prek\u00e4ren Jobs zu Tode, die [&hellip;]<\/p>\n","protected":false},"author":1,"featured_media":0,"comment_status":"closed","ping_status":"closed","sticky":false,"template":"","format":"standard","meta":{"footnotes":""},"categories":[234,238,235],"tags":[],"class_list":["post-8458","post","type-post","status-publish","format-standard","hentry","category-beschluesse","category-bildung-schule-und-hochschule","category-umwelt-energie"],"yoast_head":"<!-- This site is optimized with the Yoast SEO plugin v27.5 - https:\/\/yoast.com\/product\/yoast-seo-wordpress\/ -->\n<title>LMV M\u00e4rz 2020: Leitantrag &quot;Machen wir die Kommunalwahl zu unserer Wahl!&quot; - GR\u00dcNE JUGEND Hessen<\/title>\n<meta name=\"robots\" content=\"index, follow, max-snippet:-1, max-image-preview:large, max-video-preview:-1\" \/>\n<link rel=\"canonical\" href=\"https:\/\/www.gjh.de\/frog\/lmv-maerz-2020-leitantrag-machen-wir-die-kommunalwahl-zu-unserer-wahl\/\" \/>\n<meta property=\"og:locale\" content=\"de_DE\" \/>\n<meta property=\"og:type\" content=\"article\" \/>\n<meta property=\"og:title\" content=\"LMV M\u00e4rz 2020: Leitantrag &quot;Machen wir die Kommunalwahl zu unserer Wahl!&quot; - GR\u00dcNE JUGEND Hessen\" \/>\n<meta property=\"og:description\" content=\"In diesem Jahrzehnt steht Vieles am Scheideweg. Unsere Art des Wirtschaftens, des Zehrens an den natu\u0308rlichen und endlichen Ressourcen, fu\u0308hrt zu globaler Verschmutzung. Immer noch werden Frauen* schlechter bezahlt und bis sie* in Fu\u0308hrungspositionen gelangen, bedarf es mindestens der doppelten Anstrengung. Wir arbeiten uns immer noch in Praktika oder in prek\u00e4ren Jobs zu Tode, die [&hellip;]\" \/>\n<meta property=\"og:url\" content=\"https:\/\/www.gjh.de\/frog\/lmv-maerz-2020-leitantrag-machen-wir-die-kommunalwahl-zu-unserer-wahl\/\" \/>\n<meta property=\"og:site_name\" content=\"GR\u00dcNE JUGEND Hessen\" \/>\n<meta property=\"article:published_time\" content=\"2020-03-13T18:48:00+00:00\" \/>\n<meta property=\"article:modified_time\" content=\"2021-11-23T10:36:16+00:00\" \/>\n<meta name=\"author\" content=\"Gr\u00fcne Jugend Hessen\" \/>\n<meta name=\"twitter:card\" content=\"summary_large_image\" \/>\n<meta name=\"twitter:label1\" content=\"Verfasst von\" \/>\n\t<meta name=\"twitter:data1\" content=\"Gr\u00fcne Jugend Hessen\" \/>\n\t<meta name=\"twitter:label2\" content=\"Gesch\u00e4tzte Lesezeit\" \/>\n\t<meta name=\"twitter:data2\" content=\"6\u00a0Minuten\" \/>\n<script type=\"application\/ld+json\" class=\"yoast-schema-graph\">{\"@context\":\"https:\\\/\\\/schema.org\",\"@graph\":[{\"@type\":\"Article\",\"@id\":\"https:\\\/\\\/www.gjh.de\\\/frog\\\/lmv-maerz-2020-leitantrag-machen-wir-die-kommunalwahl-zu-unserer-wahl\\\/#article\",\"isPartOf\":{\"@id\":\"https:\\\/\\\/www.gjh.de\\\/frog\\\/lmv-maerz-2020-leitantrag-machen-wir-die-kommunalwahl-zu-unserer-wahl\\\/\"},\"author\":{\"name\":\"Gr\u00fcne Jugend Hessen\",\"@id\":\"https:\\\/\\\/www.gjh.de\\\/frog\\\/#\\\/schema\\\/person\\\/b8fa006520a86a3226e05402520d4f13\"},\"headline\":\"LMV M\u00e4rz 2020: Leitantrag &#8222;Machen wir die Kommunalwahl zu unserer Wahl!&#8220;\",\"datePublished\":\"2020-03-13T18:48:00+00:00\",\"dateModified\":\"2021-11-23T10:36:16+00:00\",\"mainEntityOfPage\":{\"@id\":\"https:\\\/\\\/www.gjh.de\\\/frog\\\/lmv-maerz-2020-leitantrag-machen-wir-die-kommunalwahl-zu-unserer-wahl\\\/\"},\"wordCount\":1184,\"articleSection\":[\"Beschl\u00fcsse\",\"Bildung, Schule und Hochschule\",\"Umwelt und Energie\"],\"inLanguage\":\"de\"},{\"@type\":\"WebPage\",\"@id\":\"https:\\\/\\\/www.gjh.de\\\/frog\\\/lmv-maerz-2020-leitantrag-machen-wir-die-kommunalwahl-zu-unserer-wahl\\\/\",\"url\":\"https:\\\/\\\/www.gjh.de\\\/frog\\\/lmv-maerz-2020-leitantrag-machen-wir-die-kommunalwahl-zu-unserer-wahl\\\/\",\"name\":\"LMV M\u00e4rz 2020: Leitantrag \\\"Machen wir die Kommunalwahl zu unserer Wahl!\\\" - GR\u00dcNE JUGEND Hessen\",\"isPartOf\":{\"@id\":\"https:\\\/\\\/www.gjh.de\\\/frog\\\/#website\"},\"datePublished\":\"2020-03-13T18:48:00+00:00\",\"dateModified\":\"2021-11-23T10:36:16+00:00\",\"author\":{\"@id\":\"https:\\\/\\\/www.gjh.de\\\/frog\\\/#\\\/schema\\\/person\\\/b8fa006520a86a3226e05402520d4f13\"},\"breadcrumb\":{\"@id\":\"https:\\\/\\\/www.gjh.de\\\/frog\\\/lmv-maerz-2020-leitantrag-machen-wir-die-kommunalwahl-zu-unserer-wahl\\\/#breadcrumb\"},\"inLanguage\":\"de\",\"potentialAction\":[{\"@type\":\"ReadAction\",\"target\":[\"https:\\\/\\\/www.gjh.de\\\/frog\\\/lmv-maerz-2020-leitantrag-machen-wir-die-kommunalwahl-zu-unserer-wahl\\\/\"]}]},{\"@type\":\"BreadcrumbList\",\"@id\":\"https:\\\/\\\/www.gjh.de\\\/frog\\\/lmv-maerz-2020-leitantrag-machen-wir-die-kommunalwahl-zu-unserer-wahl\\\/#breadcrumb\",\"itemListElement\":[{\"@type\":\"ListItem\",\"position\":1,\"name\":\"Startseite\",\"item\":\"https:\\\/\\\/www.gjh.de\\\/frog\\\/\"},{\"@type\":\"ListItem\",\"position\":2,\"name\":\"LMV M\u00e4rz 2020: Leitantrag &#8222;Machen wir die Kommunalwahl zu unserer Wahl!&#8220;\"}]},{\"@type\":\"WebSite\",\"@id\":\"https:\\\/\\\/www.gjh.de\\\/frog\\\/#website\",\"url\":\"https:\\\/\\\/www.gjh.de\\\/frog\\\/\",\"name\":\"GR\u00dcNE JUGEND Hessen\",\"description\":\"\",\"potentialAction\":[{\"@type\":\"SearchAction\",\"target\":{\"@type\":\"EntryPoint\",\"urlTemplate\":\"https:\\\/\\\/www.gjh.de\\\/frog\\\/?s={search_term_string}\"},\"query-input\":{\"@type\":\"PropertyValueSpecification\",\"valueRequired\":true,\"valueName\":\"search_term_string\"}}],\"inLanguage\":\"de\"},{\"@type\":\"Person\",\"@id\":\"https:\\\/\\\/www.gjh.de\\\/frog\\\/#\\\/schema\\\/person\\\/b8fa006520a86a3226e05402520d4f13\",\"name\":\"Gr\u00fcne Jugend Hessen\",\"image\":{\"@type\":\"ImageObject\",\"inLanguage\":\"de\",\"@id\":\"https:\\\/\\\/secure.gravatar.com\\\/avatar\\\/e938d46263c3d10a08350877687bfc15fd4ba70a3de2fa88ac7b3d8603f2ed56?s=96&d=mm&r=g\",\"url\":\"https:\\\/\\\/secure.gravatar.com\\\/avatar\\\/e938d46263c3d10a08350877687bfc15fd4ba70a3de2fa88ac7b3d8603f2ed56?s=96&d=mm&r=g\",\"contentUrl\":\"https:\\\/\\\/secure.gravatar.com\\\/avatar\\\/e938d46263c3d10a08350877687bfc15fd4ba70a3de2fa88ac7b3d8603f2ed56?s=96&d=mm&r=g\",\"caption\":\"Gr\u00fcne Jugend Hessen\"},\"sameAs\":[\"https:\\\/\\\/www.gjh.de\"],\"url\":\"https:\\\/\\\/www.gjh.de\\\/frog\\\/author\\\/admin\\\/\"}]}<\/script>\n<!-- \/ Yoast SEO plugin. -->","yoast_head_json":{"title":"LMV M\u00e4rz 2020: Leitantrag \"Machen wir die Kommunalwahl zu unserer Wahl!\" - GR\u00dcNE JUGEND Hessen","robots":{"index":"index","follow":"follow","max-snippet":"max-snippet:-1","max-image-preview":"max-image-preview:large","max-video-preview":"max-video-preview:-1"},"canonical":"https:\/\/www.gjh.de\/frog\/lmv-maerz-2020-leitantrag-machen-wir-die-kommunalwahl-zu-unserer-wahl\/","og_locale":"de_DE","og_type":"article","og_title":"LMV M\u00e4rz 2020: Leitantrag \"Machen wir die Kommunalwahl zu unserer Wahl!\" - GR\u00dcNE JUGEND Hessen","og_description":"In diesem Jahrzehnt steht Vieles am Scheideweg. Unsere Art des Wirtschaftens, des Zehrens an den natu\u0308rlichen und endlichen Ressourcen, fu\u0308hrt zu globaler Verschmutzung. Immer noch werden Frauen* schlechter bezahlt und bis sie* in Fu\u0308hrungspositionen gelangen, bedarf es mindestens der doppelten Anstrengung. Wir arbeiten uns immer noch in Praktika oder in prek\u00e4ren Jobs zu Tode, die [&hellip;]","og_url":"https:\/\/www.gjh.de\/frog\/lmv-maerz-2020-leitantrag-machen-wir-die-kommunalwahl-zu-unserer-wahl\/","og_site_name":"GR\u00dcNE JUGEND Hessen","article_published_time":"2020-03-13T18:48:00+00:00","article_modified_time":"2021-11-23T10:36:16+00:00","author":"Gr\u00fcne Jugend Hessen","twitter_card":"summary_large_image","twitter_misc":{"Verfasst von":"Gr\u00fcne Jugend Hessen","Gesch\u00e4tzte Lesezeit":"6\u00a0Minuten"},"schema":{"@context":"https:\/\/schema.org","@graph":[{"@type":"Article","@id":"https:\/\/www.gjh.de\/frog\/lmv-maerz-2020-leitantrag-machen-wir-die-kommunalwahl-zu-unserer-wahl\/#article","isPartOf":{"@id":"https:\/\/www.gjh.de\/frog\/lmv-maerz-2020-leitantrag-machen-wir-die-kommunalwahl-zu-unserer-wahl\/"},"author":{"name":"Gr\u00fcne Jugend Hessen","@id":"https:\/\/www.gjh.de\/frog\/#\/schema\/person\/b8fa006520a86a3226e05402520d4f13"},"headline":"LMV M\u00e4rz 2020: Leitantrag &#8222;Machen wir die Kommunalwahl zu unserer Wahl!&#8220;","datePublished":"2020-03-13T18:48:00+00:00","dateModified":"2021-11-23T10:36:16+00:00","mainEntityOfPage":{"@id":"https:\/\/www.gjh.de\/frog\/lmv-maerz-2020-leitantrag-machen-wir-die-kommunalwahl-zu-unserer-wahl\/"},"wordCount":1184,"articleSection":["Beschl\u00fcsse","Bildung, Schule und Hochschule","Umwelt und Energie"],"inLanguage":"de"},{"@type":"WebPage","@id":"https:\/\/www.gjh.de\/frog\/lmv-maerz-2020-leitantrag-machen-wir-die-kommunalwahl-zu-unserer-wahl\/","url":"https:\/\/www.gjh.de\/frog\/lmv-maerz-2020-leitantrag-machen-wir-die-kommunalwahl-zu-unserer-wahl\/","name":"LMV M\u00e4rz 2020: Leitantrag \"Machen wir die Kommunalwahl zu unserer Wahl!\" - GR\u00dcNE JUGEND Hessen","isPartOf":{"@id":"https:\/\/www.gjh.de\/frog\/#website"},"datePublished":"2020-03-13T18:48:00+00:00","dateModified":"2021-11-23T10:36:16+00:00","author":{"@id":"https:\/\/www.gjh.de\/frog\/#\/schema\/person\/b8fa006520a86a3226e05402520d4f13"},"breadcrumb":{"@id":"https:\/\/www.gjh.de\/frog\/lmv-maerz-2020-leitantrag-machen-wir-die-kommunalwahl-zu-unserer-wahl\/#breadcrumb"},"inLanguage":"de","potentialAction":[{"@type":"ReadAction","target":["https:\/\/www.gjh.de\/frog\/lmv-maerz-2020-leitantrag-machen-wir-die-kommunalwahl-zu-unserer-wahl\/"]}]},{"@type":"BreadcrumbList","@id":"https:\/\/www.gjh.de\/frog\/lmv-maerz-2020-leitantrag-machen-wir-die-kommunalwahl-zu-unserer-wahl\/#breadcrumb","itemListElement":[{"@type":"ListItem","position":1,"name":"Startseite","item":"https:\/\/www.gjh.de\/frog\/"},{"@type":"ListItem","position":2,"name":"LMV M\u00e4rz 2020: Leitantrag &#8222;Machen wir die Kommunalwahl zu unserer Wahl!&#8220;"}]},{"@type":"WebSite","@id":"https:\/\/www.gjh.de\/frog\/#website","url":"https:\/\/www.gjh.de\/frog\/","name":"GR\u00dcNE JUGEND Hessen","description":"","potentialAction":[{"@type":"SearchAction","target":{"@type":"EntryPoint","urlTemplate":"https:\/\/www.gjh.de\/frog\/?s={search_term_string}"},"query-input":{"@type":"PropertyValueSpecification","valueRequired":true,"valueName":"search_term_string"}}],"inLanguage":"de"},{"@type":"Person","@id":"https:\/\/www.gjh.de\/frog\/#\/schema\/person\/b8fa006520a86a3226e05402520d4f13","name":"Gr\u00fcne Jugend Hessen","image":{"@type":"ImageObject","inLanguage":"de","@id":"https:\/\/secure.gravatar.com\/avatar\/e938d46263c3d10a08350877687bfc15fd4ba70a3de2fa88ac7b3d8603f2ed56?s=96&d=mm&r=g","url":"https:\/\/secure.gravatar.com\/avatar\/e938d46263c3d10a08350877687bfc15fd4ba70a3de2fa88ac7b3d8603f2ed56?s=96&d=mm&r=g","contentUrl":"https:\/\/secure.gravatar.com\/avatar\/e938d46263c3d10a08350877687bfc15fd4ba70a3de2fa88ac7b3d8603f2ed56?s=96&d=mm&r=g","caption":"Gr\u00fcne Jugend Hessen"},"sameAs":["https:\/\/www.gjh.de"],"url":"https:\/\/www.gjh.de\/frog\/author\/admin\/"}]}},"_links":{"self":[{"href":"https:\/\/www.gjh.de\/frog\/wp-json\/wp\/v2\/posts\/8458","targetHints":{"allow":["GET"]}}],"collection":[{"href":"https:\/\/www.gjh.de\/frog\/wp-json\/wp\/v2\/posts"}],"about":[{"href":"https:\/\/www.gjh.de\/frog\/wp-json\/wp\/v2\/types\/post"}],"author":[{"embeddable":true,"href":"https:\/\/www.gjh.de\/frog\/wp-json\/wp\/v2\/users\/1"}],"replies":[{"embeddable":true,"href":"https:\/\/www.gjh.de\/frog\/wp-json\/wp\/v2\/comments?post=8458"}],"version-history":[{"count":2,"href":"https:\/\/www.gjh.de\/frog\/wp-json\/wp\/v2\/posts\/8458\/revisions"}],"predecessor-version":[{"id":8460,"href":"https:\/\/www.gjh.de\/frog\/wp-json\/wp\/v2\/posts\/8458\/revisions\/8460"}],"wp:attachment":[{"href":"https:\/\/www.gjh.de\/frog\/wp-json\/wp\/v2\/media?parent=8458"}],"wp:term":[{"taxonomy":"category","embeddable":true,"href":"https:\/\/www.gjh.de\/frog\/wp-json\/wp\/v2\/categories?post=8458"},{"taxonomy":"post_tag","embeddable":true,"href":"https:\/\/www.gjh.de\/frog\/wp-json\/wp\/v2\/tags?post=8458"}],"curies":[{"name":"wp","href":"https:\/\/api.w.org\/{rel}","templated":true}]}}