{"id":8464,"date":"2020-03-13T20:07:10","date_gmt":"2020-03-13T19:07:10","guid":{"rendered":"https:\/\/www.gjh.de\/frog\/?post_type=beschluss&#038;p=8464"},"modified":"2021-11-23T11:35:31","modified_gmt":"2021-11-23T10:35:31","slug":"lmv-maerz-2020-atomkraft-nein-danke","status":"publish","type":"post","link":"https:\/\/www.gjh.de\/frog\/lmv-maerz-2020-atomkraft-nein-danke\/","title":{"rendered":"LMV M\u00e4rz 2020: Atomkraft? &#8211; Nein Danke"},"content":{"rendered":"<p>Mit der Zuspitzung der Klimakrise wird eine Renaissance der Atomkraft in Deutschland wieder in die gesellschaftliche Debatte eingebracht. Von einigen ru\u0308ckw\u00e4rtsgewandten Kr\u00e4ften wird gefordert, die Energiegewinnung aus Atomkraft, aufgrund ihrer Klimaneutralit\u00e4t, als \u00dcbergangstechnologie beizubehalten oder sogar noch auszubauen. Die GR\u00dcNE JUGEND Hessen sagt dennoch \u201eAtomkraft, NEIN DANKE\u201c.<\/p>\n<p>Wir GR\u00dcNEN haben unseren Ursprung unter anderem in der Anti-Atomkraft-Bewegung. Als sich in den 70er Jahren des letzten Jahrtausends Millionen Menschen auf den Stra\u00dfen versammelten, um gegen die zivile Nutzung der Atomkraft zu demonstrieren, k\u00e4mpften sie gegen die drohende Verschmutzung der Umwelt durch&nbsp; radioaktive Abf\u00e4lle und der Endlagerung von Brennst\u00e4ben. Schon 2002 gab es einen beschlossenen Atomausstieg unter dem damaligen gru\u0308nen Umweltminister, doch erst nach dem verheerenden Unfall in Fukushima beschloss die Bundesrepublik Deutschland 2011 endgu\u0308ltig den Atomausstieg.<\/p>\n<p>In der ju\u0308ngsten Geschichte werden wieder die Rufe nach der zivilen Nutzung von Atomkraft laut. Wir als GR\u00dcNE JUGEND Hessen lehnen dies strikt ab. Die Risiken, die mit der Nutzung einhergehen, lassen sich nicht absch\u00e4tzen und bedrohen die Menschen, die in der N\u00e4he der Kraftwerke leben.<\/p>\n<p>Deshalb k\u00e4mpfen wir fu\u0308r eine echte Energiewende und keine Scheinl\u00f6sungen. Wir fordern nicht nur den Kohleausstieg, sondern auch den schnellen Ausstieg aus der Atomkraft. Es gibt unz\u00e4hlige gute Gru\u0308nde gegen Kernkraft zur Stromproduktion: soziale, \u00f6kologische, gesundheitliche und demokratische Gru\u0308nde. Entweder es funktioniert und ist unheimlich teuer, aus \u00f6konomischer, sozialer und \u00f6kologischer Sicht; oder es funktioniert nicht und es gibt keinen Plan B \u2013 nur gef\u00e4hrliche langfristige Effekte und Tote. Natu\u0308rlich sind gr\u00f6\u00dfere St\u00f6rf\u00e4lle selten. Aber sie geschehen und die Folgen gehen, wie Fukushima uns gezeigt hat, u\u0308ber das hinaus, was Menschen bew\u00e4ltigen k\u00f6nnen.<\/p>\n<p>Das Erdbeben und der dadurch hervorgerufene Tsunami im M\u00e4rz 2011 resultierten in der Kontamination von 30.000 km\u00b2 Land. Mehr als 150.000 Menschen mussten ihre H\u00e4user, St\u00e4dte und Felder verlassen, die nun mit radioaktivem C\u00e4sium-137 fu\u0308r die n\u00e4chsten Jahrhunderte kontaminiert sind. Der Unfall verunreinigte Wasser, Boden, Luft und damit auch Pflanzen und Tiere, mit Auswirkungen auf die japanische Lebensmittelproduktion mehr als 300 km von den Sperrzonen entfernt.<\/p>\n<p>Diese \u00f6kologische, gesundheitliche und soziale Trag\u00f6die hatte auch extreme Folgen fu\u0308r Wirtschaft und Demokratie. Die gesch\u00e4tzten Kosten des Unfalls von Fukushima betragen zwischen 200 und 400 Milliarden Euro. Das Franz\u00f6sische Institut fu\u0308r Strahlenschutz und nukleare Sicherheit sch\u00e4tzt die Kosten fu\u0308r einen Unfall in einem Atomkraftwerk, abh\u00e4ngig von der Schwere, auf zwischen 760 und 5800 Milliarden Euro. In einer solchen Situation w\u00e4re ein Staat nicht in der Lage, die Opfer zu unterstu\u0308tzen und zu entsch\u00e4digen, ohne die Zahlungsunf\u00e4higkeit zu riskieren. In Japan wurden Proteste der Opfer verhindert, indem die \u00f6ffentliche Debatte unterdru\u0308ckt wurde.<\/p>\n<p>Die Wahl von Atomenergie und den ihr innewohnenden Risiken wird Bu\u0308rger*innen aufgezwungen. Die GR\u00dcNE JUGEND Hessen lehnt diese Option weiterhin ab und ruft nach einer breiten Bewegung von Bu\u0308rger*innen, Zivilgesellschaft und politischen Akteur*innen gegen diese Energiegewinnung von gestern. Keine Subventionen und Lizenzen mehr fu\u0308r Atomenergie \u2013mehr Investitionen in die Erneuerbaren! In Deutschland mu\u0308ssen endlich die Voraussetzungen fu\u0308r den fl\u00e4chendeckenden Ausbau der Erneuerbaren Energien und der \u00dcbertragungsnetze geschaffen werden.<\/p>\n<p>Problematisch ist neben dem Risiko von St\u00f6rf\u00e4llen vor allem der anfallende Atommu\u0308ll, der Mensch und Umwelt u\u0308ber einen Zeitraum von vielen hundert Tausend Jahren zu zerst\u00f6ren droht. Ein Risiko, das niemals h\u00e4tte in Kauf genommen werden du\u0308rfen und das menschliche Vorstellungsverm\u00f6gen u\u0308bersteigt. Da es keine Endlagerung geben kann stehen wir Technologien offen gegenu\u0308ber, die die M\u00f6glichkeit einer Transmutation von Isotopen mit langen Halbwertszeiten in Isotope mit kurzen Halbwertszeiten erm\u00f6glichen. So k\u00f6nnte der bereits vorliegende Atommu\u0308ll in vorstellbaren Zeitdimensionen verfallen und die langfristigen Risiken minimiert werden. Diese Technologie stellt keine L\u00f6sung der Kernproblematik da, und darf nur zur Transmutation von bereits vorliegendem Atommu\u0308ll genutzt werden, um dessen Halbwertszeit zu verku\u0308rzen und das Risiko fu\u0308r zuku\u0308nftige Generationen und die Umwelt zu minimieren.<\/p>\n<p><span style=\"color: #99cc00;\"><em>Beschlossen am 08.03.2020 auf der Landesmitgliederversammlung in Darmstadt.<\/em><\/span><\/p>\n","protected":false},"excerpt":{"rendered":"<p>Mit der Zuspitzung der Klimakrise wird eine Renaissance der Atomkraft in Deutschland wieder in die gesellschaftliche Debatte eingebracht. Von einigen ru\u0308ckw\u00e4rtsgewandten Kr\u00e4ften wird gefordert, die Energiegewinnung aus Atomkraft, aufgrund ihrer Klimaneutralit\u00e4t, als \u00dcbergangstechnologie beizubehalten oder sogar noch auszubauen. Die GR\u00dcNE JUGEND Hessen sagt dennoch \u201eAtomkraft, NEIN DANKE\u201c. Wir GR\u00dcNEN haben unseren Ursprung unter anderem in [&hellip;]<\/p>\n","protected":false},"author":1,"featured_media":0,"comment_status":"closed","ping_status":"closed","sticky":false,"template":"","format":"standard","meta":{"footnotes":""},"categories":[234,235],"tags":[],"class_list":["post-8464","post","type-post","status-publish","format-standard","hentry","category-beschluesse","category-umwelt-energie"],"yoast_head":"<!-- This site is optimized with the Yoast SEO plugin v27.4 - https:\/\/yoast.com\/product\/yoast-seo-wordpress\/ -->\n<title>LMV M\u00e4rz 2020: Atomkraft? - Nein Danke - GR\u00dcNE JUGEND Hessen<\/title>\n<meta name=\"robots\" content=\"index, follow, max-snippet:-1, max-image-preview:large, max-video-preview:-1\" \/>\n<link rel=\"canonical\" href=\"https:\/\/www.gjh.de\/frog\/lmv-maerz-2020-atomkraft-nein-danke\/\" \/>\n<meta property=\"og:locale\" content=\"de_DE\" \/>\n<meta property=\"og:type\" content=\"article\" \/>\n<meta property=\"og:title\" content=\"LMV M\u00e4rz 2020: Atomkraft? - Nein Danke - GR\u00dcNE JUGEND Hessen\" \/>\n<meta property=\"og:description\" content=\"Mit der Zuspitzung der Klimakrise wird eine Renaissance der Atomkraft in Deutschland wieder in die gesellschaftliche Debatte eingebracht. Von einigen ru\u0308ckw\u00e4rtsgewandten Kr\u00e4ften wird gefordert, die Energiegewinnung aus Atomkraft, aufgrund ihrer Klimaneutralit\u00e4t, als \u00dcbergangstechnologie beizubehalten oder sogar noch auszubauen. Die GR\u00dcNE JUGEND Hessen sagt dennoch \u201eAtomkraft, NEIN DANKE\u201c. Wir GR\u00dcNEN haben unseren Ursprung unter anderem in [&hellip;]\" \/>\n<meta property=\"og:url\" content=\"https:\/\/www.gjh.de\/frog\/lmv-maerz-2020-atomkraft-nein-danke\/\" \/>\n<meta property=\"og:site_name\" content=\"GR\u00dcNE JUGEND Hessen\" \/>\n<meta property=\"article:published_time\" content=\"2020-03-13T19:07:10+00:00\" \/>\n<meta property=\"article:modified_time\" content=\"2021-11-23T10:35:31+00:00\" \/>\n<meta name=\"author\" content=\"Gr\u00fcne Jugend Hessen\" \/>\n<meta name=\"twitter:card\" content=\"summary_large_image\" \/>\n<meta name=\"twitter:label1\" content=\"Verfasst von\" \/>\n\t<meta name=\"twitter:data1\" content=\"Gr\u00fcne Jugend Hessen\" \/>\n\t<meta name=\"twitter:label2\" content=\"Gesch\u00e4tzte Lesezeit\" \/>\n\t<meta name=\"twitter:data2\" content=\"3\u00a0Minuten\" \/>\n<script type=\"application\/ld+json\" class=\"yoast-schema-graph\">{\"@context\":\"https:\\\/\\\/schema.org\",\"@graph\":[{\"@type\":\"Article\",\"@id\":\"https:\\\/\\\/www.gjh.de\\\/frog\\\/lmv-maerz-2020-atomkraft-nein-danke\\\/#article\",\"isPartOf\":{\"@id\":\"https:\\\/\\\/www.gjh.de\\\/frog\\\/lmv-maerz-2020-atomkraft-nein-danke\\\/\"},\"author\":{\"name\":\"Gr\u00fcne Jugend Hessen\",\"@id\":\"https:\\\/\\\/www.gjh.de\\\/frog\\\/#\\\/schema\\\/person\\\/b8fa006520a86a3226e05402520d4f13\"},\"headline\":\"LMV M\u00e4rz 2020: Atomkraft? &#8211; Nein Danke\",\"datePublished\":\"2020-03-13T19:07:10+00:00\",\"dateModified\":\"2021-11-23T10:35:31+00:00\",\"mainEntityOfPage\":{\"@id\":\"https:\\\/\\\/www.gjh.de\\\/frog\\\/lmv-maerz-2020-atomkraft-nein-danke\\\/\"},\"wordCount\":692,\"articleSection\":[\"Beschl\u00fcsse\",\"Umwelt und Energie\"],\"inLanguage\":\"de\"},{\"@type\":\"WebPage\",\"@id\":\"https:\\\/\\\/www.gjh.de\\\/frog\\\/lmv-maerz-2020-atomkraft-nein-danke\\\/\",\"url\":\"https:\\\/\\\/www.gjh.de\\\/frog\\\/lmv-maerz-2020-atomkraft-nein-danke\\\/\",\"name\":\"LMV M\u00e4rz 2020: Atomkraft? - Nein Danke - GR\u00dcNE JUGEND Hessen\",\"isPartOf\":{\"@id\":\"https:\\\/\\\/www.gjh.de\\\/frog\\\/#website\"},\"datePublished\":\"2020-03-13T19:07:10+00:00\",\"dateModified\":\"2021-11-23T10:35:31+00:00\",\"author\":{\"@id\":\"https:\\\/\\\/www.gjh.de\\\/frog\\\/#\\\/schema\\\/person\\\/b8fa006520a86a3226e05402520d4f13\"},\"breadcrumb\":{\"@id\":\"https:\\\/\\\/www.gjh.de\\\/frog\\\/lmv-maerz-2020-atomkraft-nein-danke\\\/#breadcrumb\"},\"inLanguage\":\"de\",\"potentialAction\":[{\"@type\":\"ReadAction\",\"target\":[\"https:\\\/\\\/www.gjh.de\\\/frog\\\/lmv-maerz-2020-atomkraft-nein-danke\\\/\"]}]},{\"@type\":\"BreadcrumbList\",\"@id\":\"https:\\\/\\\/www.gjh.de\\\/frog\\\/lmv-maerz-2020-atomkraft-nein-danke\\\/#breadcrumb\",\"itemListElement\":[{\"@type\":\"ListItem\",\"position\":1,\"name\":\"Startseite\",\"item\":\"https:\\\/\\\/www.gjh.de\\\/frog\\\/\"},{\"@type\":\"ListItem\",\"position\":2,\"name\":\"LMV M\u00e4rz 2020: Atomkraft? &#8211; Nein Danke\"}]},{\"@type\":\"WebSite\",\"@id\":\"https:\\\/\\\/www.gjh.de\\\/frog\\\/#website\",\"url\":\"https:\\\/\\\/www.gjh.de\\\/frog\\\/\",\"name\":\"GR\u00dcNE JUGEND Hessen\",\"description\":\"\",\"potentialAction\":[{\"@type\":\"SearchAction\",\"target\":{\"@type\":\"EntryPoint\",\"urlTemplate\":\"https:\\\/\\\/www.gjh.de\\\/frog\\\/?s={search_term_string}\"},\"query-input\":{\"@type\":\"PropertyValueSpecification\",\"valueRequired\":true,\"valueName\":\"search_term_string\"}}],\"inLanguage\":\"de\"},{\"@type\":\"Person\",\"@id\":\"https:\\\/\\\/www.gjh.de\\\/frog\\\/#\\\/schema\\\/person\\\/b8fa006520a86a3226e05402520d4f13\",\"name\":\"Gr\u00fcne Jugend Hessen\",\"image\":{\"@type\":\"ImageObject\",\"inLanguage\":\"de\",\"@id\":\"https:\\\/\\\/secure.gravatar.com\\\/avatar\\\/e938d46263c3d10a08350877687bfc15fd4ba70a3de2fa88ac7b3d8603f2ed56?s=96&d=mm&r=g\",\"url\":\"https:\\\/\\\/secure.gravatar.com\\\/avatar\\\/e938d46263c3d10a08350877687bfc15fd4ba70a3de2fa88ac7b3d8603f2ed56?s=96&d=mm&r=g\",\"contentUrl\":\"https:\\\/\\\/secure.gravatar.com\\\/avatar\\\/e938d46263c3d10a08350877687bfc15fd4ba70a3de2fa88ac7b3d8603f2ed56?s=96&d=mm&r=g\",\"caption\":\"Gr\u00fcne Jugend Hessen\"},\"sameAs\":[\"https:\\\/\\\/www.gjh.de\"],\"url\":\"https:\\\/\\\/www.gjh.de\\\/frog\\\/author\\\/admin\\\/\"}]}<\/script>\n<!-- \/ Yoast SEO plugin. -->","yoast_head_json":{"title":"LMV M\u00e4rz 2020: Atomkraft? - Nein Danke - GR\u00dcNE JUGEND Hessen","robots":{"index":"index","follow":"follow","max-snippet":"max-snippet:-1","max-image-preview":"max-image-preview:large","max-video-preview":"max-video-preview:-1"},"canonical":"https:\/\/www.gjh.de\/frog\/lmv-maerz-2020-atomkraft-nein-danke\/","og_locale":"de_DE","og_type":"article","og_title":"LMV M\u00e4rz 2020: Atomkraft? - Nein Danke - GR\u00dcNE JUGEND Hessen","og_description":"Mit der Zuspitzung der Klimakrise wird eine Renaissance der Atomkraft in Deutschland wieder in die gesellschaftliche Debatte eingebracht. Von einigen ru\u0308ckw\u00e4rtsgewandten Kr\u00e4ften wird gefordert, die Energiegewinnung aus Atomkraft, aufgrund ihrer Klimaneutralit\u00e4t, als \u00dcbergangstechnologie beizubehalten oder sogar noch auszubauen. Die GR\u00dcNE JUGEND Hessen sagt dennoch \u201eAtomkraft, NEIN DANKE\u201c. Wir GR\u00dcNEN haben unseren Ursprung unter anderem in [&hellip;]","og_url":"https:\/\/www.gjh.de\/frog\/lmv-maerz-2020-atomkraft-nein-danke\/","og_site_name":"GR\u00dcNE JUGEND Hessen","article_published_time":"2020-03-13T19:07:10+00:00","article_modified_time":"2021-11-23T10:35:31+00:00","author":"Gr\u00fcne Jugend Hessen","twitter_card":"summary_large_image","twitter_misc":{"Verfasst von":"Gr\u00fcne Jugend Hessen","Gesch\u00e4tzte Lesezeit":"3\u00a0Minuten"},"schema":{"@context":"https:\/\/schema.org","@graph":[{"@type":"Article","@id":"https:\/\/www.gjh.de\/frog\/lmv-maerz-2020-atomkraft-nein-danke\/#article","isPartOf":{"@id":"https:\/\/www.gjh.de\/frog\/lmv-maerz-2020-atomkraft-nein-danke\/"},"author":{"name":"Gr\u00fcne Jugend Hessen","@id":"https:\/\/www.gjh.de\/frog\/#\/schema\/person\/b8fa006520a86a3226e05402520d4f13"},"headline":"LMV M\u00e4rz 2020: Atomkraft? &#8211; Nein Danke","datePublished":"2020-03-13T19:07:10+00:00","dateModified":"2021-11-23T10:35:31+00:00","mainEntityOfPage":{"@id":"https:\/\/www.gjh.de\/frog\/lmv-maerz-2020-atomkraft-nein-danke\/"},"wordCount":692,"articleSection":["Beschl\u00fcsse","Umwelt und Energie"],"inLanguage":"de"},{"@type":"WebPage","@id":"https:\/\/www.gjh.de\/frog\/lmv-maerz-2020-atomkraft-nein-danke\/","url":"https:\/\/www.gjh.de\/frog\/lmv-maerz-2020-atomkraft-nein-danke\/","name":"LMV M\u00e4rz 2020: Atomkraft? - Nein Danke - GR\u00dcNE JUGEND Hessen","isPartOf":{"@id":"https:\/\/www.gjh.de\/frog\/#website"},"datePublished":"2020-03-13T19:07:10+00:00","dateModified":"2021-11-23T10:35:31+00:00","author":{"@id":"https:\/\/www.gjh.de\/frog\/#\/schema\/person\/b8fa006520a86a3226e05402520d4f13"},"breadcrumb":{"@id":"https:\/\/www.gjh.de\/frog\/lmv-maerz-2020-atomkraft-nein-danke\/#breadcrumb"},"inLanguage":"de","potentialAction":[{"@type":"ReadAction","target":["https:\/\/www.gjh.de\/frog\/lmv-maerz-2020-atomkraft-nein-danke\/"]}]},{"@type":"BreadcrumbList","@id":"https:\/\/www.gjh.de\/frog\/lmv-maerz-2020-atomkraft-nein-danke\/#breadcrumb","itemListElement":[{"@type":"ListItem","position":1,"name":"Startseite","item":"https:\/\/www.gjh.de\/frog\/"},{"@type":"ListItem","position":2,"name":"LMV M\u00e4rz 2020: Atomkraft? &#8211; Nein Danke"}]},{"@type":"WebSite","@id":"https:\/\/www.gjh.de\/frog\/#website","url":"https:\/\/www.gjh.de\/frog\/","name":"GR\u00dcNE JUGEND Hessen","description":"","potentialAction":[{"@type":"SearchAction","target":{"@type":"EntryPoint","urlTemplate":"https:\/\/www.gjh.de\/frog\/?s={search_term_string}"},"query-input":{"@type":"PropertyValueSpecification","valueRequired":true,"valueName":"search_term_string"}}],"inLanguage":"de"},{"@type":"Person","@id":"https:\/\/www.gjh.de\/frog\/#\/schema\/person\/b8fa006520a86a3226e05402520d4f13","name":"Gr\u00fcne Jugend Hessen","image":{"@type":"ImageObject","inLanguage":"de","@id":"https:\/\/secure.gravatar.com\/avatar\/e938d46263c3d10a08350877687bfc15fd4ba70a3de2fa88ac7b3d8603f2ed56?s=96&d=mm&r=g","url":"https:\/\/secure.gravatar.com\/avatar\/e938d46263c3d10a08350877687bfc15fd4ba70a3de2fa88ac7b3d8603f2ed56?s=96&d=mm&r=g","contentUrl":"https:\/\/secure.gravatar.com\/avatar\/e938d46263c3d10a08350877687bfc15fd4ba70a3de2fa88ac7b3d8603f2ed56?s=96&d=mm&r=g","caption":"Gr\u00fcne Jugend Hessen"},"sameAs":["https:\/\/www.gjh.de"],"url":"https:\/\/www.gjh.de\/frog\/author\/admin\/"}]}},"_links":{"self":[{"href":"https:\/\/www.gjh.de\/frog\/wp-json\/wp\/v2\/posts\/8464","targetHints":{"allow":["GET"]}}],"collection":[{"href":"https:\/\/www.gjh.de\/frog\/wp-json\/wp\/v2\/posts"}],"about":[{"href":"https:\/\/www.gjh.de\/frog\/wp-json\/wp\/v2\/types\/post"}],"author":[{"embeddable":true,"href":"https:\/\/www.gjh.de\/frog\/wp-json\/wp\/v2\/users\/1"}],"replies":[{"embeddable":true,"href":"https:\/\/www.gjh.de\/frog\/wp-json\/wp\/v2\/comments?post=8464"}],"version-history":[{"count":3,"href":"https:\/\/www.gjh.de\/frog\/wp-json\/wp\/v2\/posts\/8464\/revisions"}],"predecessor-version":[{"id":10090,"href":"https:\/\/www.gjh.de\/frog\/wp-json\/wp\/v2\/posts\/8464\/revisions\/10090"}],"wp:attachment":[{"href":"https:\/\/www.gjh.de\/frog\/wp-json\/wp\/v2\/media?parent=8464"}],"wp:term":[{"taxonomy":"category","embeddable":true,"href":"https:\/\/www.gjh.de\/frog\/wp-json\/wp\/v2\/categories?post=8464"},{"taxonomy":"post_tag","embeddable":true,"href":"https:\/\/www.gjh.de\/frog\/wp-json\/wp\/v2\/tags?post=8464"}],"curies":[{"name":"wp","href":"https:\/\/api.w.org\/{rel}","templated":true}]}}