{"id":8488,"date":"2020-03-13T21:59:19","date_gmt":"2020-03-13T20:59:19","guid":{"rendered":"https:\/\/www.gjh.de\/frog\/?post_type=beschluss&#038;p=8488"},"modified":"2021-11-20T12:49:04","modified_gmt":"2021-11-20T11:49:04","slug":"lmv-maerz-2020-neue-gruene-gentechnik-agrogentechnik-gehoert-nicht-auf-unsere-felder-das-system-ist-das-problem","status":"publish","type":"post","link":"https:\/\/www.gjh.de\/frog\/lmv-maerz-2020-neue-gruene-gentechnik-agrogentechnik-gehoert-nicht-auf-unsere-felder-das-system-ist-das-problem\/","title":{"rendered":"LMV M\u00e4rz 2020: Neue &#8222;Gr\u00fcne Gentechnik&#8220; (Agrogentechnik) geh\u00f6rt nicht auf unsere Felder &#8211; das System ist das Problem!"},"content":{"rendered":"<p>Gru\u0308ne Gentechnik, oder auch Agrogentechnik genannt, ist eine der meist diskutierten Thematiken in der landwirtschaftlich-politischen Diskussion. Neben der rein rationalen wissenschaftlichen Diskussion u\u0308ber Potentiale und Risiken der neuen Gentechniken gibt es auch eine sehr emotionale Debatte, die teils scharfe, teils unscharfe Trennlinien von Gegner*innen und Befu\u0308rworter*innen aufweist.<\/p>\n<p>Wir, die GR\u00dcNE JUGEND Hessen, lehnen den Einsatz von alter, sowie neuer Gentechnik im landwirtschaftlichen Bereich ab. Dafu\u0308r sind folgende Argumente ausschlaggebend. Die Argumente, welche fu\u0308r uns ausschlaggebend sind, gewichten wir st\u00e4rker als die m\u00f6glichen Potentiale, die Befu\u0308rworter*innen dieser Techniken hervorheben:<\/p>\n<p>Die neuen Gentechniken sind pr\u00e4ziser und effizienter geworden, als die alten. Aber die suggerierte vollkommene Sicherheit der Technik ist schlicht und ergreifend nicht vorhanden. Es gibt weiterhin viele Off-Target-Effekte, also Effekte, die Stellen der Genome auftreten, die nicht von den Verfahren betroffen sein sollten. Die m\u00f6glichen Off-Target-Effekte, und auch die On-Target-Effekte, sind anders zu bewerten als die klassischer-b\u00e4uerlicher Zu\u0308chtungsarbeit, da das Potential der eingesetzten Genvielfalt deutlich gr\u00f6\u00dfer ist.<\/p>\n<p>Unabh\u00e4ngig davon, ob man davon ausgeht, dass Gentechnik einen negativen Einfluss auf die menschliche Gesundheit haben k\u00f6nnte, muss beachtet werden, dass es keine Langzeitstudien fu\u0308r Menschen gibt. Durch die erst \u201ekurzfristige\u201c Entwicklung der neuen Zu\u0308chtungsmethode ist dies nicht m\u00f6glich. Bisher gibt es nur Studien an kleineren S\u00e4ugetieren (z.B. Ratten und M\u00e4usen) u\u0308ber verh\u00e4ltnism\u00e4\u00dfig kurze Zeitr\u00e4ume (bspw. 90 Tage). Diese k\u00f6nnen nicht darstellen, in wie weit menschliche und tierische Organismen durch GMO-Nahrung beeinflusst werden.<\/p>\n<p>Es ist zwar theoretisch korrekt, dass die M\u00f6glichkeiten der neuen Gentechniken sehr vielf\u00e4ltig sind. Es ist bspw. denkbar, dass die Wurzeln ver\u00e4ndert werden k\u00f6nnen, um die Phosphoraufnahme zu verbessern, aber rein praktisch spielen solche Ideen weniger eine Rolle. Bei den alten Gentechniken, die zwar prozessm\u00e4\u00dfig anders, aber von der Zielsetzung gleich funktionieren, konnte man sehen, dass haupts\u00e4chlich zwei Eigenschaften bearbeitet wurden: Herbizidtoleranz (z.B. gegen Glyphosat) und Aufnahme von Bt-Genen (z.B. kann die Pflanze eigenst\u00e4ndig Insektizide produzieren). Oft traten sie auch in Kombination auf. Diese Eigenschaften dominieren das gesamte Feld der gentechnischen Ver\u00e4nderungen an Pflanzen massiv. Wir bezweifeln, dass sich die Interessensfaktoren bei den neueren Zu\u0308chtungsmethoden ver\u00e4ndern.<\/p>\n<p>Oft wird angefu\u0308hrt, dass die neuen Gentechniken zu einer Demokratisierung der Gentechnikanwendung fu\u0308hren. Denn sie sind einfacher in der Handhabung und vor allem gu\u0308nstiger. Dadurch konnten bspw. Start-Ups an Gentechnikprodukten arbeiten, die vorher von solchen Ans\u00e4tzen ausgeschlossen waren. Nun zu glauben, dass sich der agrochemische Markt diversifiziert und so die Macht der gro\u00dfen Konzerne gebrochen wird, ist unrealistisch. Der agrarchemische Markt wird von vier gro\u00dfen Konzernen (nach einigen Megafusionen der letzten Jahre, z.B. Bayer-Monsanto) dominiert, die sich einen Gro\u00dfteil der weltweiten Produktion an Saatgut und Pestiziden aufteilen. Es ist deutlich wahrscheinlicher, dass die gro\u00dfen Unternehmen, die kleinen Start-Ups schlucken. Innovationen, die dem agroindustriellen System dienen, werden dann aufgenommen, und die, die fu\u0308r agrar\u00f6kologische Zwecke dienlich w\u00e4ren, werden das Licht der \u00d6ffentlichkeit vermutlich nie sehen. Der Markt ist zu konzentriert, als dass die Macht und die Abh\u00e4ngigkeit von den gro\u00dfen Unternehmen gebrochen werden k\u00f6nnten, ohne sie zu zerschlagen. Und da dies alles andere als wahrscheinlich ist, gerade da es multinationale Konzerne sind, die rechtlich viel schwieriger zu greifen sind als nationale, muss man sich u\u0308ber die Konsequenzen einer Liberalisierung des Gentechnikrechts im Klaren sein.<\/p>\n<p>Es gibt zuweilen Vorschl\u00e4ge, Gentechnik durch progressive Regulierungen schritt- oder teilweise einzufu\u0308hren. Die Agrarlobby ist unglaublich stark, sowohl in Bru\u0308ssel als auch in Berlin. Wenn u\u0308ber eine Lockerung im Gentechnikrecht debattiert wird, wird sich niemals eine Position durchsetzen k\u00f6nnen, die nur die \u00f6ffentliche Bereitstellung oder \u00e4hnliches erlaubt. Kommt die gentechnische Liberalisierung, dann kommt sie intensiv und ungebremst.<\/p>\n<p>Wir bestreiten nicht, dass es theoretische Potentiale dieser Technik gibt. Diese halten wir dennoch nicht fu\u0308r praxisnah oder -relevant. Fu\u0308r die Anpassung an den Klimawandel gibt es bessere Ma\u00dfnahmen, die Landwirt*innen nicht noch mehr in die Abh\u00e4ngigkeit gro\u00dfer Konzerne dr\u00e4ngen, zudem noch viele \u00d6kosystemdienstleistungen erzielen k\u00f6nnen und input\u00e4rmer sind. Die gro\u00dfen Player dieses Systems werden nicht diejenigen sein, die die Landwirtschaft nun vor dem Klimawandel retten werden. Und auch Hunger hat andere Ursachen als fehlendes \u201aHigh-End-Saatgut\u2018. Die Hungerdebatte ist fu\u0308r die politische Diskussion u\u0308ber die Anwendung Gru\u0308ner Gentechnik nicht relevant, derzeitige Berichte sprechen von einer Nahrungsmittelu\u0308berproduktion. Die sinnvolle und richtige Verteilung der vorhandenen Nahrungsmittel k\u00f6nnte dieses Problem, im Gegensatz zum Einsatz von Gentechnik, l\u00f6sen.<\/p>\n<p>Wir wollen die Freiheit der Wissenschaft wahren und Forschung mit gentechnischen Methoden weiterhin m\u00f6glich machen. Wir stellen uns auch nicht gegen Innovationen und Wissenschaft, die einen Mehrwert fu\u0308r die Gesellschaft bieten. Im aktuellen System sehen wir aber keine M\u00f6glichkeiten, diese ohne Nachteile, einzusetzen.<\/p>\n<p>Zusammenfassung der Forderungen:<\/p>\n<ol>\n<li>Die GR\u00dcNE JUGEND Hessen lehnt alle Anwendungen von Agrogentechnik ab.<\/li>\n<li>Wir fordern, dass auch weiterhin das Mindestma\u00df an gesetzlichen Forderungen zur Regulierung und zum Monitoring bei gentechnisch ver\u00e4nderten Pflanzen eingehalten werden.<\/li>\n<li>Wir fordern und brauchen einen Wandel im Agrarsystem, hin zu mehr agrar\u00f6kologischen Ma\u00dfnahmen.<\/li>\n<li>Die transparente und unabh\u00e4ngige Forschung zu Gentechnik soll weiterhin erlaubt bleiben, um die Risiken besser einsch\u00e4tzen zu k\u00f6nnen.<\/li>\n<\/ol>\n<p><span style=\"color: #99cc00;\"><em>Beschlossen am 08.03.2020 auf der Landesmitgliederversammlung in Darmstadt.<\/em><\/span><\/p>\n","protected":false},"excerpt":{"rendered":"<p>Gru\u0308ne Gentechnik, oder auch Agrogentechnik genannt, ist eine der meist diskutierten Thematiken in der landwirtschaftlich-politischen Diskussion. Neben der rein rationalen wissenschaftlichen Diskussion u\u0308ber Potentiale und Risiken der neuen Gentechniken gibt es auch eine sehr emotionale Debatte, die teils scharfe, teils unscharfe Trennlinien von Gegner*innen und Befu\u0308rworter*innen aufweist. Wir, die GR\u00dcNE JUGEND Hessen, lehnen den Einsatz [&hellip;]<\/p>\n","protected":false},"author":1,"featured_media":0,"comment_status":"closed","ping_status":"closed","sticky":false,"template":"","format":"standard","meta":{"footnotes":""},"categories":[234,235],"tags":[],"class_list":["post-8488","post","type-post","status-publish","format-standard","hentry","category-beschluesse","category-umwelt-energie"],"yoast_head":"<!-- This site is optimized with the Yoast SEO plugin v27.5 - https:\/\/yoast.com\/product\/yoast-seo-wordpress\/ -->\n<title>LMV M\u00e4rz 2020: Neue &quot;Gr\u00fcne Gentechnik&quot; (Agrogentechnik) geh\u00f6rt nicht auf unsere Felder - das System ist das Problem! - GR\u00dcNE JUGEND Hessen<\/title>\n<meta name=\"robots\" content=\"index, follow, max-snippet:-1, max-image-preview:large, max-video-preview:-1\" \/>\n<link rel=\"canonical\" href=\"https:\/\/www.gjh.de\/frog\/lmv-maerz-2020-neue-gruene-gentechnik-agrogentechnik-gehoert-nicht-auf-unsere-felder-das-system-ist-das-problem\/\" \/>\n<meta property=\"og:locale\" content=\"de_DE\" \/>\n<meta property=\"og:type\" content=\"article\" \/>\n<meta property=\"og:title\" content=\"LMV M\u00e4rz 2020: Neue &quot;Gr\u00fcne Gentechnik&quot; (Agrogentechnik) geh\u00f6rt nicht auf unsere Felder - das System ist das Problem! - GR\u00dcNE JUGEND Hessen\" \/>\n<meta property=\"og:description\" content=\"Gru\u0308ne Gentechnik, oder auch Agrogentechnik genannt, ist eine der meist diskutierten Thematiken in der landwirtschaftlich-politischen Diskussion. Neben der rein rationalen wissenschaftlichen Diskussion u\u0308ber Potentiale und Risiken der neuen Gentechniken gibt es auch eine sehr emotionale Debatte, die teils scharfe, teils unscharfe Trennlinien von Gegner*innen und Befu\u0308rworter*innen aufweist. Wir, die GR\u00dcNE JUGEND Hessen, lehnen den Einsatz [&hellip;]\" \/>\n<meta property=\"og:url\" content=\"https:\/\/www.gjh.de\/frog\/lmv-maerz-2020-neue-gruene-gentechnik-agrogentechnik-gehoert-nicht-auf-unsere-felder-das-system-ist-das-problem\/\" \/>\n<meta property=\"og:site_name\" content=\"GR\u00dcNE JUGEND Hessen\" \/>\n<meta property=\"article:published_time\" content=\"2020-03-13T20:59:19+00:00\" \/>\n<meta property=\"article:modified_time\" content=\"2021-11-20T11:49:04+00:00\" \/>\n<meta name=\"author\" content=\"Gr\u00fcne Jugend Hessen\" \/>\n<meta name=\"twitter:card\" content=\"summary_large_image\" \/>\n<meta name=\"twitter:label1\" content=\"Verfasst von\" \/>\n\t<meta name=\"twitter:data1\" content=\"Gr\u00fcne Jugend Hessen\" \/>\n\t<meta name=\"twitter:label2\" content=\"Gesch\u00e4tzte Lesezeit\" \/>\n\t<meta name=\"twitter:data2\" content=\"4\u00a0Minuten\" \/>\n<script type=\"application\/ld+json\" class=\"yoast-schema-graph\">{\"@context\":\"https:\\\/\\\/schema.org\",\"@graph\":[{\"@type\":\"Article\",\"@id\":\"https:\\\/\\\/www.gjh.de\\\/frog\\\/lmv-maerz-2020-neue-gruene-gentechnik-agrogentechnik-gehoert-nicht-auf-unsere-felder-das-system-ist-das-problem\\\/#article\",\"isPartOf\":{\"@id\":\"https:\\\/\\\/www.gjh.de\\\/frog\\\/lmv-maerz-2020-neue-gruene-gentechnik-agrogentechnik-gehoert-nicht-auf-unsere-felder-das-system-ist-das-problem\\\/\"},\"author\":{\"name\":\"Gr\u00fcne Jugend Hessen\",\"@id\":\"https:\\\/\\\/www.gjh.de\\\/frog\\\/#\\\/schema\\\/person\\\/b8fa006520a86a3226e05402520d4f13\"},\"headline\":\"LMV M\u00e4rz 2020: Neue &#8222;Gr\u00fcne Gentechnik&#8220; (Agrogentechnik) geh\u00f6rt nicht auf unsere Felder &#8211; das System ist das Problem!\",\"datePublished\":\"2020-03-13T20:59:19+00:00\",\"dateModified\":\"2021-11-20T11:49:04+00:00\",\"mainEntityOfPage\":{\"@id\":\"https:\\\/\\\/www.gjh.de\\\/frog\\\/lmv-maerz-2020-neue-gruene-gentechnik-agrogentechnik-gehoert-nicht-auf-unsere-felder-das-system-ist-das-problem\\\/\"},\"wordCount\":912,\"articleSection\":[\"Beschl\u00fcsse\",\"Umwelt und Energie\"],\"inLanguage\":\"de\"},{\"@type\":\"WebPage\",\"@id\":\"https:\\\/\\\/www.gjh.de\\\/frog\\\/lmv-maerz-2020-neue-gruene-gentechnik-agrogentechnik-gehoert-nicht-auf-unsere-felder-das-system-ist-das-problem\\\/\",\"url\":\"https:\\\/\\\/www.gjh.de\\\/frog\\\/lmv-maerz-2020-neue-gruene-gentechnik-agrogentechnik-gehoert-nicht-auf-unsere-felder-das-system-ist-das-problem\\\/\",\"name\":\"LMV M\u00e4rz 2020: Neue \\\"Gr\u00fcne Gentechnik\\\" (Agrogentechnik) geh\u00f6rt nicht auf unsere Felder - das System ist das Problem! - GR\u00dcNE JUGEND Hessen\",\"isPartOf\":{\"@id\":\"https:\\\/\\\/www.gjh.de\\\/frog\\\/#website\"},\"datePublished\":\"2020-03-13T20:59:19+00:00\",\"dateModified\":\"2021-11-20T11:49:04+00:00\",\"author\":{\"@id\":\"https:\\\/\\\/www.gjh.de\\\/frog\\\/#\\\/schema\\\/person\\\/b8fa006520a86a3226e05402520d4f13\"},\"breadcrumb\":{\"@id\":\"https:\\\/\\\/www.gjh.de\\\/frog\\\/lmv-maerz-2020-neue-gruene-gentechnik-agrogentechnik-gehoert-nicht-auf-unsere-felder-das-system-ist-das-problem\\\/#breadcrumb\"},\"inLanguage\":\"de\",\"potentialAction\":[{\"@type\":\"ReadAction\",\"target\":[\"https:\\\/\\\/www.gjh.de\\\/frog\\\/lmv-maerz-2020-neue-gruene-gentechnik-agrogentechnik-gehoert-nicht-auf-unsere-felder-das-system-ist-das-problem\\\/\"]}]},{\"@type\":\"BreadcrumbList\",\"@id\":\"https:\\\/\\\/www.gjh.de\\\/frog\\\/lmv-maerz-2020-neue-gruene-gentechnik-agrogentechnik-gehoert-nicht-auf-unsere-felder-das-system-ist-das-problem\\\/#breadcrumb\",\"itemListElement\":[{\"@type\":\"ListItem\",\"position\":1,\"name\":\"Startseite\",\"item\":\"https:\\\/\\\/www.gjh.de\\\/frog\\\/\"},{\"@type\":\"ListItem\",\"position\":2,\"name\":\"LMV M\u00e4rz 2020: Neue &#8222;Gr\u00fcne Gentechnik&#8220; (Agrogentechnik) geh\u00f6rt nicht auf unsere Felder &#8211; das System ist das Problem!\"}]},{\"@type\":\"WebSite\",\"@id\":\"https:\\\/\\\/www.gjh.de\\\/frog\\\/#website\",\"url\":\"https:\\\/\\\/www.gjh.de\\\/frog\\\/\",\"name\":\"GR\u00dcNE JUGEND Hessen\",\"description\":\"\",\"potentialAction\":[{\"@type\":\"SearchAction\",\"target\":{\"@type\":\"EntryPoint\",\"urlTemplate\":\"https:\\\/\\\/www.gjh.de\\\/frog\\\/?s={search_term_string}\"},\"query-input\":{\"@type\":\"PropertyValueSpecification\",\"valueRequired\":true,\"valueName\":\"search_term_string\"}}],\"inLanguage\":\"de\"},{\"@type\":\"Person\",\"@id\":\"https:\\\/\\\/www.gjh.de\\\/frog\\\/#\\\/schema\\\/person\\\/b8fa006520a86a3226e05402520d4f13\",\"name\":\"Gr\u00fcne Jugend Hessen\",\"image\":{\"@type\":\"ImageObject\",\"inLanguage\":\"de\",\"@id\":\"https:\\\/\\\/secure.gravatar.com\\\/avatar\\\/e938d46263c3d10a08350877687bfc15fd4ba70a3de2fa88ac7b3d8603f2ed56?s=96&d=mm&r=g\",\"url\":\"https:\\\/\\\/secure.gravatar.com\\\/avatar\\\/e938d46263c3d10a08350877687bfc15fd4ba70a3de2fa88ac7b3d8603f2ed56?s=96&d=mm&r=g\",\"contentUrl\":\"https:\\\/\\\/secure.gravatar.com\\\/avatar\\\/e938d46263c3d10a08350877687bfc15fd4ba70a3de2fa88ac7b3d8603f2ed56?s=96&d=mm&r=g\",\"caption\":\"Gr\u00fcne Jugend Hessen\"},\"sameAs\":[\"https:\\\/\\\/www.gjh.de\"],\"url\":\"https:\\\/\\\/www.gjh.de\\\/frog\\\/author\\\/admin\\\/\"}]}<\/script>\n<!-- \/ Yoast SEO plugin. -->","yoast_head_json":{"title":"LMV M\u00e4rz 2020: Neue \"Gr\u00fcne Gentechnik\" (Agrogentechnik) geh\u00f6rt nicht auf unsere Felder - das System ist das Problem! - GR\u00dcNE JUGEND Hessen","robots":{"index":"index","follow":"follow","max-snippet":"max-snippet:-1","max-image-preview":"max-image-preview:large","max-video-preview":"max-video-preview:-1"},"canonical":"https:\/\/www.gjh.de\/frog\/lmv-maerz-2020-neue-gruene-gentechnik-agrogentechnik-gehoert-nicht-auf-unsere-felder-das-system-ist-das-problem\/","og_locale":"de_DE","og_type":"article","og_title":"LMV M\u00e4rz 2020: Neue \"Gr\u00fcne Gentechnik\" (Agrogentechnik) geh\u00f6rt nicht auf unsere Felder - das System ist das Problem! - GR\u00dcNE JUGEND Hessen","og_description":"Gru\u0308ne Gentechnik, oder auch Agrogentechnik genannt, ist eine der meist diskutierten Thematiken in der landwirtschaftlich-politischen Diskussion. Neben der rein rationalen wissenschaftlichen Diskussion u\u0308ber Potentiale und Risiken der neuen Gentechniken gibt es auch eine sehr emotionale Debatte, die teils scharfe, teils unscharfe Trennlinien von Gegner*innen und Befu\u0308rworter*innen aufweist. Wir, die GR\u00dcNE JUGEND Hessen, lehnen den Einsatz [&hellip;]","og_url":"https:\/\/www.gjh.de\/frog\/lmv-maerz-2020-neue-gruene-gentechnik-agrogentechnik-gehoert-nicht-auf-unsere-felder-das-system-ist-das-problem\/","og_site_name":"GR\u00dcNE JUGEND Hessen","article_published_time":"2020-03-13T20:59:19+00:00","article_modified_time":"2021-11-20T11:49:04+00:00","author":"Gr\u00fcne Jugend Hessen","twitter_card":"summary_large_image","twitter_misc":{"Verfasst von":"Gr\u00fcne Jugend Hessen","Gesch\u00e4tzte Lesezeit":"4\u00a0Minuten"},"schema":{"@context":"https:\/\/schema.org","@graph":[{"@type":"Article","@id":"https:\/\/www.gjh.de\/frog\/lmv-maerz-2020-neue-gruene-gentechnik-agrogentechnik-gehoert-nicht-auf-unsere-felder-das-system-ist-das-problem\/#article","isPartOf":{"@id":"https:\/\/www.gjh.de\/frog\/lmv-maerz-2020-neue-gruene-gentechnik-agrogentechnik-gehoert-nicht-auf-unsere-felder-das-system-ist-das-problem\/"},"author":{"name":"Gr\u00fcne Jugend Hessen","@id":"https:\/\/www.gjh.de\/frog\/#\/schema\/person\/b8fa006520a86a3226e05402520d4f13"},"headline":"LMV M\u00e4rz 2020: Neue &#8222;Gr\u00fcne Gentechnik&#8220; (Agrogentechnik) geh\u00f6rt nicht auf unsere Felder &#8211; das System ist das Problem!","datePublished":"2020-03-13T20:59:19+00:00","dateModified":"2021-11-20T11:49:04+00:00","mainEntityOfPage":{"@id":"https:\/\/www.gjh.de\/frog\/lmv-maerz-2020-neue-gruene-gentechnik-agrogentechnik-gehoert-nicht-auf-unsere-felder-das-system-ist-das-problem\/"},"wordCount":912,"articleSection":["Beschl\u00fcsse","Umwelt und Energie"],"inLanguage":"de"},{"@type":"WebPage","@id":"https:\/\/www.gjh.de\/frog\/lmv-maerz-2020-neue-gruene-gentechnik-agrogentechnik-gehoert-nicht-auf-unsere-felder-das-system-ist-das-problem\/","url":"https:\/\/www.gjh.de\/frog\/lmv-maerz-2020-neue-gruene-gentechnik-agrogentechnik-gehoert-nicht-auf-unsere-felder-das-system-ist-das-problem\/","name":"LMV M\u00e4rz 2020: Neue \"Gr\u00fcne Gentechnik\" (Agrogentechnik) geh\u00f6rt nicht auf unsere Felder - das System ist das Problem! - GR\u00dcNE JUGEND Hessen","isPartOf":{"@id":"https:\/\/www.gjh.de\/frog\/#website"},"datePublished":"2020-03-13T20:59:19+00:00","dateModified":"2021-11-20T11:49:04+00:00","author":{"@id":"https:\/\/www.gjh.de\/frog\/#\/schema\/person\/b8fa006520a86a3226e05402520d4f13"},"breadcrumb":{"@id":"https:\/\/www.gjh.de\/frog\/lmv-maerz-2020-neue-gruene-gentechnik-agrogentechnik-gehoert-nicht-auf-unsere-felder-das-system-ist-das-problem\/#breadcrumb"},"inLanguage":"de","potentialAction":[{"@type":"ReadAction","target":["https:\/\/www.gjh.de\/frog\/lmv-maerz-2020-neue-gruene-gentechnik-agrogentechnik-gehoert-nicht-auf-unsere-felder-das-system-ist-das-problem\/"]}]},{"@type":"BreadcrumbList","@id":"https:\/\/www.gjh.de\/frog\/lmv-maerz-2020-neue-gruene-gentechnik-agrogentechnik-gehoert-nicht-auf-unsere-felder-das-system-ist-das-problem\/#breadcrumb","itemListElement":[{"@type":"ListItem","position":1,"name":"Startseite","item":"https:\/\/www.gjh.de\/frog\/"},{"@type":"ListItem","position":2,"name":"LMV M\u00e4rz 2020: Neue &#8222;Gr\u00fcne Gentechnik&#8220; (Agrogentechnik) geh\u00f6rt nicht auf unsere Felder &#8211; das System ist das Problem!"}]},{"@type":"WebSite","@id":"https:\/\/www.gjh.de\/frog\/#website","url":"https:\/\/www.gjh.de\/frog\/","name":"GR\u00dcNE JUGEND Hessen","description":"","potentialAction":[{"@type":"SearchAction","target":{"@type":"EntryPoint","urlTemplate":"https:\/\/www.gjh.de\/frog\/?s={search_term_string}"},"query-input":{"@type":"PropertyValueSpecification","valueRequired":true,"valueName":"search_term_string"}}],"inLanguage":"de"},{"@type":"Person","@id":"https:\/\/www.gjh.de\/frog\/#\/schema\/person\/b8fa006520a86a3226e05402520d4f13","name":"Gr\u00fcne Jugend Hessen","image":{"@type":"ImageObject","inLanguage":"de","@id":"https:\/\/secure.gravatar.com\/avatar\/e938d46263c3d10a08350877687bfc15fd4ba70a3de2fa88ac7b3d8603f2ed56?s=96&d=mm&r=g","url":"https:\/\/secure.gravatar.com\/avatar\/e938d46263c3d10a08350877687bfc15fd4ba70a3de2fa88ac7b3d8603f2ed56?s=96&d=mm&r=g","contentUrl":"https:\/\/secure.gravatar.com\/avatar\/e938d46263c3d10a08350877687bfc15fd4ba70a3de2fa88ac7b3d8603f2ed56?s=96&d=mm&r=g","caption":"Gr\u00fcne Jugend Hessen"},"sameAs":["https:\/\/www.gjh.de"],"url":"https:\/\/www.gjh.de\/frog\/author\/admin\/"}]}},"_links":{"self":[{"href":"https:\/\/www.gjh.de\/frog\/wp-json\/wp\/v2\/posts\/8488","targetHints":{"allow":["GET"]}}],"collection":[{"href":"https:\/\/www.gjh.de\/frog\/wp-json\/wp\/v2\/posts"}],"about":[{"href":"https:\/\/www.gjh.de\/frog\/wp-json\/wp\/v2\/types\/post"}],"author":[{"embeddable":true,"href":"https:\/\/www.gjh.de\/frog\/wp-json\/wp\/v2\/users\/1"}],"replies":[{"embeddable":true,"href":"https:\/\/www.gjh.de\/frog\/wp-json\/wp\/v2\/comments?post=8488"}],"version-history":[{"count":4,"href":"https:\/\/www.gjh.de\/frog\/wp-json\/wp\/v2\/posts\/8488\/revisions"}],"predecessor-version":[{"id":8561,"href":"https:\/\/www.gjh.de\/frog\/wp-json\/wp\/v2\/posts\/8488\/revisions\/8561"}],"wp:attachment":[{"href":"https:\/\/www.gjh.de\/frog\/wp-json\/wp\/v2\/media?parent=8488"}],"wp:term":[{"taxonomy":"category","embeddable":true,"href":"https:\/\/www.gjh.de\/frog\/wp-json\/wp\/v2\/categories?post=8488"},{"taxonomy":"post_tag","embeddable":true,"href":"https:\/\/www.gjh.de\/frog\/wp-json\/wp\/v2\/tags?post=8488"}],"curies":[{"name":"wp","href":"https:\/\/api.w.org\/{rel}","templated":true}]}}