{"id":9876,"date":"2021-11-18T16:12:12","date_gmt":"2021-11-18T15:12:12","guid":{"rendered":"https:\/\/www.gjh.de\/frog\/?post_type=beschluss&#038;p=9876"},"modified":"2021-11-20T12:41:09","modified_gmt":"2021-11-20T11:41:09","slug":"lmv-november-2021-solar-auf-die-daecher","status":"publish","type":"post","link":"https:\/\/www.gjh.de\/frog\/lmv-november-2021-solar-auf-die-daecher\/","title":{"rendered":"LMV November 2021: Solar auf die D\u00e4cher!"},"content":{"rendered":"<p>Um die Energiewende zu schaffen ist es unerl\u00e4sslich die Nutzung von Solarenergie<br \/>\nschnell und effektiv auszubauen. Insbesondere auf kommunaler Ebene muss daher<br \/>\ndie M\u00f6glichkeit bestehen auf den Ausbau von Photovoltaik-Anlagen einzuwirken.<\/p>\n<p>So versucht Marburg seit 2008 mittels einer Solar-Satzung die Nutzung von<br \/>\nSolarthermie bei Neubauten, Dachsanierungen, -anbauten oder dem Austausch der<br \/>\nHeizungsanlage f\u00fcr Eigent\u00fcmer*innen vorzuschreiben. Die Rechtsgrundlage (Artikel<br \/>\n81 (2) HBO) f\u00fcr eine solche Solarsatzung nahm die hessische Landesregierung den<br \/>\nKommunen 2010 mit der Novellierung der hessischen Bauordnung.<\/p>\n<p>Damit greift das Land nicht nur in unangemessener Weise in die kommunale Hoheit<br \/>\nein, sondern verhindert Klimaschutz und bremst die Energiewende. Daher fordern<br \/>\nwir die hessische Landesregierung auf, eine hessenweite solare Baupflicht f\u00fcr<br \/>\nNeubauten sowie bei Sanierungen einzuf\u00fchren oder mindestens die rechtliche<br \/>\nGrundlage f\u00fcr kommunale Solarsatzungen zu schaffen.<\/p>\n<p>&nbsp;<\/p>\n<p><span style=\"color: #339966;\"><em>Beschlossen am 07.11.2021 auf der Landesmitgliederversammlung in Frankfurt.<\/em><\/span><\/p>\n","protected":false},"excerpt":{"rendered":"<p>Um die Energiewende zu schaffen ist es unerl\u00e4sslich die Nutzung von Solarenergie schnell und effektiv auszubauen. Insbesondere auf kommunaler Ebene muss daher die M\u00f6glichkeit bestehen auf den Ausbau von Photovoltaik-Anlagen einzuwirken. So versucht Marburg seit 2008 mittels einer Solar-Satzung die Nutzung von Solarthermie bei Neubauten, Dachsanierungen, -anbauten oder dem Austausch der Heizungsanlage f\u00fcr Eigent\u00fcmer*innen vorzuschreiben. [&hellip;]<\/p>\n","protected":false},"author":1,"featured_media":0,"comment_status":"closed","ping_status":"closed","sticky":false,"template":"","format":"standard","meta":{"footnotes":""},"categories":[234,235],"tags":[],"class_list":["post-9876","post","type-post","status-publish","format-standard","hentry","category-beschluesse","category-umwelt-energie"],"yoast_head":"<!-- This site is optimized with the Yoast SEO plugin v27.5 - https:\/\/yoast.com\/product\/yoast-seo-wordpress\/ -->\n<title>LMV November 2021: Solar auf die D\u00e4cher! - GR\u00dcNE JUGEND Hessen<\/title>\n<meta name=\"robots\" content=\"index, follow, max-snippet:-1, max-image-preview:large, max-video-preview:-1\" \/>\n<link rel=\"canonical\" href=\"https:\/\/www.gjh.de\/frog\/lmv-november-2021-solar-auf-die-daecher\/\" \/>\n<meta property=\"og:locale\" content=\"de_DE\" \/>\n<meta property=\"og:type\" content=\"article\" \/>\n<meta property=\"og:title\" content=\"LMV November 2021: Solar auf die D\u00e4cher! - GR\u00dcNE JUGEND Hessen\" \/>\n<meta property=\"og:description\" content=\"Um die Energiewende zu schaffen ist es unerl\u00e4sslich die Nutzung von Solarenergie schnell und effektiv auszubauen. Insbesondere auf kommunaler Ebene muss daher die M\u00f6glichkeit bestehen auf den Ausbau von Photovoltaik-Anlagen einzuwirken. So versucht Marburg seit 2008 mittels einer Solar-Satzung die Nutzung von Solarthermie bei Neubauten, Dachsanierungen, -anbauten oder dem Austausch der Heizungsanlage f\u00fcr Eigent\u00fcmer*innen vorzuschreiben. [&hellip;]\" \/>\n<meta property=\"og:url\" content=\"https:\/\/www.gjh.de\/frog\/lmv-november-2021-solar-auf-die-daecher\/\" \/>\n<meta property=\"og:site_name\" content=\"GR\u00dcNE JUGEND Hessen\" \/>\n<meta property=\"article:published_time\" content=\"2021-11-18T15:12:12+00:00\" \/>\n<meta property=\"article:modified_time\" content=\"2021-11-20T11:41:09+00:00\" \/>\n<meta name=\"author\" content=\"Gr\u00fcne Jugend Hessen\" \/>\n<meta name=\"twitter:card\" content=\"summary_large_image\" \/>\n<meta name=\"twitter:label1\" content=\"Verfasst von\" \/>\n\t<meta name=\"twitter:data1\" content=\"Gr\u00fcne Jugend Hessen\" \/>\n\t<meta name=\"twitter:label2\" content=\"Gesch\u00e4tzte Lesezeit\" \/>\n\t<meta name=\"twitter:data2\" content=\"1\u00a0Minute\" \/>\n<script type=\"application\/ld+json\" class=\"yoast-schema-graph\">{\"@context\":\"https:\\\/\\\/schema.org\",\"@graph\":[{\"@type\":\"Article\",\"@id\":\"https:\\\/\\\/www.gjh.de\\\/frog\\\/lmv-november-2021-solar-auf-die-daecher\\\/#article\",\"isPartOf\":{\"@id\":\"https:\\\/\\\/www.gjh.de\\\/frog\\\/lmv-november-2021-solar-auf-die-daecher\\\/\"},\"author\":{\"name\":\"Gr\u00fcne Jugend Hessen\",\"@id\":\"https:\\\/\\\/www.gjh.de\\\/frog\\\/#\\\/schema\\\/person\\\/b8fa006520a86a3226e05402520d4f13\"},\"headline\":\"LMV November 2021: Solar auf die D\u00e4cher!\",\"datePublished\":\"2021-11-18T15:12:12+00:00\",\"dateModified\":\"2021-11-20T11:41:09+00:00\",\"mainEntityOfPage\":{\"@id\":\"https:\\\/\\\/www.gjh.de\\\/frog\\\/lmv-november-2021-solar-auf-die-daecher\\\/\"},\"wordCount\":146,\"articleSection\":[\"Beschl\u00fcsse\",\"Umwelt und Energie\"],\"inLanguage\":\"de\"},{\"@type\":\"WebPage\",\"@id\":\"https:\\\/\\\/www.gjh.de\\\/frog\\\/lmv-november-2021-solar-auf-die-daecher\\\/\",\"url\":\"https:\\\/\\\/www.gjh.de\\\/frog\\\/lmv-november-2021-solar-auf-die-daecher\\\/\",\"name\":\"LMV November 2021: Solar auf die D\u00e4cher! - GR\u00dcNE JUGEND Hessen\",\"isPartOf\":{\"@id\":\"https:\\\/\\\/www.gjh.de\\\/frog\\\/#website\"},\"datePublished\":\"2021-11-18T15:12:12+00:00\",\"dateModified\":\"2021-11-20T11:41:09+00:00\",\"author\":{\"@id\":\"https:\\\/\\\/www.gjh.de\\\/frog\\\/#\\\/schema\\\/person\\\/b8fa006520a86a3226e05402520d4f13\"},\"breadcrumb\":{\"@id\":\"https:\\\/\\\/www.gjh.de\\\/frog\\\/lmv-november-2021-solar-auf-die-daecher\\\/#breadcrumb\"},\"inLanguage\":\"de\",\"potentialAction\":[{\"@type\":\"ReadAction\",\"target\":[\"https:\\\/\\\/www.gjh.de\\\/frog\\\/lmv-november-2021-solar-auf-die-daecher\\\/\"]}]},{\"@type\":\"BreadcrumbList\",\"@id\":\"https:\\\/\\\/www.gjh.de\\\/frog\\\/lmv-november-2021-solar-auf-die-daecher\\\/#breadcrumb\",\"itemListElement\":[{\"@type\":\"ListItem\",\"position\":1,\"name\":\"Startseite\",\"item\":\"https:\\\/\\\/www.gjh.de\\\/frog\\\/\"},{\"@type\":\"ListItem\",\"position\":2,\"name\":\"LMV November 2021: Solar auf die D\u00e4cher!\"}]},{\"@type\":\"WebSite\",\"@id\":\"https:\\\/\\\/www.gjh.de\\\/frog\\\/#website\",\"url\":\"https:\\\/\\\/www.gjh.de\\\/frog\\\/\",\"name\":\"GR\u00dcNE JUGEND Hessen\",\"description\":\"\",\"potentialAction\":[{\"@type\":\"SearchAction\",\"target\":{\"@type\":\"EntryPoint\",\"urlTemplate\":\"https:\\\/\\\/www.gjh.de\\\/frog\\\/?s={search_term_string}\"},\"query-input\":{\"@type\":\"PropertyValueSpecification\",\"valueRequired\":true,\"valueName\":\"search_term_string\"}}],\"inLanguage\":\"de\"},{\"@type\":\"Person\",\"@id\":\"https:\\\/\\\/www.gjh.de\\\/frog\\\/#\\\/schema\\\/person\\\/b8fa006520a86a3226e05402520d4f13\",\"name\":\"Gr\u00fcne Jugend Hessen\",\"image\":{\"@type\":\"ImageObject\",\"inLanguage\":\"de\",\"@id\":\"https:\\\/\\\/secure.gravatar.com\\\/avatar\\\/e938d46263c3d10a08350877687bfc15fd4ba70a3de2fa88ac7b3d8603f2ed56?s=96&d=mm&r=g\",\"url\":\"https:\\\/\\\/secure.gravatar.com\\\/avatar\\\/e938d46263c3d10a08350877687bfc15fd4ba70a3de2fa88ac7b3d8603f2ed56?s=96&d=mm&r=g\",\"contentUrl\":\"https:\\\/\\\/secure.gravatar.com\\\/avatar\\\/e938d46263c3d10a08350877687bfc15fd4ba70a3de2fa88ac7b3d8603f2ed56?s=96&d=mm&r=g\",\"caption\":\"Gr\u00fcne Jugend Hessen\"},\"sameAs\":[\"https:\\\/\\\/www.gjh.de\"],\"url\":\"https:\\\/\\\/www.gjh.de\\\/frog\\\/author\\\/admin\\\/\"}]}<\/script>\n<!-- \/ Yoast SEO plugin. -->","yoast_head_json":{"title":"LMV November 2021: Solar auf die D\u00e4cher! - GR\u00dcNE JUGEND Hessen","robots":{"index":"index","follow":"follow","max-snippet":"max-snippet:-1","max-image-preview":"max-image-preview:large","max-video-preview":"max-video-preview:-1"},"canonical":"https:\/\/www.gjh.de\/frog\/lmv-november-2021-solar-auf-die-daecher\/","og_locale":"de_DE","og_type":"article","og_title":"LMV November 2021: Solar auf die D\u00e4cher! - GR\u00dcNE JUGEND Hessen","og_description":"Um die Energiewende zu schaffen ist es unerl\u00e4sslich die Nutzung von Solarenergie schnell und effektiv auszubauen. Insbesondere auf kommunaler Ebene muss daher die M\u00f6glichkeit bestehen auf den Ausbau von Photovoltaik-Anlagen einzuwirken. So versucht Marburg seit 2008 mittels einer Solar-Satzung die Nutzung von Solarthermie bei Neubauten, Dachsanierungen, -anbauten oder dem Austausch der Heizungsanlage f\u00fcr Eigent\u00fcmer*innen vorzuschreiben. [&hellip;]","og_url":"https:\/\/www.gjh.de\/frog\/lmv-november-2021-solar-auf-die-daecher\/","og_site_name":"GR\u00dcNE JUGEND Hessen","article_published_time":"2021-11-18T15:12:12+00:00","article_modified_time":"2021-11-20T11:41:09+00:00","author":"Gr\u00fcne Jugend Hessen","twitter_card":"summary_large_image","twitter_misc":{"Verfasst von":"Gr\u00fcne Jugend Hessen","Gesch\u00e4tzte Lesezeit":"1\u00a0Minute"},"schema":{"@context":"https:\/\/schema.org","@graph":[{"@type":"Article","@id":"https:\/\/www.gjh.de\/frog\/lmv-november-2021-solar-auf-die-daecher\/#article","isPartOf":{"@id":"https:\/\/www.gjh.de\/frog\/lmv-november-2021-solar-auf-die-daecher\/"},"author":{"name":"Gr\u00fcne Jugend Hessen","@id":"https:\/\/www.gjh.de\/frog\/#\/schema\/person\/b8fa006520a86a3226e05402520d4f13"},"headline":"LMV November 2021: Solar auf die D\u00e4cher!","datePublished":"2021-11-18T15:12:12+00:00","dateModified":"2021-11-20T11:41:09+00:00","mainEntityOfPage":{"@id":"https:\/\/www.gjh.de\/frog\/lmv-november-2021-solar-auf-die-daecher\/"},"wordCount":146,"articleSection":["Beschl\u00fcsse","Umwelt und Energie"],"inLanguage":"de"},{"@type":"WebPage","@id":"https:\/\/www.gjh.de\/frog\/lmv-november-2021-solar-auf-die-daecher\/","url":"https:\/\/www.gjh.de\/frog\/lmv-november-2021-solar-auf-die-daecher\/","name":"LMV November 2021: Solar auf die D\u00e4cher! - GR\u00dcNE JUGEND Hessen","isPartOf":{"@id":"https:\/\/www.gjh.de\/frog\/#website"},"datePublished":"2021-11-18T15:12:12+00:00","dateModified":"2021-11-20T11:41:09+00:00","author":{"@id":"https:\/\/www.gjh.de\/frog\/#\/schema\/person\/b8fa006520a86a3226e05402520d4f13"},"breadcrumb":{"@id":"https:\/\/www.gjh.de\/frog\/lmv-november-2021-solar-auf-die-daecher\/#breadcrumb"},"inLanguage":"de","potentialAction":[{"@type":"ReadAction","target":["https:\/\/www.gjh.de\/frog\/lmv-november-2021-solar-auf-die-daecher\/"]}]},{"@type":"BreadcrumbList","@id":"https:\/\/www.gjh.de\/frog\/lmv-november-2021-solar-auf-die-daecher\/#breadcrumb","itemListElement":[{"@type":"ListItem","position":1,"name":"Startseite","item":"https:\/\/www.gjh.de\/frog\/"},{"@type":"ListItem","position":2,"name":"LMV November 2021: Solar auf die D\u00e4cher!"}]},{"@type":"WebSite","@id":"https:\/\/www.gjh.de\/frog\/#website","url":"https:\/\/www.gjh.de\/frog\/","name":"GR\u00dcNE JUGEND Hessen","description":"","potentialAction":[{"@type":"SearchAction","target":{"@type":"EntryPoint","urlTemplate":"https:\/\/www.gjh.de\/frog\/?s={search_term_string}"},"query-input":{"@type":"PropertyValueSpecification","valueRequired":true,"valueName":"search_term_string"}}],"inLanguage":"de"},{"@type":"Person","@id":"https:\/\/www.gjh.de\/frog\/#\/schema\/person\/b8fa006520a86a3226e05402520d4f13","name":"Gr\u00fcne Jugend Hessen","image":{"@type":"ImageObject","inLanguage":"de","@id":"https:\/\/secure.gravatar.com\/avatar\/e938d46263c3d10a08350877687bfc15fd4ba70a3de2fa88ac7b3d8603f2ed56?s=96&d=mm&r=g","url":"https:\/\/secure.gravatar.com\/avatar\/e938d46263c3d10a08350877687bfc15fd4ba70a3de2fa88ac7b3d8603f2ed56?s=96&d=mm&r=g","contentUrl":"https:\/\/secure.gravatar.com\/avatar\/e938d46263c3d10a08350877687bfc15fd4ba70a3de2fa88ac7b3d8603f2ed56?s=96&d=mm&r=g","caption":"Gr\u00fcne Jugend Hessen"},"sameAs":["https:\/\/www.gjh.de"],"url":"https:\/\/www.gjh.de\/frog\/author\/admin\/"}]}},"_links":{"self":[{"href":"https:\/\/www.gjh.de\/frog\/wp-json\/wp\/v2\/posts\/9876","targetHints":{"allow":["GET"]}}],"collection":[{"href":"https:\/\/www.gjh.de\/frog\/wp-json\/wp\/v2\/posts"}],"about":[{"href":"https:\/\/www.gjh.de\/frog\/wp-json\/wp\/v2\/types\/post"}],"author":[{"embeddable":true,"href":"https:\/\/www.gjh.de\/frog\/wp-json\/wp\/v2\/users\/1"}],"replies":[{"embeddable":true,"href":"https:\/\/www.gjh.de\/frog\/wp-json\/wp\/v2\/comments?post=9876"}],"version-history":[{"count":1,"href":"https:\/\/www.gjh.de\/frog\/wp-json\/wp\/v2\/posts\/9876\/revisions"}],"predecessor-version":[{"id":9878,"href":"https:\/\/www.gjh.de\/frog\/wp-json\/wp\/v2\/posts\/9876\/revisions\/9878"}],"wp:attachment":[{"href":"https:\/\/www.gjh.de\/frog\/wp-json\/wp\/v2\/media?parent=9876"}],"wp:term":[{"taxonomy":"category","embeddable":true,"href":"https:\/\/www.gjh.de\/frog\/wp-json\/wp\/v2\/categories?post=9876"},{"taxonomy":"post_tag","embeddable":true,"href":"https:\/\/www.gjh.de\/frog\/wp-json\/wp\/v2\/tags?post=9876"}],"curies":[{"name":"wp","href":"https:\/\/api.w.org\/{rel}","templated":true}]}}