{"id":9889,"date":"2021-11-18T16:22:31","date_gmt":"2021-11-18T15:22:31","guid":{"rendered":"https:\/\/www.gjh.de\/frog\/?post_type=beschluss&#038;p=9889"},"modified":"2021-11-23T10:31:05","modified_gmt":"2021-11-23T09:31:05","slug":"lmv-november-2021-ein-gesetz-zum-schutz-des-klimas","status":"publish","type":"post","link":"https:\/\/www.gjh.de\/frog\/lmv-november-2021-ein-gesetz-zum-schutz-des-klimas\/","title":{"rendered":"LMV November 2021: Ein Gesetz zum Schutz des Klimas!"},"content":{"rendered":"<p>Aus dem aktuellen Bericht des IPCC geht hervor, dass nur wenig Zeit bleibt in der wir die Treibhausgasemission senken k\u00f6nnen, wenn der Anstieg der globalen Durchschnittstemperatur auf 1,5 Grad begrenzt werden soll. Bei fortdauernden Emissionen auf heutigem Niveau w\u00e4re das deutsche CO2-Budget in weniger als neun Jahren verbraucht, bei einer linearen Reduktion rund um 2035. Es kommt also jetzt drauf an, dass Klimaschutz endlich verbindlich umgesetzt wird- auch hier in Hessen!<\/p>\n<p>Das Bundesverfassungsgericht entschied im April, dass das Klimaschutzgesetz des Bundes von 2019 bez\u00fcglich des Treibhausgas-Aussto\u00dfes ab 2031 im n\u00e4chsten Jahr dringend nachgebessert werden m\u00fcsse. Es ist ein historisches Urteil und zeigt, dass Klimaschutz ein Menschenrecht ist und die Freiheitsrechte jetziger und zuk\u00fcnftiger Menschen betrifft. Die Deutsche Umwelthilfe reichte im Nachgang des Urteils gemeinsam mit jungen Klimaaktivist*innen auch Klimaklagen gegen die H\u00e4lfte der Bundesl\u00e4nder ein. Auch gegen die hessische Landesregierung. Dies m\u00fcssen wir ernstnehmen.<br \/>\nAuch Hessen steht vor der Herausforderung der Klimakrise und hat zugleich gro\u00dfe Chancen, das Land sozial-gerecht und klimaneutral umzugestalten. Die derzeit beschlossenen Ma\u00dfnahmen \u201eIntegrierter Klimaschutzplan 2025\u201c und das \u201eMehr-Klimaschutz-Programm\u201c beginnen diesen Prozess, reichen jedoch deutlich nicht aus. Es braucht grundlegende und ambitioniertere Ma\u00dfnahmen um Hessen schnellstm\u00f6glich klimaneutral zu machen und somit den internationalen Verpflichtungen nachzukommen. Der Politik fehlt es an vielen Stellen jedoch noch am n\u00f6tigen Mut, denn oft wird die Verantwortung zu Handeln auf andere politische Ebenen geschoben anstatt gro\u00dfe Steine selbst ins Rollen zu bringen. Klimaschutz ist nicht nur Bundessache, sondern eben auch Landessache. Klimaschutz muss endlich eine zentrale Aufgabe f\u00fcr die Zukunftssicherung und f\u00fcr den Erhalt einer lebenswerten Umwelt f\u00fcr unsere Generation und f\u00fcr die k\u00fcnftigen Generationen werden. Deshalb braucht es jetzt ein 1,5 Grad konformes Gesetz zum Schutz des Klimas auf Landesebene. Nur so kann sichergestellt werden, dass wir das 1,5 Grad Ziel auf allen Ebenen einhalten k\u00f6nnen. Zudem muss der Integrierte Klimaschutzplan weiterentwickelt werden, denn ohne weitergehende Ma\u00dfnahmen werden wir keine ehrgeizigen Ziele erreichen k\u00f6nnen. Zur Transformation unserer Gesellschaft hin zur Klimaneutralit\u00e4t braucht es jetzt klare und vor allem folgerichtige Ma\u00dfnahmen, in den verschiedensten Sektoren!<br \/>\nTeurer und sozial Gef\u00e4hrlicher als Klimaschutz ist kein Klimaschutz!<br \/>\nWir solidarisieren uns als GR\u00dcNE JUGEND Hessen mit zivilgesellschaftlichen Klimagerechtigkeitsinitiativen und -aktivist*innen, die unerm\u00fcdlich gegen den Ausbau von fossiler Energie und umweltsch\u00e4dlicher Infrastruktur k\u00e4mpfen, fehlenden Klimaschutz einklagen und die Klimakrise als das zentrale Thema unserer Zeit in die Mitte des politischen Diskurses gebracht haben. Als GR\u00dcNE JUGEND Hessen sehen wir es in unserer Aufgabe, genau diesen Wandel von der Stra\u00dfe in die Parlamente zu tragen. Wir k\u00e4mpfen f\u00fcr politische und parlamentarische Mehrheiten, die strukturell tiefgreifenden Klimaschutz erzielen, damit das \u201eWeiter so\u201c der CDU endlich der Vergangenheit angeh\u00f6rt. Daf\u00fcr braucht es starke Jugend-B\u00fcndnisarbeit innerhalb und au\u00dferhalb unserer Parlamente.<br \/>\nWir als GR\u00dcNE JUGEND Hessen fordern deshalb ein 1,5 Grad konformes hessisches Gesetz zum Schutz des Klimas! Wir wollen daf\u00fcr in den intensiven Austausch mit der Landtagsfraktion und den Minister*innen gehen, um uns genau f\u00fcr diese Klimaschutzziele einzusetzen. Daneben muss die \u00f6kologische Transformation sozial gerecht einhergehen. Wir erwarten von der neuen Bundesregierung, dass sie diesen Prozess gestaltet. Hierzu haben wir umfangreiche Vorschl\u00e4ge in unserem Wahlprogramm zur Bundestagswahl, unter anderem das Energiegeld, zukunftsgerichtete Arbeitspl\u00e4tze, Weiterbildung und einen Fond f\u00fcr Investitionen in den Klimaschutz. Von der Landesregierung erwarten wir, dass sie diese Ma\u00dfnahmen in ihrem Regierungshandeln unterst\u00fctzt. F\u00fcr uns als GR\u00dcNE JUGEND Hessen ist klar: Klimaschutz ist nicht Verhandelbar!<\/p>\n<p>&nbsp;<\/p>\n<p><span style=\"color: #339966;\"><em>Beschlossen am 07.11.2021 auf der Landesmitgliederversammlung in Frankfurt<\/em><\/span><\/p>\n","protected":false},"excerpt":{"rendered":"<p>Aus dem aktuellen Bericht des IPCC geht hervor, dass nur wenig Zeit bleibt in der wir die Treibhausgasemission senken k\u00f6nnen, wenn der Anstieg der globalen Durchschnittstemperatur auf 1,5 Grad begrenzt werden soll. Bei fortdauernden Emissionen auf heutigem Niveau w\u00e4re das deutsche CO2-Budget in weniger als neun Jahren verbraucht, bei einer linearen Reduktion rund um 2035. [&hellip;]<\/p>\n","protected":false},"author":1,"featured_media":0,"comment_status":"closed","ping_status":"closed","sticky":false,"template":"","format":"standard","meta":{"footnotes":""},"categories":[234,235],"tags":[],"class_list":["post-9889","post","type-post","status-publish","format-standard","hentry","category-beschluesse","category-umwelt-energie"],"yoast_head":"<!-- This site is optimized with the Yoast SEO plugin v27.4 - https:\/\/yoast.com\/product\/yoast-seo-wordpress\/ -->\n<title>LMV November 2021: Ein Gesetz zum Schutz des Klimas! - GR\u00dcNE JUGEND Hessen<\/title>\n<meta name=\"robots\" content=\"index, follow, max-snippet:-1, max-image-preview:large, max-video-preview:-1\" \/>\n<link rel=\"canonical\" href=\"https:\/\/www.gjh.de\/frog\/lmv-november-2021-ein-gesetz-zum-schutz-des-klimas\/\" \/>\n<meta property=\"og:locale\" content=\"de_DE\" \/>\n<meta property=\"og:type\" content=\"article\" \/>\n<meta property=\"og:title\" content=\"LMV November 2021: Ein Gesetz zum Schutz des Klimas! - GR\u00dcNE JUGEND Hessen\" \/>\n<meta property=\"og:description\" content=\"Aus dem aktuellen Bericht des IPCC geht hervor, dass nur wenig Zeit bleibt in der wir die Treibhausgasemission senken k\u00f6nnen, wenn der Anstieg der globalen Durchschnittstemperatur auf 1,5 Grad begrenzt werden soll. Bei fortdauernden Emissionen auf heutigem Niveau w\u00e4re das deutsche CO2-Budget in weniger als neun Jahren verbraucht, bei einer linearen Reduktion rund um 2035. [&hellip;]\" \/>\n<meta property=\"og:url\" content=\"https:\/\/www.gjh.de\/frog\/lmv-november-2021-ein-gesetz-zum-schutz-des-klimas\/\" \/>\n<meta property=\"og:site_name\" content=\"GR\u00dcNE JUGEND Hessen\" \/>\n<meta property=\"article:published_time\" content=\"2021-11-18T15:22:31+00:00\" \/>\n<meta property=\"article:modified_time\" content=\"2021-11-23T09:31:05+00:00\" \/>\n<meta name=\"author\" content=\"Gr\u00fcne Jugend Hessen\" \/>\n<meta name=\"twitter:card\" content=\"summary_large_image\" \/>\n<meta name=\"twitter:label1\" content=\"Verfasst von\" \/>\n\t<meta name=\"twitter:data1\" content=\"Gr\u00fcne Jugend Hessen\" \/>\n\t<meta name=\"twitter:label2\" content=\"Gesch\u00e4tzte Lesezeit\" \/>\n\t<meta name=\"twitter:data2\" content=\"3\u00a0Minuten\" \/>\n<script type=\"application\/ld+json\" class=\"yoast-schema-graph\">{\"@context\":\"https:\\\/\\\/schema.org\",\"@graph\":[{\"@type\":\"Article\",\"@id\":\"https:\\\/\\\/www.gjh.de\\\/frog\\\/lmv-november-2021-ein-gesetz-zum-schutz-des-klimas\\\/#article\",\"isPartOf\":{\"@id\":\"https:\\\/\\\/www.gjh.de\\\/frog\\\/lmv-november-2021-ein-gesetz-zum-schutz-des-klimas\\\/\"},\"author\":{\"name\":\"Gr\u00fcne Jugend Hessen\",\"@id\":\"https:\\\/\\\/www.gjh.de\\\/frog\\\/#\\\/schema\\\/person\\\/b8fa006520a86a3226e05402520d4f13\"},\"headline\":\"LMV November 2021: Ein Gesetz zum Schutz des Klimas!\",\"datePublished\":\"2021-11-18T15:22:31+00:00\",\"dateModified\":\"2021-11-23T09:31:05+00:00\",\"mainEntityOfPage\":{\"@id\":\"https:\\\/\\\/www.gjh.de\\\/frog\\\/lmv-november-2021-ein-gesetz-zum-schutz-des-klimas\\\/\"},\"wordCount\":608,\"articleSection\":[\"Beschl\u00fcsse\",\"Umwelt und Energie\"],\"inLanguage\":\"de\"},{\"@type\":\"WebPage\",\"@id\":\"https:\\\/\\\/www.gjh.de\\\/frog\\\/lmv-november-2021-ein-gesetz-zum-schutz-des-klimas\\\/\",\"url\":\"https:\\\/\\\/www.gjh.de\\\/frog\\\/lmv-november-2021-ein-gesetz-zum-schutz-des-klimas\\\/\",\"name\":\"LMV November 2021: Ein Gesetz zum Schutz des Klimas! - GR\u00dcNE JUGEND Hessen\",\"isPartOf\":{\"@id\":\"https:\\\/\\\/www.gjh.de\\\/frog\\\/#website\"},\"datePublished\":\"2021-11-18T15:22:31+00:00\",\"dateModified\":\"2021-11-23T09:31:05+00:00\",\"author\":{\"@id\":\"https:\\\/\\\/www.gjh.de\\\/frog\\\/#\\\/schema\\\/person\\\/b8fa006520a86a3226e05402520d4f13\"},\"breadcrumb\":{\"@id\":\"https:\\\/\\\/www.gjh.de\\\/frog\\\/lmv-november-2021-ein-gesetz-zum-schutz-des-klimas\\\/#breadcrumb\"},\"inLanguage\":\"de\",\"potentialAction\":[{\"@type\":\"ReadAction\",\"target\":[\"https:\\\/\\\/www.gjh.de\\\/frog\\\/lmv-november-2021-ein-gesetz-zum-schutz-des-klimas\\\/\"]}]},{\"@type\":\"BreadcrumbList\",\"@id\":\"https:\\\/\\\/www.gjh.de\\\/frog\\\/lmv-november-2021-ein-gesetz-zum-schutz-des-klimas\\\/#breadcrumb\",\"itemListElement\":[{\"@type\":\"ListItem\",\"position\":1,\"name\":\"Startseite\",\"item\":\"https:\\\/\\\/www.gjh.de\\\/frog\\\/\"},{\"@type\":\"ListItem\",\"position\":2,\"name\":\"LMV November 2021: Ein Gesetz zum Schutz des Klimas!\"}]},{\"@type\":\"WebSite\",\"@id\":\"https:\\\/\\\/www.gjh.de\\\/frog\\\/#website\",\"url\":\"https:\\\/\\\/www.gjh.de\\\/frog\\\/\",\"name\":\"GR\u00dcNE JUGEND Hessen\",\"description\":\"\",\"potentialAction\":[{\"@type\":\"SearchAction\",\"target\":{\"@type\":\"EntryPoint\",\"urlTemplate\":\"https:\\\/\\\/www.gjh.de\\\/frog\\\/?s={search_term_string}\"},\"query-input\":{\"@type\":\"PropertyValueSpecification\",\"valueRequired\":true,\"valueName\":\"search_term_string\"}}],\"inLanguage\":\"de\"},{\"@type\":\"Person\",\"@id\":\"https:\\\/\\\/www.gjh.de\\\/frog\\\/#\\\/schema\\\/person\\\/b8fa006520a86a3226e05402520d4f13\",\"name\":\"Gr\u00fcne Jugend Hessen\",\"image\":{\"@type\":\"ImageObject\",\"inLanguage\":\"de\",\"@id\":\"https:\\\/\\\/secure.gravatar.com\\\/avatar\\\/e938d46263c3d10a08350877687bfc15fd4ba70a3de2fa88ac7b3d8603f2ed56?s=96&d=mm&r=g\",\"url\":\"https:\\\/\\\/secure.gravatar.com\\\/avatar\\\/e938d46263c3d10a08350877687bfc15fd4ba70a3de2fa88ac7b3d8603f2ed56?s=96&d=mm&r=g\",\"contentUrl\":\"https:\\\/\\\/secure.gravatar.com\\\/avatar\\\/e938d46263c3d10a08350877687bfc15fd4ba70a3de2fa88ac7b3d8603f2ed56?s=96&d=mm&r=g\",\"caption\":\"Gr\u00fcne Jugend Hessen\"},\"sameAs\":[\"https:\\\/\\\/www.gjh.de\"],\"url\":\"https:\\\/\\\/www.gjh.de\\\/frog\\\/author\\\/admin\\\/\"}]}<\/script>\n<!-- \/ Yoast SEO plugin. -->","yoast_head_json":{"title":"LMV November 2021: Ein Gesetz zum Schutz des Klimas! - GR\u00dcNE JUGEND Hessen","robots":{"index":"index","follow":"follow","max-snippet":"max-snippet:-1","max-image-preview":"max-image-preview:large","max-video-preview":"max-video-preview:-1"},"canonical":"https:\/\/www.gjh.de\/frog\/lmv-november-2021-ein-gesetz-zum-schutz-des-klimas\/","og_locale":"de_DE","og_type":"article","og_title":"LMV November 2021: Ein Gesetz zum Schutz des Klimas! - GR\u00dcNE JUGEND Hessen","og_description":"Aus dem aktuellen Bericht des IPCC geht hervor, dass nur wenig Zeit bleibt in der wir die Treibhausgasemission senken k\u00f6nnen, wenn der Anstieg der globalen Durchschnittstemperatur auf 1,5 Grad begrenzt werden soll. Bei fortdauernden Emissionen auf heutigem Niveau w\u00e4re das deutsche CO2-Budget in weniger als neun Jahren verbraucht, bei einer linearen Reduktion rund um 2035. [&hellip;]","og_url":"https:\/\/www.gjh.de\/frog\/lmv-november-2021-ein-gesetz-zum-schutz-des-klimas\/","og_site_name":"GR\u00dcNE JUGEND Hessen","article_published_time":"2021-11-18T15:22:31+00:00","article_modified_time":"2021-11-23T09:31:05+00:00","author":"Gr\u00fcne Jugend Hessen","twitter_card":"summary_large_image","twitter_misc":{"Verfasst von":"Gr\u00fcne Jugend Hessen","Gesch\u00e4tzte Lesezeit":"3\u00a0Minuten"},"schema":{"@context":"https:\/\/schema.org","@graph":[{"@type":"Article","@id":"https:\/\/www.gjh.de\/frog\/lmv-november-2021-ein-gesetz-zum-schutz-des-klimas\/#article","isPartOf":{"@id":"https:\/\/www.gjh.de\/frog\/lmv-november-2021-ein-gesetz-zum-schutz-des-klimas\/"},"author":{"name":"Gr\u00fcne Jugend Hessen","@id":"https:\/\/www.gjh.de\/frog\/#\/schema\/person\/b8fa006520a86a3226e05402520d4f13"},"headline":"LMV November 2021: Ein Gesetz zum Schutz des Klimas!","datePublished":"2021-11-18T15:22:31+00:00","dateModified":"2021-11-23T09:31:05+00:00","mainEntityOfPage":{"@id":"https:\/\/www.gjh.de\/frog\/lmv-november-2021-ein-gesetz-zum-schutz-des-klimas\/"},"wordCount":608,"articleSection":["Beschl\u00fcsse","Umwelt und Energie"],"inLanguage":"de"},{"@type":"WebPage","@id":"https:\/\/www.gjh.de\/frog\/lmv-november-2021-ein-gesetz-zum-schutz-des-klimas\/","url":"https:\/\/www.gjh.de\/frog\/lmv-november-2021-ein-gesetz-zum-schutz-des-klimas\/","name":"LMV November 2021: Ein Gesetz zum Schutz des Klimas! - GR\u00dcNE JUGEND Hessen","isPartOf":{"@id":"https:\/\/www.gjh.de\/frog\/#website"},"datePublished":"2021-11-18T15:22:31+00:00","dateModified":"2021-11-23T09:31:05+00:00","author":{"@id":"https:\/\/www.gjh.de\/frog\/#\/schema\/person\/b8fa006520a86a3226e05402520d4f13"},"breadcrumb":{"@id":"https:\/\/www.gjh.de\/frog\/lmv-november-2021-ein-gesetz-zum-schutz-des-klimas\/#breadcrumb"},"inLanguage":"de","potentialAction":[{"@type":"ReadAction","target":["https:\/\/www.gjh.de\/frog\/lmv-november-2021-ein-gesetz-zum-schutz-des-klimas\/"]}]},{"@type":"BreadcrumbList","@id":"https:\/\/www.gjh.de\/frog\/lmv-november-2021-ein-gesetz-zum-schutz-des-klimas\/#breadcrumb","itemListElement":[{"@type":"ListItem","position":1,"name":"Startseite","item":"https:\/\/www.gjh.de\/frog\/"},{"@type":"ListItem","position":2,"name":"LMV November 2021: Ein Gesetz zum Schutz des Klimas!"}]},{"@type":"WebSite","@id":"https:\/\/www.gjh.de\/frog\/#website","url":"https:\/\/www.gjh.de\/frog\/","name":"GR\u00dcNE JUGEND Hessen","description":"","potentialAction":[{"@type":"SearchAction","target":{"@type":"EntryPoint","urlTemplate":"https:\/\/www.gjh.de\/frog\/?s={search_term_string}"},"query-input":{"@type":"PropertyValueSpecification","valueRequired":true,"valueName":"search_term_string"}}],"inLanguage":"de"},{"@type":"Person","@id":"https:\/\/www.gjh.de\/frog\/#\/schema\/person\/b8fa006520a86a3226e05402520d4f13","name":"Gr\u00fcne Jugend Hessen","image":{"@type":"ImageObject","inLanguage":"de","@id":"https:\/\/secure.gravatar.com\/avatar\/e938d46263c3d10a08350877687bfc15fd4ba70a3de2fa88ac7b3d8603f2ed56?s=96&d=mm&r=g","url":"https:\/\/secure.gravatar.com\/avatar\/e938d46263c3d10a08350877687bfc15fd4ba70a3de2fa88ac7b3d8603f2ed56?s=96&d=mm&r=g","contentUrl":"https:\/\/secure.gravatar.com\/avatar\/e938d46263c3d10a08350877687bfc15fd4ba70a3de2fa88ac7b3d8603f2ed56?s=96&d=mm&r=g","caption":"Gr\u00fcne Jugend Hessen"},"sameAs":["https:\/\/www.gjh.de"],"url":"https:\/\/www.gjh.de\/frog\/author\/admin\/"}]}},"_links":{"self":[{"href":"https:\/\/www.gjh.de\/frog\/wp-json\/wp\/v2\/posts\/9889","targetHints":{"allow":["GET"]}}],"collection":[{"href":"https:\/\/www.gjh.de\/frog\/wp-json\/wp\/v2\/posts"}],"about":[{"href":"https:\/\/www.gjh.de\/frog\/wp-json\/wp\/v2\/types\/post"}],"author":[{"embeddable":true,"href":"https:\/\/www.gjh.de\/frog\/wp-json\/wp\/v2\/users\/1"}],"replies":[{"embeddable":true,"href":"https:\/\/www.gjh.de\/frog\/wp-json\/wp\/v2\/comments?post=9889"}],"version-history":[{"count":1,"href":"https:\/\/www.gjh.de\/frog\/wp-json\/wp\/v2\/posts\/9889\/revisions"}],"predecessor-version":[{"id":9891,"href":"https:\/\/www.gjh.de\/frog\/wp-json\/wp\/v2\/posts\/9889\/revisions\/9891"}],"wp:attachment":[{"href":"https:\/\/www.gjh.de\/frog\/wp-json\/wp\/v2\/media?parent=9889"}],"wp:term":[{"taxonomy":"category","embeddable":true,"href":"https:\/\/www.gjh.de\/frog\/wp-json\/wp\/v2\/categories?post=9889"},{"taxonomy":"post_tag","embeddable":true,"href":"https:\/\/www.gjh.de\/frog\/wp-json\/wp\/v2\/tags?post=9889"}],"curies":[{"name":"wp","href":"https:\/\/api.w.org\/{rel}","templated":true}]}}