{"id":9898,"date":"2021-11-18T16:29:49","date_gmt":"2021-11-18T15:29:49","guid":{"rendered":"https:\/\/www.gjh.de\/frog\/?post_type=beschluss&#038;p=9898"},"modified":"2021-11-20T11:57:48","modified_gmt":"2021-11-20T10:57:48","slug":"lmv-november-2021-abschiebegefaengnisse-haft-ohne-straftat","status":"publish","type":"post","link":"https:\/\/www.gjh.de\/frog\/lmv-november-2021-abschiebegefaengnisse-haft-ohne-straftat\/","title":{"rendered":"LMV November 2021: Abschiebegef\u00e4ngnisse &#8211; Haft ohne Straftat!"},"content":{"rendered":"<p>Der Begriff \u00bbHaft\u00ab wird mit Kriminalit\u00e4t und Straftaten assoziiert. Aber Menschen in Abschiebungshaft sind weder verurteilte Straft\u00e4ter*innen noch werden<br \/>\nsie einer Straftat verd\u00e4chtigt \u2013 dennoch werden sie bis zu 18 Monate eingesperrt. Ihr einziges \u201cVergehen\u201d: Sie sind Ausl\u00e4nder*innen, vollziehbar<br \/>\nausreisepflichtig und Beh\u00f6rden und Gerichte f\u00fcrchten, dass sie sich ihrer bevorstehenden Abschiebung entziehen k\u00f6nnten, wenn ihnen nicht selbst die<br \/>\nFreiheit entzogen wird. Aber Menschen, die in Deutschland Asyl beantragen, haben nichts verbrochen. Damit besteht keine Grundlage, Menschen in<br \/>\nAbschiebegef\u00e4ngnisse zu stecken, sie damit potentiell zu retraumatisieren und ihnen ihr Grundrecht auf Bewegungsfreiheit zu nehmen.<\/p>\n<p>Menschen k\u00f6nnen nach \u00a762 Aufenthaltsgesetz (Gesetz \u00fcber den Aufenthalt, die Erwerbst\u00e4tigkeit und die Integration von Ausl\u00e4ndern im Bundesgebiet \u2013 AufenthG)<br \/>\nunter gewissen Bedingungen als Sicherung oder Vorbereitung der Abschiebung in Abschiebungshaft genommen werden. Straff\u00e4lligkeit ist keine Bedingung f\u00fcr die<br \/>\nAnordnung von Abschiebungshaft, denn diese diene laut hessischer Landesregierung alleine der Sicherung der Ausreise. Weil Abschiebungshaft keine Strafhaft ist<br \/>\nund von den Gefangenen keine Gef\u00e4hrdung f\u00fcr die Gesellschaft ausgehe, enth\u00e4lt die EU-R\u00fcckf\u00fchrungsrichtlinie u.a. ein striktes Trennungsgebot von Straf- und<br \/>\nAbschiebungshaft. Deswegen m\u00fcssen separate Abschiebungshafteinrichtungen gebaut werden und Betroffene d\u00fcrfen nicht mit Strafgefangenen unter einem Dach<br \/>\nuntergebracht werden. Die EU-Richtlinie l\u00e4sst unter bestimmten Bedingungen Abschiebungshaft zu, schreibt sie aber nicht vor. Das deutsche Aufenthaltsgesetz<br \/>\ndagegen schreibt die Haftanordnung in bestimmten F\u00e4llen vor.<\/p>\n<p>In Hessen werden Betroffene in der Abschiebungshafteinrichtung Darmstadt-Eberstadt untergebracht. Die Kapazit\u00e4ten dort wurden im Jahr 2021 von 20 auf 80<br \/>\nPl\u00e4tze vervierfacht. Damit steht Hessen neben Bayern und Nordrhein-Westfalen an der Spitze im Bundesgebiet. Der Ausbau der Abschiebehafteinrichtung wird nach<br \/>\nEinsch\u00e4tzungen des Hessischen Fl\u00fcchtlingsrates dazu f\u00fchren, dass Ausl\u00e4nderbeh\u00f6rden immer h\u00e4ufiger Haft beantragen werden.<\/p>\n<p>Die Haftbedingungen in Abschiebegef\u00e4ngnissen in Deutschland sind h\u00e4ufig schlecht, vor allem die medizinische und psychotherapeutische Versorgung. Die<br \/>\nUngewissheit, wie lang die Haft dauert, ist f\u00fcr die Betroffenen extrem belastend. Entgegen dem von der hessischen Landesregierung formulierten<br \/>\nGrundsatz \u201eNormales Leben minus Freiheit\u201c bleibt der Gef\u00e4ngnischarakter der Haft: In Darmstadt werden nach Aussagen des hessischen Fl\u00fcchtlingsrates die<br \/>\nInhaftierten nachts in Zellen eingeschlossen, der Hofgang beschr\u00e4nkt und auf einen kleinen Platz, der mit hohen Gittern und Doppelstacheldraht gesichert ist,<br \/>\nreduziert. Von der Kleiderordnung \u00fcber pers\u00f6nlichen Besitz bis hin zu Ausgang und Besuchszeiten ist der Alltag der Inhaftierten im hessischen Gesetz \u00fcber den<br \/>\nVollzug ausl\u00e4nderrechtlicher Freiheitsentziehungsma\u00dfnahmen (VaFG) geregelt.<\/p>\n<p>In diesen Abschiebehafteinrichtungen haben die Inhaftierten theoretisch noch die M\u00f6glichkeit, juristisch gegen ihre Abschiebung und ihre Haft vorzugehen. Das<br \/>\ngelingt aber nur den wenigsten. Der Zugang zu unabh\u00e4ngiger Rechtsberatung ist entscheidend, denn vielfach wird die Abschiebungshaft rechtswidrig angeordnet.<br \/>\nDieser wird aber h\u00e4ufig nicht gew\u00e4hrleistet. Berichte von Anw\u00e4lt*innen, wie z.B. von Peter Fahlbusch, lassen zudem eine hohe Fehlerquote bei der Anordnung von<br \/>\nAbschiebungshaft vermuten.<\/p>\n<p>Wir fordern:<\/p>\n<ol>\n<li>das Abschiebegef\u00e4ngnis in Darmstadt-Eberstadt so bald wie m\u00f6glich zu schlie\u00dfen<\/li>\n<li>die Landesregierung soll sich im Rahmen ihrer M\u00f6glichkeiten f\u00fcr eine \u00c4nderung des \u00a762 Aufenthaltsgesetzes hin zu einer Abkehr von der Ma\u00dfnahme<br \/>\nAbschiebungshaft einsetzen<\/li>\n<li>Solange die Abschiebungshaft noch fortbesteht, muss den Betroffenen unverz\u00fcglich nach der Inhaftnahme ein kostenloser rechtlicher Beistand<br \/>\nihrer Wahl gew\u00e4hrt werden<\/li>\n<\/ol>\n<p>&nbsp;<\/p>\n<p><span style=\"color: #339966;\"><em>Beschlossen am 07.11.2021 auf der Landesmitgliederversammlung in Frankfurt.<\/em><\/span><\/p>\n","protected":false},"excerpt":{"rendered":"<p>Der Begriff \u00bbHaft\u00ab wird mit Kriminalit\u00e4t und Straftaten assoziiert. Aber Menschen in Abschiebungshaft sind weder verurteilte Straft\u00e4ter*innen noch werden sie einer Straftat verd\u00e4chtigt \u2013 dennoch werden sie bis zu 18 Monate eingesperrt. Ihr einziges \u201cVergehen\u201d: Sie sind Ausl\u00e4nder*innen, vollziehbar ausreisepflichtig und Beh\u00f6rden und Gerichte f\u00fcrchten, dass sie sich ihrer bevorstehenden Abschiebung entziehen k\u00f6nnten, wenn ihnen [&hellip;]<\/p>\n","protected":false},"author":1,"featured_media":0,"comment_status":"closed","ping_status":"closed","sticky":false,"template":"","format":"standard","meta":{"footnotes":""},"categories":[234,241],"tags":[],"class_list":["post-9898","post","type-post","status-publish","format-standard","hentry","category-beschluesse","category-flucht-und-asyl"],"yoast_head":"<!-- This site is optimized with the Yoast SEO plugin v27.4 - https:\/\/yoast.com\/product\/yoast-seo-wordpress\/ -->\n<title>LMV November 2021: Abschiebegef\u00e4ngnisse - Haft ohne Straftat! - GR\u00dcNE JUGEND Hessen<\/title>\n<meta name=\"robots\" content=\"index, follow, max-snippet:-1, max-image-preview:large, max-video-preview:-1\" \/>\n<link rel=\"canonical\" href=\"https:\/\/www.gjh.de\/frog\/lmv-november-2021-abschiebegefaengnisse-haft-ohne-straftat\/\" \/>\n<meta property=\"og:locale\" content=\"de_DE\" \/>\n<meta property=\"og:type\" content=\"article\" \/>\n<meta property=\"og:title\" content=\"LMV November 2021: Abschiebegef\u00e4ngnisse - Haft ohne Straftat! - GR\u00dcNE JUGEND Hessen\" \/>\n<meta property=\"og:description\" content=\"Der Begriff \u00bbHaft\u00ab wird mit Kriminalit\u00e4t und Straftaten assoziiert. Aber Menschen in Abschiebungshaft sind weder verurteilte Straft\u00e4ter*innen noch werden sie einer Straftat verd\u00e4chtigt \u2013 dennoch werden sie bis zu 18 Monate eingesperrt. Ihr einziges \u201cVergehen\u201d: Sie sind Ausl\u00e4nder*innen, vollziehbar ausreisepflichtig und Beh\u00f6rden und Gerichte f\u00fcrchten, dass sie sich ihrer bevorstehenden Abschiebung entziehen k\u00f6nnten, wenn ihnen [&hellip;]\" \/>\n<meta property=\"og:url\" content=\"https:\/\/www.gjh.de\/frog\/lmv-november-2021-abschiebegefaengnisse-haft-ohne-straftat\/\" \/>\n<meta property=\"og:site_name\" content=\"GR\u00dcNE JUGEND Hessen\" \/>\n<meta property=\"article:published_time\" content=\"2021-11-18T15:29:49+00:00\" \/>\n<meta property=\"article:modified_time\" content=\"2021-11-20T10:57:48+00:00\" \/>\n<meta name=\"author\" content=\"Gr\u00fcne Jugend Hessen\" \/>\n<meta name=\"twitter:card\" content=\"summary_large_image\" \/>\n<meta name=\"twitter:label1\" content=\"Verfasst von\" \/>\n\t<meta name=\"twitter:data1\" content=\"Gr\u00fcne Jugend Hessen\" \/>\n\t<meta name=\"twitter:label2\" content=\"Gesch\u00e4tzte Lesezeit\" \/>\n\t<meta name=\"twitter:data2\" content=\"3\u00a0Minuten\" \/>\n<script type=\"application\/ld+json\" class=\"yoast-schema-graph\">{\"@context\":\"https:\\\/\\\/schema.org\",\"@graph\":[{\"@type\":\"Article\",\"@id\":\"https:\\\/\\\/www.gjh.de\\\/frog\\\/lmv-november-2021-abschiebegefaengnisse-haft-ohne-straftat\\\/#article\",\"isPartOf\":{\"@id\":\"https:\\\/\\\/www.gjh.de\\\/frog\\\/lmv-november-2021-abschiebegefaengnisse-haft-ohne-straftat\\\/\"},\"author\":{\"name\":\"Gr\u00fcne Jugend Hessen\",\"@id\":\"https:\\\/\\\/www.gjh.de\\\/frog\\\/#\\\/schema\\\/person\\\/b8fa006520a86a3226e05402520d4f13\"},\"headline\":\"LMV November 2021: Abschiebegef\u00e4ngnisse &#8211; Haft ohne Straftat!\",\"datePublished\":\"2021-11-18T15:29:49+00:00\",\"dateModified\":\"2021-11-20T10:57:48+00:00\",\"mainEntityOfPage\":{\"@id\":\"https:\\\/\\\/www.gjh.de\\\/frog\\\/lmv-november-2021-abschiebegefaengnisse-haft-ohne-straftat\\\/\"},\"wordCount\":553,\"articleSection\":[\"Beschl\u00fcsse\",\"Flucht und Asyl\"],\"inLanguage\":\"de\"},{\"@type\":\"WebPage\",\"@id\":\"https:\\\/\\\/www.gjh.de\\\/frog\\\/lmv-november-2021-abschiebegefaengnisse-haft-ohne-straftat\\\/\",\"url\":\"https:\\\/\\\/www.gjh.de\\\/frog\\\/lmv-november-2021-abschiebegefaengnisse-haft-ohne-straftat\\\/\",\"name\":\"LMV November 2021: Abschiebegef\u00e4ngnisse - Haft ohne Straftat! - GR\u00dcNE JUGEND Hessen\",\"isPartOf\":{\"@id\":\"https:\\\/\\\/www.gjh.de\\\/frog\\\/#website\"},\"datePublished\":\"2021-11-18T15:29:49+00:00\",\"dateModified\":\"2021-11-20T10:57:48+00:00\",\"author\":{\"@id\":\"https:\\\/\\\/www.gjh.de\\\/frog\\\/#\\\/schema\\\/person\\\/b8fa006520a86a3226e05402520d4f13\"},\"breadcrumb\":{\"@id\":\"https:\\\/\\\/www.gjh.de\\\/frog\\\/lmv-november-2021-abschiebegefaengnisse-haft-ohne-straftat\\\/#breadcrumb\"},\"inLanguage\":\"de\",\"potentialAction\":[{\"@type\":\"ReadAction\",\"target\":[\"https:\\\/\\\/www.gjh.de\\\/frog\\\/lmv-november-2021-abschiebegefaengnisse-haft-ohne-straftat\\\/\"]}]},{\"@type\":\"BreadcrumbList\",\"@id\":\"https:\\\/\\\/www.gjh.de\\\/frog\\\/lmv-november-2021-abschiebegefaengnisse-haft-ohne-straftat\\\/#breadcrumb\",\"itemListElement\":[{\"@type\":\"ListItem\",\"position\":1,\"name\":\"Startseite\",\"item\":\"https:\\\/\\\/www.gjh.de\\\/frog\\\/\"},{\"@type\":\"ListItem\",\"position\":2,\"name\":\"LMV November 2021: Abschiebegef\u00e4ngnisse &#8211; Haft ohne Straftat!\"}]},{\"@type\":\"WebSite\",\"@id\":\"https:\\\/\\\/www.gjh.de\\\/frog\\\/#website\",\"url\":\"https:\\\/\\\/www.gjh.de\\\/frog\\\/\",\"name\":\"GR\u00dcNE JUGEND Hessen\",\"description\":\"\",\"potentialAction\":[{\"@type\":\"SearchAction\",\"target\":{\"@type\":\"EntryPoint\",\"urlTemplate\":\"https:\\\/\\\/www.gjh.de\\\/frog\\\/?s={search_term_string}\"},\"query-input\":{\"@type\":\"PropertyValueSpecification\",\"valueRequired\":true,\"valueName\":\"search_term_string\"}}],\"inLanguage\":\"de\"},{\"@type\":\"Person\",\"@id\":\"https:\\\/\\\/www.gjh.de\\\/frog\\\/#\\\/schema\\\/person\\\/b8fa006520a86a3226e05402520d4f13\",\"name\":\"Gr\u00fcne Jugend Hessen\",\"image\":{\"@type\":\"ImageObject\",\"inLanguage\":\"de\",\"@id\":\"https:\\\/\\\/secure.gravatar.com\\\/avatar\\\/e938d46263c3d10a08350877687bfc15fd4ba70a3de2fa88ac7b3d8603f2ed56?s=96&d=mm&r=g\",\"url\":\"https:\\\/\\\/secure.gravatar.com\\\/avatar\\\/e938d46263c3d10a08350877687bfc15fd4ba70a3de2fa88ac7b3d8603f2ed56?s=96&d=mm&r=g\",\"contentUrl\":\"https:\\\/\\\/secure.gravatar.com\\\/avatar\\\/e938d46263c3d10a08350877687bfc15fd4ba70a3de2fa88ac7b3d8603f2ed56?s=96&d=mm&r=g\",\"caption\":\"Gr\u00fcne Jugend Hessen\"},\"sameAs\":[\"https:\\\/\\\/www.gjh.de\"],\"url\":\"https:\\\/\\\/www.gjh.de\\\/frog\\\/author\\\/admin\\\/\"}]}<\/script>\n<!-- \/ Yoast SEO plugin. -->","yoast_head_json":{"title":"LMV November 2021: Abschiebegef\u00e4ngnisse - Haft ohne Straftat! - GR\u00dcNE JUGEND Hessen","robots":{"index":"index","follow":"follow","max-snippet":"max-snippet:-1","max-image-preview":"max-image-preview:large","max-video-preview":"max-video-preview:-1"},"canonical":"https:\/\/www.gjh.de\/frog\/lmv-november-2021-abschiebegefaengnisse-haft-ohne-straftat\/","og_locale":"de_DE","og_type":"article","og_title":"LMV November 2021: Abschiebegef\u00e4ngnisse - Haft ohne Straftat! - GR\u00dcNE JUGEND Hessen","og_description":"Der Begriff \u00bbHaft\u00ab wird mit Kriminalit\u00e4t und Straftaten assoziiert. Aber Menschen in Abschiebungshaft sind weder verurteilte Straft\u00e4ter*innen noch werden sie einer Straftat verd\u00e4chtigt \u2013 dennoch werden sie bis zu 18 Monate eingesperrt. Ihr einziges \u201cVergehen\u201d: Sie sind Ausl\u00e4nder*innen, vollziehbar ausreisepflichtig und Beh\u00f6rden und Gerichte f\u00fcrchten, dass sie sich ihrer bevorstehenden Abschiebung entziehen k\u00f6nnten, wenn ihnen [&hellip;]","og_url":"https:\/\/www.gjh.de\/frog\/lmv-november-2021-abschiebegefaengnisse-haft-ohne-straftat\/","og_site_name":"GR\u00dcNE JUGEND Hessen","article_published_time":"2021-11-18T15:29:49+00:00","article_modified_time":"2021-11-20T10:57:48+00:00","author":"Gr\u00fcne Jugend Hessen","twitter_card":"summary_large_image","twitter_misc":{"Verfasst von":"Gr\u00fcne Jugend Hessen","Gesch\u00e4tzte Lesezeit":"3\u00a0Minuten"},"schema":{"@context":"https:\/\/schema.org","@graph":[{"@type":"Article","@id":"https:\/\/www.gjh.de\/frog\/lmv-november-2021-abschiebegefaengnisse-haft-ohne-straftat\/#article","isPartOf":{"@id":"https:\/\/www.gjh.de\/frog\/lmv-november-2021-abschiebegefaengnisse-haft-ohne-straftat\/"},"author":{"name":"Gr\u00fcne Jugend Hessen","@id":"https:\/\/www.gjh.de\/frog\/#\/schema\/person\/b8fa006520a86a3226e05402520d4f13"},"headline":"LMV November 2021: Abschiebegef\u00e4ngnisse &#8211; Haft ohne Straftat!","datePublished":"2021-11-18T15:29:49+00:00","dateModified":"2021-11-20T10:57:48+00:00","mainEntityOfPage":{"@id":"https:\/\/www.gjh.de\/frog\/lmv-november-2021-abschiebegefaengnisse-haft-ohne-straftat\/"},"wordCount":553,"articleSection":["Beschl\u00fcsse","Flucht und Asyl"],"inLanguage":"de"},{"@type":"WebPage","@id":"https:\/\/www.gjh.de\/frog\/lmv-november-2021-abschiebegefaengnisse-haft-ohne-straftat\/","url":"https:\/\/www.gjh.de\/frog\/lmv-november-2021-abschiebegefaengnisse-haft-ohne-straftat\/","name":"LMV November 2021: Abschiebegef\u00e4ngnisse - Haft ohne Straftat! - GR\u00dcNE JUGEND Hessen","isPartOf":{"@id":"https:\/\/www.gjh.de\/frog\/#website"},"datePublished":"2021-11-18T15:29:49+00:00","dateModified":"2021-11-20T10:57:48+00:00","author":{"@id":"https:\/\/www.gjh.de\/frog\/#\/schema\/person\/b8fa006520a86a3226e05402520d4f13"},"breadcrumb":{"@id":"https:\/\/www.gjh.de\/frog\/lmv-november-2021-abschiebegefaengnisse-haft-ohne-straftat\/#breadcrumb"},"inLanguage":"de","potentialAction":[{"@type":"ReadAction","target":["https:\/\/www.gjh.de\/frog\/lmv-november-2021-abschiebegefaengnisse-haft-ohne-straftat\/"]}]},{"@type":"BreadcrumbList","@id":"https:\/\/www.gjh.de\/frog\/lmv-november-2021-abschiebegefaengnisse-haft-ohne-straftat\/#breadcrumb","itemListElement":[{"@type":"ListItem","position":1,"name":"Startseite","item":"https:\/\/www.gjh.de\/frog\/"},{"@type":"ListItem","position":2,"name":"LMV November 2021: Abschiebegef\u00e4ngnisse &#8211; Haft ohne Straftat!"}]},{"@type":"WebSite","@id":"https:\/\/www.gjh.de\/frog\/#website","url":"https:\/\/www.gjh.de\/frog\/","name":"GR\u00dcNE JUGEND Hessen","description":"","potentialAction":[{"@type":"SearchAction","target":{"@type":"EntryPoint","urlTemplate":"https:\/\/www.gjh.de\/frog\/?s={search_term_string}"},"query-input":{"@type":"PropertyValueSpecification","valueRequired":true,"valueName":"search_term_string"}}],"inLanguage":"de"},{"@type":"Person","@id":"https:\/\/www.gjh.de\/frog\/#\/schema\/person\/b8fa006520a86a3226e05402520d4f13","name":"Gr\u00fcne Jugend Hessen","image":{"@type":"ImageObject","inLanguage":"de","@id":"https:\/\/secure.gravatar.com\/avatar\/e938d46263c3d10a08350877687bfc15fd4ba70a3de2fa88ac7b3d8603f2ed56?s=96&d=mm&r=g","url":"https:\/\/secure.gravatar.com\/avatar\/e938d46263c3d10a08350877687bfc15fd4ba70a3de2fa88ac7b3d8603f2ed56?s=96&d=mm&r=g","contentUrl":"https:\/\/secure.gravatar.com\/avatar\/e938d46263c3d10a08350877687bfc15fd4ba70a3de2fa88ac7b3d8603f2ed56?s=96&d=mm&r=g","caption":"Gr\u00fcne Jugend Hessen"},"sameAs":["https:\/\/www.gjh.de"],"url":"https:\/\/www.gjh.de\/frog\/author\/admin\/"}]}},"_links":{"self":[{"href":"https:\/\/www.gjh.de\/frog\/wp-json\/wp\/v2\/posts\/9898","targetHints":{"allow":["GET"]}}],"collection":[{"href":"https:\/\/www.gjh.de\/frog\/wp-json\/wp\/v2\/posts"}],"about":[{"href":"https:\/\/www.gjh.de\/frog\/wp-json\/wp\/v2\/types\/post"}],"author":[{"embeddable":true,"href":"https:\/\/www.gjh.de\/frog\/wp-json\/wp\/v2\/users\/1"}],"replies":[{"embeddable":true,"href":"https:\/\/www.gjh.de\/frog\/wp-json\/wp\/v2\/comments?post=9898"}],"version-history":[{"count":1,"href":"https:\/\/www.gjh.de\/frog\/wp-json\/wp\/v2\/posts\/9898\/revisions"}],"predecessor-version":[{"id":9900,"href":"https:\/\/www.gjh.de\/frog\/wp-json\/wp\/v2\/posts\/9898\/revisions\/9900"}],"wp:attachment":[{"href":"https:\/\/www.gjh.de\/frog\/wp-json\/wp\/v2\/media?parent=9898"}],"wp:term":[{"taxonomy":"category","embeddable":true,"href":"https:\/\/www.gjh.de\/frog\/wp-json\/wp\/v2\/categories?post=9898"},{"taxonomy":"post_tag","embeddable":true,"href":"https:\/\/www.gjh.de\/frog\/wp-json\/wp\/v2\/tags?post=9898"}],"curies":[{"name":"wp","href":"https:\/\/api.w.org\/{rel}","templated":true}]}}